{"id":30989,"date":"2024-06-14T13:54:11","date_gmt":"2024-06-14T10:54:11","guid":{"rendered":"http:\/\/akdenizolaygazetesi.com\/?p=30989"},"modified":"2024-06-14T13:54:11","modified_gmt":"2024-06-14T10:54:11","slug":"baskan-secerden-kurban-bayrami-mesaji-2","status":"publish","type":"post","link":"https:\/\/akdenizolaygazetesi.com\/?p=30989","title":{"rendered":"BA\u015eKAN SE\u00c7ER&#8217;DEN KURBAN BAYRAMI MESAJI"},"content":{"rendered":"<p>Mersin B\u00fcy\u00fck\u015fehir Belediye Ba\u015fkan\u0131 Vahap Se\u00e7er, Kurban Bayram\u0131 dolay\u0131s\u0131yla bir mesaj yay\u0131nlad\u0131. Ba\u015fkan Se\u00e7er, mesaj\u0131nda \u015fu ifadelere yer verdi:<\/p>\n<p>&#8220;Birlik, beraberlik ve karde\u015fli\u011fimizin daha da g\u00fc\u00e7lendi\u011fi, ihtiya\u00e7 sahibi vatanda\u015flar\u0131m\u0131zla dayan\u0131\u015fman\u0131n, yard\u0131mla\u015fman\u0131n ve payla\u015fman\u0131n \u00f6nemini hat\u0131rlad\u0131\u011f\u0131m\u0131z bir Kurban Bayram\u0131&#8217;na daha kavu\u015fman\u0131n sevincini ya\u015f\u0131yoruz.<\/p>\n<p>G\u00f6reve geldi\u011fimiz g\u00fcnden bug\u00fcne y\u00fczy\u0131llard\u0131r ho\u015fg\u00f6r\u00fc ve bar\u0131\u015f\u0131n be\u015fi\u011fi olan, zengin tarihi ve k\u00fclt\u00fcrel mirasa sahip g\u00fczel kentimizin geli\u015fmesi ve kalk\u0131nmas\u0131 i\u00e7in var g\u00fcc\u00fcm\u00fczle \u00e7al\u0131\u015f\u0131yoruz. Mersin halk\u0131n\u0131n deste\u011fiyle g\u00f6reve yeniden se\u00e7ilmenin mutlulu\u011fu ve heyecan\u0131yla, yeni g\u00f6rev d\u00f6nemimizde de \u00e7al\u0131\u015fmalar\u0131m\u0131z\u0131 h\u0131z kesmeden s\u00fcrd\u00fcrece\u011fiz.<\/p>\n<p>Mersin B\u00fcy\u00fck\u015fehir Belediyesi olarak hem bayram \u00f6ncesi yapt\u0131\u011f\u0131m\u0131z haz\u0131rl\u0131klarla hem de bayram s\u00fcresince y\u00fcr\u00fctece\u011fimiz \u00e7al\u0131\u015fmalarla t\u00fcm Mersinlilerin huzurlu bir bayram ge\u00e7irmesi i\u00e7in gerekli tedbirleri ald\u0131k. Bayram boyunca g\u00f6revimizin ba\u015f\u0131nda, sizlerin hizmetinde olaca\u011f\u0131z.<\/p>\n<p>Bu duygu ve d\u00fc\u015f\u00fcncelerle t\u00fcm hem\u015fehrilerime sa\u011fl\u0131k, mutluluk ve esenlik dolu bir bayram temenni ediyorum. Bayram\u0131n, Mersin&#8217;e \u00fclkemize ve t\u00fcm insanl\u0131\u011fa bar\u0131\u015f, karde\u015flik ve huzur getirmesi dile\u011fiyle, Kurban Bayram\u0131n\u0131z\u0131 kutluyorum.<\/p>\n<p>Sevgi ve sayg\u0131lar\u0131mla.&#8221;<\/p>\n","protected":false},"excerpt":{"rendered":"<p>Mersin B\u00fcy\u00fck\u015fehir Belediye Ba\u015fkan\u0131 Vahap Se\u00e7er, Kurban Bayram\u0131 dolay\u0131s\u0131yla bir mesaj yay\u0131nlad\u0131. Ba\u015fkan Se\u00e7er, mesaj\u0131nda \u015fu ifadelere yer verdi: &#8220;Birlik, beraberlik ve karde\u015fli\u011fimizin daha da g\u00fc\u00e7lendi\u011fi, ihtiya\u00e7 sahibi vatanda\u015flar\u0131m\u0131zla dayan\u0131\u015fman\u0131n, &hellip; <a href=\"https:\/\/akdenizolaygazetesi.com\/?p=30989\" class=\"more-link\">Devam\u0131n\u0131 Oku&#8230;<\/a><\/p>\n","protected":false},"author":2,"featured_media":30990,"comment_status":"open","ping_status":"open","sticky":false,"template":"","format":"standard","meta":[],"categories":[1,2,3],"tags":[],"_links":{"self":[{"href":"https:\/\/akdenizolaygazetesi.com\/index.php?rest_route=\/wp\/v2\/posts\/30989"}],"collection":[{"href":"https:\/\/akdenizolaygazetesi.com\/index.php?rest_route=\/wp\/v2\/posts"}],"about":[{"href":"https:\/\/akdenizolaygazetesi.com\/index.php?rest_route=\/wp\/v2\/types\/post"}],"author":[{"embeddable":true,"href":"https:\/\/akdenizolaygazetesi.com\/index.php?rest_route=\/wp\/v2\/users\/2"}],"replies":[{"embeddable":true,"href":"https:\/\/akdenizolaygazetesi.com\/index.php?rest_route=%2Fwp%2Fv2%2Fcomments&post=30989"}],"version-history":[{"count":1,"href":"https:\/\/akdenizolaygazetesi.com\/index.php?rest_route=\/wp\/v2\/posts\/30989\/revisions"}],"predecessor-version":[{"id":30991,"href":"https:\/\/akdenizolaygazetesi.com\/index.php?rest_route=\/wp\/v2\/posts\/30989\/revisions\/30991"}],"wp:featuredmedia":[{"embeddable":true,"href":"https:\/\/akdenizolaygazetesi.com\/index.php?rest_route=\/wp\/v2\/media\/30990"}],"wp:attachment":[{"href":"https:\/\/akdenizolaygazetesi.com\/index.php?rest_route=%2Fwp%2Fv2%2Fmedia&parent=30989"}],"wp:term":[{"taxonomy":"category","embeddable":true,"href":"https:\/\/akdenizolaygazetesi.com\/index.php?rest_route=%2Fwp%2Fv2%2Fcategories&post=30989"},{"taxonomy":"post_tag","embeddable":true,"href":"https:\/\/akdenizolaygazetesi.com\/index.php?rest_route=%2Fwp%2Fv2%2Ftags&post=30989"}],"curies":[{"name":"wp","href":"https:\/\/api.w.org\/{rel}","templated":true}]}}