{"id":30992,"date":"2024-06-14T14:52:09","date_gmt":"2024-06-14T11:52:09","guid":{"rendered":"http:\/\/akdenizolaygazetesi.com\/?p=30992"},"modified":"2024-06-14T14:52:09","modified_gmt":"2024-06-14T11:52:09","slug":"baskan-secer-jandarma-genel-komutanliginin-185-kurulus-yil-donumu-dolayisiyla-duzenlenen-programa-katildi-jandarma-185-yasinda","status":"publish","type":"post","link":"https:\/\/akdenizolaygazetesi.com\/?p=30992","title":{"rendered":"BA\u015eKAN SE\u00c7ER, JANDARMA GENEL KOMUTANLI\u011eI&#8217;NIN 185. KURULU\u015e YIL D\u00d6N\u00dcM\u00dc DOLAYISIYLA D\u00dcZENLENEN PROGRAMA KATILDI JANDARMA 185 YA\u015eINDA"},"content":{"rendered":"<p>Mersin B\u00fcy\u00fck\u015fehir Belediye Ba\u015fkan\u0131 Vahap Se\u00e7er, Jandarma Genel Komutanl\u0131\u011f\u0131&#8217;n\u0131n 185. Kurulu\u015f Y\u0131l D\u00f6n\u00fcm\u00fc dolay\u0131s\u0131yla, Mersin \u0130l Jandarma Komutanl\u0131\u011f\u0131 taraf\u0131ndan d\u00fczenlenen kutlama t\u00f6renine kat\u0131ld\u0131.<\/p>\n<p>Mersin B\u00fcy\u00fck\u015fehir Belediye Ba\u015fkan\u0131 Vahap Se\u00e7er, Jandarma Genel Komutanl\u0131\u011f\u0131&#8217;n\u0131n 185. Kurulu\u015f Y\u0131l D\u00f6n\u00fcm\u00fc dolay\u0131s\u0131yla, Mersin \u0130l Jandarma Komutanl\u0131\u011f\u0131 taraf\u0131ndan d\u00fczenlenen kutlama t\u00f6renine kat\u0131ld\u0131.<\/p>\n<p>Mersin K\u00fclt\u00fcr Merkezi&#8217;nde d\u00fczenlenen programa; Mersin Valisi Ali Hamza Pehlivan, Mersin B\u00fcy\u00fck\u015fehir Belediye Ba\u015fkan\u0131 Vahap Se\u00e7er, Mersin \u0130l Jandarma Komutan\u0131 Tu\u011fgeneral Ercan Atasoy, Akdeniz B\u00f6lge ve Garnizon Komutan Vekili Deniz Albay Zafer \u00c7elik, Cumhuriyet Halk Partisi (CHP) Mersin Milletvekilleri G\u00fclcan K\u0131\u015f, Talat Din\u00e7er ve Hasan Ufuk \u00c7ak\u0131r, kent protokol\u00fc, Meclis \u00fcyeleri, \u015fehit ve gazi aileleri ile gaziler ve jandarma te\u015fkilat\u0131 kat\u0131l\u0131m sa\u011flad\u0131.<\/p>\n<p>Sayg\u0131 Duru\u015fu ve \u0130stiklal Mar\u015f\u0131&#8217;n\u0131n okunmas\u0131 ile ba\u015flayan programda, kutlama mesajlar\u0131n\u0131n ard\u0131ndan, Jandarma Genel Komutanl\u0131\u011f\u0131&#8217;n\u0131n tarih\u00e7esi okundu. Mersin \u0130l Jandarma Komutanl\u0131\u011f\u0131 tan\u0131t\u0131m videosunun iletilmesinden sonra ise Mersin \u0130l Jandarma Komutan\u0131 Tu\u011fgeneral Ercan Atasoy taraf\u0131ndan g\u00fcn\u00fcn anlam ve \u00f6nemini belirten konu\u015fma yap\u0131ld\u0131.<\/p>\n<p>Mersin Valisi Ali Hamza Pehlivan&#8217;\u0131n konu\u015fmas\u0131n\u0131n ard\u0131ndan ise Mersin Valisi Pehlivan ve \u0130l Jandarma Komutan\u0131 Tu\u011fgeneral Atasoy taraf\u0131ndan personele ba\u015far\u0131 belgeleri takdim edildi. Programda ayr\u0131ca Mersin Valisi Pehlivan, \u0130l Jandarma Komutan\u0131 Tu\u011fgeneral Atasoy taraf\u0131ndan emekli personele de plaketleri takdim edildi. Emekli Jandarma Albay Bedri Dursun, Emekli Jandarma Astsubay Faysal Yaral\u0131 ve Emekli Uzman \u00c7avu\u015f Ramazan Kaplan plaketlerini ald\u0131.<\/p>\n<p>Programda ayr\u0131ca, \u015fiir yar\u0131\u015fmas\u0131n\u0131 kazanan \u00f6\u011frencilere \u00f6d\u00fclleri verildi. Program; harman dal\u0131 g\u00f6sterisi, m\u00fczik dinletisi ve kat\u0131l\u0131mc\u0131larla birlikte hep bir a\u011f\u0131zdan Jandarma Mar\u015f\u0131&#8217;n\u0131n s\u00f6ylenmesinin ard\u0131ndan sona erdi.<\/p>\n","protected":false},"excerpt":{"rendered":"<p>Mersin B\u00fcy\u00fck\u015fehir Belediye Ba\u015fkan\u0131 Vahap Se\u00e7er, Jandarma Genel Komutanl\u0131\u011f\u0131&#8217;n\u0131n 185. Kurulu\u015f Y\u0131l D\u00f6n\u00fcm\u00fc dolay\u0131s\u0131yla, Mersin \u0130l Jandarma Komutanl\u0131\u011f\u0131 taraf\u0131ndan d\u00fczenlenen kutlama t\u00f6renine kat\u0131ld\u0131. Mersin B\u00fcy\u00fck\u015fehir Belediye Ba\u015fkan\u0131 Vahap Se\u00e7er, Jandarma &hellip; <a href=\"https:\/\/akdenizolaygazetesi.com\/?p=30992\" class=\"more-link\">Devam\u0131n\u0131 Oku&#8230;<\/a><\/p>\n","protected":false},"author":2,"featured_media":30993,"comment_status":"open","ping_status":"open","sticky":false,"template":"","format":"standard","meta":[],"categories":[1],"tags":[],"_links":{"self":[{"href":"https:\/\/akdenizolaygazetesi.com\/index.php?rest_route=\/wp\/v2\/posts\/30992"}],"collection":[{"href":"https:\/\/akdenizolaygazetesi.com\/index.php?rest_route=\/wp\/v2\/posts"}],"about":[{"href":"https:\/\/akdenizolaygazetesi.com\/index.php?rest_route=\/wp\/v2\/types\/post"}],"author":[{"embeddable":true,"href":"https:\/\/akdenizolaygazetesi.com\/index.php?rest_route=\/wp\/v2\/users\/2"}],"replies":[{"embeddable":true,"href":"https:\/\/akdenizolaygazetesi.com\/index.php?rest_route=%2Fwp%2Fv2%2Fcomments&post=30992"}],"version-history":[{"count":1,"href":"https:\/\/akdenizolaygazetesi.com\/index.php?rest_route=\/wp\/v2\/posts\/30992\/revisions"}],"predecessor-version":[{"id":30994,"href":"https:\/\/akdenizolaygazetesi.com\/index.php?rest_route=\/wp\/v2\/posts\/30992\/revisions\/30994"}],"wp:featuredmedia":[{"embeddable":true,"href":"https:\/\/akdenizolaygazetesi.com\/index.php?rest_route=\/wp\/v2\/media\/30993"}],"wp:attachment":[{"href":"https:\/\/akdenizolaygazetesi.com\/index.php?rest_route=%2Fwp%2Fv2%2Fmedia&parent=30992"}],"wp:term":[{"taxonomy":"category","embeddable":true,"href":"https:\/\/akdenizolaygazetesi.com\/index.php?rest_route=%2Fwp%2Fv2%2Fcategories&post=30992"},{"taxonomy":"post_tag","embeddable":true,"href":"https:\/\/akdenizolaygazetesi.com\/index.php?rest_route=%2Fwp%2Fv2%2Ftags&post=30992"}],"curies":[{"name":"wp","href":"https:\/\/api.w.org\/{rel}","templated":true}]}}