{"id":30995,"date":"2024-06-14T14:55:54","date_gmt":"2024-06-14T11:55:54","guid":{"rendered":"http:\/\/akdenizolaygazetesi.com\/?p=30995"},"modified":"2024-06-25T12:16:50","modified_gmt":"2024-06-25T09:16:50","slug":"mezitli-belediyesi-su-parki-2024-yaz-sezonunu-aciyor","status":"publish","type":"post","link":"https:\/\/akdenizolaygazetesi.com\/?p=30995","title":{"rendered":"MEZ\u0130TL\u0130 BELED\u0130YES\u0130 SU PARKI 2024 YAZ SEZONUNU A\u00c7IYOR"},"content":{"rendered":"<p>MEZ\u0130TL\u0130 BELED\u0130YES\u0130 SU PARKI 2024 YAZ SEZONUNU A\u00c7IYOR<\/p>\n<p>Mezitli Belediyesi, s\u0131cak yaz g\u00fcnlerinde vatanda\u015flara serinleme imk\u00e2n\u0131 sunan Mezitli Su Park\u0131&#8217;n\u0131n 2024 yaz sezonunu a\u00e7\u0131yor. Yenilenmi\u015f haliyle 18 Haziran Sal\u0131 g\u00fcn\u00fc hizmete girecek olan su park\u0131, Pazartesi g\u00fcnleri hari\u00e7 haftan\u0131n alt\u0131 g\u00fcn\u00fc 10:00 ile 18:00 saatleri aras\u0131nda a\u00e7\u0131k olacak.<\/p>\n<p>Mezitli Su Park\u0131, vatanda\u015flara serinleme imk\u00e2n\u0131 sunarken, havuzun su numuneleri laboratuvarlarda analiz edilerek gerekli hijyenik \u015fartlar sa\u011fland\u0131. Ba\u015ftan a\u015fa\u011f\u0131 yenilenen su park\u0131, toplamda 3 bin 500 metrek\u00fcp kapasiteye sahip. Parkta 0-7 ya\u015f grubu \u00e7ocuklar i\u00e7in 50 santimetre derinli\u011finde bir havuz, \u00fc\u00e7 b\u00f6l\u00fcmden olu\u015fan ve 60-150 santimetre aras\u0131nda de\u011fi\u015fen kademeli derinli\u011fe sahip yeti\u015fkin havuzu ile 8 adet su kayd\u0131ra\u011f\u0131 bulunuyor. Ayr\u0131ca du\u015f yerleri, bayan ve erkek giyim kabinleri, emanet dolaplar\u0131 ve tuvaletler belediye personeli kontrol\u00fcnde kullan\u0131lacak. Kayd\u0131rak havuzlar\u0131 saat 11.00 ile 17.30 aras\u0131nda a\u00e7\u0131k olacak.<\/p>\n<p>Her Pazartesi genel temizli\u011fi yap\u0131larak havuzun suyu bo\u015falt\u0131lacak olan su park\u0131na giri\u015f \u00fccreti g\u00fcnl\u00fck 300 TL olup, Mezitli Kart sahiplerine 240 TL, 0-6 ya\u015f \u00e7ocuklara ise \u00fccretsiz olacak. Vatanda\u015flar, havuzlar\u0131n temiz ve g\u00fcvenli olmas\u0131na \u00f6zellikle dikkat \u00e7ekti.<\/p>\n<p>&#8220;VATANDA\u015eLARIMIZIN SOSYAL HAYATI \u0130\u00c7\u0130N \u00c7ALI\u015eMALARIMIZ S\u00dcR\u00dcYOR&#8221;<\/p>\n<p>Mezitli Belediye Ba\u015fkan\u0131 Ahmet Serkan Tuncer, belediyelerin ya\u015fam\u0131n her alan\u0131nda vatanda\u015flar\u0131n memnun olaca\u011f\u0131 ve ihtiya\u00e7lar\u0131 olan hizmetleri \u00fcretmesi gerekti\u011fini belirterek, &#8220;Yaz s\u0131caklar\u0131n\u0131n en yo\u011fun ve bunalt\u0131c\u0131 \u015fekilde hissedildi\u011fi bir b\u00f6lgede ya\u015farken, y\u00f6netim olarak elimizden geldi\u011fince Mezitli halk\u0131n\u0131, gen\u00e7lerimizi ve \u00e7ocuklar\u0131m\u0131z\u0131 temiz, hijyenik bir ortamda serinletebilmek, e\u011flendirebilmek ve yaz tatillerini keyifli bir hale getirebilmek i\u00e7in \u00e7aba sarf ediyoruz&#8221; dedi.<\/p>\n","protected":false},"excerpt":{"rendered":"<p>MEZ\u0130TL\u0130 BELED\u0130YES\u0130 SU PARKI 2024 YAZ SEZONUNU A\u00c7IYOR Mezitli Belediyesi, s\u0131cak yaz g\u00fcnlerinde vatanda\u015flara serinleme imk\u00e2n\u0131 sunan Mezitli Su Park\u0131&#8217;n\u0131n 2024 yaz sezonunu a\u00e7\u0131yor. Yenilenmi\u015f haliyle 18 Haziran Sal\u0131 g\u00fcn\u00fc &hellip; <a href=\"https:\/\/akdenizolaygazetesi.com\/?p=30995\" class=\"more-link\">Devam\u0131n\u0131 Oku&#8230;<\/a><\/p>\n","protected":false},"author":2,"featured_media":31026,"comment_status":"open","ping_status":"open","sticky":false,"template":"","format":"standard","meta":[],"categories":[1,2,3],"tags":[],"_links":{"self":[{"href":"https:\/\/akdenizolaygazetesi.com\/index.php?rest_route=\/wp\/v2\/posts\/30995"}],"collection":[{"href":"https:\/\/akdenizolaygazetesi.com\/index.php?rest_route=\/wp\/v2\/posts"}],"about":[{"href":"https:\/\/akdenizolaygazetesi.com\/index.php?rest_route=\/wp\/v2\/types\/post"}],"author":[{"embeddable":true,"href":"https:\/\/akdenizolaygazetesi.com\/index.php?rest_route=\/wp\/v2\/users\/2"}],"replies":[{"embeddable":true,"href":"https:\/\/akdenizolaygazetesi.com\/index.php?rest_route=%2Fwp%2Fv2%2Fcomments&post=30995"}],"version-history":[{"count":2,"href":"https:\/\/akdenizolaygazetesi.com\/index.php?rest_route=\/wp\/v2\/posts\/30995\/revisions"}],"predecessor-version":[{"id":31027,"href":"https:\/\/akdenizolaygazetesi.com\/index.php?rest_route=\/wp\/v2\/posts\/30995\/revisions\/31027"}],"wp:featuredmedia":[{"embeddable":true,"href":"https:\/\/akdenizolaygazetesi.com\/index.php?rest_route=\/wp\/v2\/media\/31026"}],"wp:attachment":[{"href":"https:\/\/akdenizolaygazetesi.com\/index.php?rest_route=%2Fwp%2Fv2%2Fmedia&parent=30995"}],"wp:term":[{"taxonomy":"category","embeddable":true,"href":"https:\/\/akdenizolaygazetesi.com\/index.php?rest_route=%2Fwp%2Fv2%2Fcategories&post=30995"},{"taxonomy":"post_tag","embeddable":true,"href":"https:\/\/akdenizolaygazetesi.com\/index.php?rest_route=%2Fwp%2Fv2%2Ftags&post=30995"}],"curies":[{"name":"wp","href":"https:\/\/api.w.org\/{rel}","templated":true}]}}