{"id":31001,"date":"2024-06-21T12:57:54","date_gmt":"2024-06-21T09:57:54","guid":{"rendered":"http:\/\/akdenizolaygazetesi.com\/?p=31001"},"modified":"2024-06-21T12:57:54","modified_gmt":"2024-06-21T09:57:54","slug":"avrupadaki-basari-hikayemizin-rodosta-da-surecegine-ve-sporcularimizin-yeni-zaferlere-imza-atacagina-inaniyorum","status":"publish","type":"post","link":"https:\/\/akdenizolaygazetesi.com\/?p=31001","title":{"rendered":"\u201cAvrupa\u2019daki ba\u015far\u0131 hik\u00e2yemizin Rodos\u2019ta da s\u00fcrece\u011fine ve sporcular\u0131m\u0131z\u0131n yeni zaferlere imza ataca\u011f\u0131na inan\u0131yorum\u201d"},"content":{"rendered":"<p>2024 Avrupa Gen\u00e7 Tak\u0131mlar Satran\u00e7 \u015eampiyonas\u0131 bug\u00fcn ba\u015fl\u0131yor. Avrupa Satran\u00e7 Birli\u011fi\u2019nin (ECU), Yunanistan\u2019\u0131n Rodos Adas\u0131\u2019nda d\u00fczenleyece\u011fi \u015fampiyona, 28 Haziran 2024 tarihinde sona erecek. \u015eampiyona, 12 ya\u015f a\u00e7\u0131k\/kad\u0131nlar ve 18 ya\u015f a\u00e7\u0131k\/kad\u0131nlar olmak \u00fczere 4 kategoride tak\u0131m turnuvas\u0131 olarak d\u00fczenlenecek.<br \/>\nRodos\u2019daki \u015fampiyonaya T\u00fcrkiye, Yunanistan, Avusturya, Ermenistan, Bel\u00e7ika, H\u0131rvatistan, Almanya, Estonya, Macaristan, Polonya, Romanya, Slovenya, Ukrayna, K\u0131br\u0131s Rum Kesimi ve \u0130srail\u2019den toplam 185 oyuncu kat\u0131l\u0131yor.<br \/>\n\u015eampiyonada T\u00fcrkiye\u2019yi, 12 ya\u015f genel kategoride Fatma Y\u0131lmaz Spor Kul\u00fcb\u00fc\u2019nden Baver Y\u0131lmaz, Sarp \u015eahin, Mehmet Alper \u00c7elebi, \u00c7\u0131nar \u0130\u00e7\u00f6z, 12 ya\u015f kad\u0131nlar kategorisinde Apayd\u0131n Satran\u00e7 ve Spor Kul\u00fcb\u00fc\u2019nden Neris Hatuk, Tuana Abak, 18 ya\u015f genel kategoride Pamukkale \u00dcniversiteli Satran\u00e7 ve Ak\u0131l Oyunlar\u0131 Spor Kul\u00fcb\u00fc\u2019nden Adar Tarhan, Arda \u00c7amlar, Hayri Beyhun \u015eenel, Tunahan Y\u0131ld\u0131z, Muhammed Emin Arslan, 18 ya\u015f kad\u0131nlar kategorisinde Haznedaro\u011flu Satran\u00e7 Spor Kul\u00fcb\u00fc\u2019nden Eyl\u00fcl Ceren Gedik, Ilg\u0131n Destina Nurdo\u011fan olmak \u00fczere toplam 14 sporcu temsil edecek. Sporcular\u0131m\u0131za 4 antren\u00f6r e\u015flik edecek.<br \/>\nBu d\u00f6rt tak\u0131m, T\u00fcrkiye Satran\u00e7 Federasyonu (TSF) ve Rusya Devlet N\u00fckleer Enerji Kurulu\u015fu ROSATOM\u2019un i\u015f birli\u011fiyle 20-24 Nisan 2024 tarihlerinde Karaman\u2019da d\u00fczenlenen T\u00fcrkiye K\u00fc\u00e7\u00fckler ve Y\u0131ld\u0131zlar Tak\u0131m Satran\u00e7 \u015eampiyonas\u0131\u2019nda, 12 ya\u015f a\u00e7\u0131k\/kad\u0131nlar ve 18 ya\u015f a\u00e7\u0131k\/kad\u0131nlar kategorilerinde \u015fampiyon olarak, Avrupa Gen\u00e7 Tak\u0131mlar Satran\u00e7 \u015eampiyonas\u0131 \u00fclkemizi temsil etmeye hak kazanm\u0131\u015ft\u0131.<br \/>\nT\u00fcrkiye\u2019yi temsil edecek tak\u0131mlar Rodos\u2019a ROSATOM\u2019un deste\u011fiyle m\u00fccadele edecek.<br \/>\n2023 y\u0131l\u0131nda Romanya&#8217;n\u0131n Iasi kentinde d\u00fczenlenen 2023 Avrupa Gen\u00e7 Tak\u0131mlar \u015eampiyonas\u0131&#8217;nda T\u00fcrkiye 12 Ya\u015f Genel Tak\u0131m\u0131 Avrupa ikincisi olmu\u015ftu.<br \/>\n\u201cAvrupa\u2019daki ba\u015far\u0131 hik\u00e2yemizin Rodos\u2019ta da s\u00fcrece\u011fine inan\u0131yorum\u201d<br \/>\nTSF Ba\u015fkan\u0131 G\u00fclk\u0131z Tulay, T\u00fcrk satranc\u0131n\u0131n son y\u0131llarda b\u00fcy\u00fck bir at\u0131l\u0131m yapt\u0131\u011f\u0131n\u0131 ve uluslararas\u0131 arenada \u00f6nemli ba\u015far\u0131lara imza atarak y\u00fckseli\u015fini s\u00fcrd\u00fcrd\u00fc\u011f\u00fcn\u00fc s\u00f6yledi. Tulay, \u201cBu ba\u015far\u0131lardan biri de bu ay\u0131n ba\u015f\u0131nda 28 madalya kazanarak tarih yazd\u0131\u011f\u0131m\u0131z Avrupa Okullar Satran\u00e7 \u015eampiyonas\u0131 oldu. Gen\u00e7 millilerimiz \u015fampiyonan\u0131n t\u00fcm ya\u015f kategorilerinde \u015fampiyon oldu. Avrupa\u2019n\u0131n en ba\u015far\u0131l\u0131 \u00fclkesi olduk ve muhte\u015fem bir ba\u015far\u0131 hik\u00e2yesine imza att\u0131k. Avrupa heyecan\u0131m\u0131z, Rodos\u2019ta yap\u0131lacak Avrupa Gen\u00e7 Tak\u0131mlar Satran\u00e7 \u015eampiyonas\u0131 ile devam edecek. Avrupa\u2019daki ba\u015far\u0131 hik\u00e2yemizin Rodos\u2019ta da s\u00fcrece\u011fine ve sporcular\u0131m\u0131z\u0131n yeni zaferlere imza ataca\u011f\u0131na inan\u0131yorum. Bu turnuvada \u00fclkemizi temsil edecek t\u00fcm sporcular\u0131m\u0131za ba\u015far\u0131lar diliyorum\u201d dedi.<br \/>\nT\u00fcrk satranc\u0131n\u0131n son y\u0131llarda giderek artan ba\u015far\u0131s\u0131nda sporcular\u0131n, ailelerin ve antren\u00f6rlerin yan\u0131 s\u0131ra TSF\u2019ye destek olan sponsorlar\u0131n da pay\u0131 oldu\u011funun alt\u0131n\u0131 \u00e7izen Tulay, \u201cBu sponsorlardan biri de Rusya Devlet N\u00fckleer Enerji Kurulu\u015fu ROSATOM\u2019dur. ROSATOM, satranc\u0131n \u00fclkemizde geni\u015f kitlelere ula\u015fmas\u0131na, gen\u00e7 yeteneklerimizin uluslararas\u0131 platformlarda kendilerini g\u00f6stermelerine destek veriyor. ROSATOM yetkililerine de\u011ferli katk\u0131lar\u0131 nedeniyle te\u015fekk\u00fcr ediyorum\u201d diye konu\u015ftu.<br \/>\n\u201cGen\u00e7 satran\u00e7\u00e7\u0131lar\u0131 desteklemek \u00fclkenin gelece\u011fine yat\u0131r\u0131md\u0131r\u201d<br \/>\nROSATOM Orta Do\u011fu ve Kuzey Afrika Direkt\u00f6r\u00fc ve B\u00f6lge Ba\u015fkan Yard\u0131mc\u0131s\u0131 Alexander Voronkov da, ROSATOM\u2019un T\u00fcrkiye Satran\u00e7 Federasyonu ile i\u015fbirli\u011fine b\u00fcy\u00fck \u00f6nem verdi\u011fini s\u00f6yledi. ROSATOM&#8217;un 2019 y\u0131l\u0131ndan bu yana federasyon ile benzersiz projeleri hayata ge\u00e7irdi\u011fini kaydeden Voronkov, \u201cAkkuyu NGS in\u015faat projesini y\u00fcr\u00fctt\u00fc\u011f\u00fcm\u00fcz Mersin\u2019de sporcular\u0131n ilgisinin y\u00fcksek oldu\u011fu ve b\u00f6lgenin spor ya\u015fam\u0131nda \u00f6nemli bir etkinlik haline gelen ROSATOM Mersin B\u00f6lge Satran\u00e7 Turnuvas\u0131 ba\u015far\u0131yla d\u00fczenlenmektedir. \u0130nsan potansiyelinin geli\u015ftirilmesi bir bilgi \u015firketi olarak ROSATOM\u2019un \u00f6nemli bir misyonudur. \u00c7evre dostu enerji kayna\u011f\u0131 n\u00fckleer enerji yat\u0131r\u0131m\u0131 ile b\u00f6lgesel kalk\u0131nmaya destek veriliyor. Prestijli bir uluslararas\u0131 turnuvada T\u00fcrkiye Cumhuriyeti&#8217;ni ba\u015far\u0131yla temsil eden gen\u00e7 satran\u00e7\u00e7\u0131lar\u0131 desteklemek de \u00fclkenin gelece\u011fine yap\u0131lan \u00e7ok \u00f6nemli bir yat\u0131r\u0131md\u0131r. T\u00fcrk sporculara \u015fampiyonada ba\u015far\u0131lar diliyorum\u201d dedi.<\/p>\n","protected":false},"excerpt":{"rendered":"<p>2024 Avrupa Gen\u00e7 Tak\u0131mlar Satran\u00e7 \u015eampiyonas\u0131 bug\u00fcn ba\u015fl\u0131yor. Avrupa Satran\u00e7 Birli\u011fi\u2019nin (ECU), Yunanistan\u2019\u0131n Rodos Adas\u0131\u2019nda d\u00fczenleyece\u011fi \u015fampiyona, 28 Haziran 2024 tarihinde sona erecek. \u015eampiyona, 12 ya\u015f a\u00e7\u0131k\/kad\u0131nlar ve 18 ya\u015f &hellip; <a href=\"https:\/\/akdenizolaygazetesi.com\/?p=31001\" class=\"more-link\">Devam\u0131n\u0131 Oku&#8230;<\/a><\/p>\n","protected":false},"author":2,"featured_media":31002,"comment_status":"open","ping_status":"open","sticky":false,"template":"","format":"standard","meta":[],"categories":[3,10],"tags":[],"_links":{"self":[{"href":"https:\/\/akdenizolaygazetesi.com\/index.php?rest_route=\/wp\/v2\/posts\/31001"}],"collection":[{"href":"https:\/\/akdenizolaygazetesi.com\/index.php?rest_route=\/wp\/v2\/posts"}],"about":[{"href":"https:\/\/akdenizolaygazetesi.com\/index.php?rest_route=\/wp\/v2\/types\/post"}],"author":[{"embeddable":true,"href":"https:\/\/akdenizolaygazetesi.com\/index.php?rest_route=\/wp\/v2\/users\/2"}],"replies":[{"embeddable":true,"href":"https:\/\/akdenizolaygazetesi.com\/index.php?rest_route=%2Fwp%2Fv2%2Fcomments&post=31001"}],"version-history":[{"count":1,"href":"https:\/\/akdenizolaygazetesi.com\/index.php?rest_route=\/wp\/v2\/posts\/31001\/revisions"}],"predecessor-version":[{"id":31003,"href":"https:\/\/akdenizolaygazetesi.com\/index.php?rest_route=\/wp\/v2\/posts\/31001\/revisions\/31003"}],"wp:featuredmedia":[{"embeddable":true,"href":"https:\/\/akdenizolaygazetesi.com\/index.php?rest_route=\/wp\/v2\/media\/31002"}],"wp:attachment":[{"href":"https:\/\/akdenizolaygazetesi.com\/index.php?rest_route=%2Fwp%2Fv2%2Fmedia&parent=31001"}],"wp:term":[{"taxonomy":"category","embeddable":true,"href":"https:\/\/akdenizolaygazetesi.com\/index.php?rest_route=%2Fwp%2Fv2%2Fcategories&post=31001"},{"taxonomy":"post_tag","embeddable":true,"href":"https:\/\/akdenizolaygazetesi.com\/index.php?rest_route=%2Fwp%2Fv2%2Ftags&post=31001"}],"curies":[{"name":"wp","href":"https:\/\/api.w.org\/{rel}","templated":true}]}}