{"id":31014,"date":"2024-06-25T12:04:39","date_gmt":"2024-06-25T09:04:39","guid":{"rendered":"http:\/\/akdenizolaygazetesi.com\/?p=31014"},"modified":"2024-06-25T12:10:40","modified_gmt":"2024-06-25T09:10:40","slug":"silifke-adliyesinde-bayramlasma-programi","status":"publish","type":"post","link":"https:\/\/akdenizolaygazetesi.com\/?p=31014","title":{"rendered":"Silifke Adliyesinde bayramla\u015fma program\u0131"},"content":{"rendered":"<p>Silifke Adliyesinde Kurban Bayram\u0131 dolay\u0131s\u0131yla bayramla\u015fma program\u0131 d\u00fczenlendi.<\/p>\n<p>Programa Cumhuriyet Ba\u015fsavc\u0131s\u0131 Selman ESK\u0130LER, adliyede g\u00f6revli Cumhuriyet savc\u0131lar\u0131 ve h\u00e2kimler ile personel kat\u0131ld\u0131. T\u00f6ren dolay\u0131s\u0131yla bir araya gelen yarg\u0131 mensuplar\u0131 ve adliye personeli, birbirlerinin bayram\u0131n\u0131 kutlad\u0131.<\/p>\n<p>Cumhuriyet Ba\u015fsavc\u0131s\u0131 Selman ESK\u0130LER, adaletin tecellisi i\u00e7in gayret g\u00f6steren t\u00fcm yarg\u0131 mensuplar\u0131n\u0131n kurban bayram\u0131n\u0131 tebrik ederek \u00e7al\u0131\u015fmalar\u0131nda kolayl\u0131klar diledi.<\/p>\n","protected":false},"excerpt":{"rendered":"<p>Silifke Adliyesinde Kurban Bayram\u0131 dolay\u0131s\u0131yla bayramla\u015fma program\u0131 d\u00fczenlendi. Programa Cumhuriyet Ba\u015fsavc\u0131s\u0131 Selman ESK\u0130LER, adliyede g\u00f6revli Cumhuriyet savc\u0131lar\u0131 ve h\u00e2kimler ile personel kat\u0131ld\u0131. T\u00f6ren dolay\u0131s\u0131yla bir araya gelen yarg\u0131 mensuplar\u0131 ve &hellip; <a href=\"https:\/\/akdenizolaygazetesi.com\/?p=31014\" class=\"more-link\">Devam\u0131n\u0131 Oku&#8230;<\/a><\/p>\n","protected":false},"author":2,"featured_media":31020,"comment_status":"open","ping_status":"open","sticky":false,"template":"","format":"standard","meta":[],"categories":[1,2,3],"tags":[],"_links":{"self":[{"href":"https:\/\/akdenizolaygazetesi.com\/index.php?rest_route=\/wp\/v2\/posts\/31014"}],"collection":[{"href":"https:\/\/akdenizolaygazetesi.com\/index.php?rest_route=\/wp\/v2\/posts"}],"about":[{"href":"https:\/\/akdenizolaygazetesi.com\/index.php?rest_route=\/wp\/v2\/types\/post"}],"author":[{"embeddable":true,"href":"https:\/\/akdenizolaygazetesi.com\/index.php?rest_route=\/wp\/v2\/users\/2"}],"replies":[{"embeddable":true,"href":"https:\/\/akdenizolaygazetesi.com\/index.php?rest_route=%2Fwp%2Fv2%2Fcomments&post=31014"}],"version-history":[{"count":1,"href":"https:\/\/akdenizolaygazetesi.com\/index.php?rest_route=\/wp\/v2\/posts\/31014\/revisions"}],"predecessor-version":[{"id":31016,"href":"https:\/\/akdenizolaygazetesi.com\/index.php?rest_route=\/wp\/v2\/posts\/31014\/revisions\/31016"}],"wp:featuredmedia":[{"embeddable":true,"href":"https:\/\/akdenizolaygazetesi.com\/index.php?rest_route=\/wp\/v2\/media\/31020"}],"wp:attachment":[{"href":"https:\/\/akdenizolaygazetesi.com\/index.php?rest_route=%2Fwp%2Fv2%2Fmedia&parent=31014"}],"wp:term":[{"taxonomy":"category","embeddable":true,"href":"https:\/\/akdenizolaygazetesi.com\/index.php?rest_route=%2Fwp%2Fv2%2Fcategories&post=31014"},{"taxonomy":"post_tag","embeddable":true,"href":"https:\/\/akdenizolaygazetesi.com\/index.php?rest_route=%2Fwp%2Fv2%2Ftags&post=31014"}],"curies":[{"name":"wp","href":"https:\/\/api.w.org\/{rel}","templated":true}]}}