{"id":31017,"date":"2024-06-25T12:08:36","date_gmt":"2024-06-25T09:08:36","guid":{"rendered":"http:\/\/akdenizolaygazetesi.com\/?p=31017"},"modified":"2024-06-25T12:15:20","modified_gmt":"2024-06-25T09:15:20","slug":"bolge-mudurlugumuzde-bayramlasma-merasimi-duzenlendi","status":"publish","type":"post","link":"https:\/\/akdenizolaygazetesi.com\/?p=31017","title":{"rendered":"B\u00f6lge M\u00fcd\u00fcrl\u00fc\u011f\u00fcm\u00fczde Bayramla\u015fma Merasimi D\u00fczenlendi"},"content":{"rendered":"<p>Mersin Orman B\u00f6lge M\u00fcd\u00fcr\u00fc Rifat Ata\u015f, Kurban Bayram\u0131 dolay\u0131s\u0131yla b\u00f6lge m\u00fcd\u00fcrl\u00fc\u011f\u00fcm\u00fcz sosyal tesislerinde ger\u00e7ekle\u015fen bayramla\u015fma merasiminde personelle bir araya geldi.<\/p>\n<p>B\u00f6lge M\u00fcd\u00fcr Yard\u0131mc\u0131lar\u0131m\u0131z Ya\u015far Yaman Sa\u011flam ve Ali Ki\u015fi, \u015fube m\u00fcd\u00fcrleri, i\u015fletme m\u00fcd\u00fcr\u00fc ve personelin kat\u0131l\u0131m\u0131yla b\u00f6lge m\u00fcd\u00fcrl\u00fc\u011f\u00fcm\u00fcz sosyal tesislerinde bayramla\u015fma yap\u0131ld\u0131.<\/p>\n<p>Bayramla\u015fma program\u0131nda birli\u011fe, beraberli\u011fe, karde\u015fli\u011fe ve bayramlar\u0131n g\u00fczelli\u011fine dair yapm\u0131\u015f oldu\u011fu konu\u015fmas\u0131nda B\u00f6lge M\u00fcd\u00fcr\u00fc Ata\u015f \u201cKurban Bayram\u0131n\u0131n sizin, ailenizin ve insanl\u0131\u011f\u0131n hayr\u0131na vesile olmas\u0131n\u0131, nice bayramlara hep beraber kavu\u015fmay\u0131 diliyor ve hepinize bayram tad\u0131nda g\u00fcnler diliyorum\u201d dedi.<\/p>\n<p>B\u00f6lge M\u00fcd\u00fcr\u00fcm\u00fcz\u00fcn yapm\u0131\u015f oldu\u011fu konu\u015fma sonras\u0131nda sunulan ikramlar ve yap\u0131lan sohbetlerle program sona erdi.<\/p>\n","protected":false},"excerpt":{"rendered":"<p>Mersin Orman B\u00f6lge M\u00fcd\u00fcr\u00fc Rifat Ata\u015f, Kurban Bayram\u0131 dolay\u0131s\u0131yla b\u00f6lge m\u00fcd\u00fcrl\u00fc\u011f\u00fcm\u00fcz sosyal tesislerinde ger\u00e7ekle\u015fen bayramla\u015fma merasiminde personelle bir araya geldi. B\u00f6lge M\u00fcd\u00fcr Yard\u0131mc\u0131lar\u0131m\u0131z Ya\u015far Yaman Sa\u011flam ve Ali Ki\u015fi, \u015fube &hellip; <a href=\"https:\/\/akdenizolaygazetesi.com\/?p=31017\" class=\"more-link\">Devam\u0131n\u0131 Oku&#8230;<\/a><\/p>\n","protected":false},"author":2,"featured_media":31024,"comment_status":"open","ping_status":"open","sticky":false,"template":"","format":"standard","meta":[],"categories":[1],"tags":[],"_links":{"self":[{"href":"https:\/\/akdenizolaygazetesi.com\/index.php?rest_route=\/wp\/v2\/posts\/31017"}],"collection":[{"href":"https:\/\/akdenizolaygazetesi.com\/index.php?rest_route=\/wp\/v2\/posts"}],"about":[{"href":"https:\/\/akdenizolaygazetesi.com\/index.php?rest_route=\/wp\/v2\/types\/post"}],"author":[{"embeddable":true,"href":"https:\/\/akdenizolaygazetesi.com\/index.php?rest_route=\/wp\/v2\/users\/2"}],"replies":[{"embeddable":true,"href":"https:\/\/akdenizolaygazetesi.com\/index.php?rest_route=%2Fwp%2Fv2%2Fcomments&post=31017"}],"version-history":[{"count":1,"href":"https:\/\/akdenizolaygazetesi.com\/index.php?rest_route=\/wp\/v2\/posts\/31017\/revisions"}],"predecessor-version":[{"id":31019,"href":"https:\/\/akdenizolaygazetesi.com\/index.php?rest_route=\/wp\/v2\/posts\/31017\/revisions\/31019"}],"wp:featuredmedia":[{"embeddable":true,"href":"https:\/\/akdenizolaygazetesi.com\/index.php?rest_route=\/wp\/v2\/media\/31024"}],"wp:attachment":[{"href":"https:\/\/akdenizolaygazetesi.com\/index.php?rest_route=%2Fwp%2Fv2%2Fmedia&parent=31017"}],"wp:term":[{"taxonomy":"category","embeddable":true,"href":"https:\/\/akdenizolaygazetesi.com\/index.php?rest_route=%2Fwp%2Fv2%2Fcategories&post=31017"},{"taxonomy":"post_tag","embeddable":true,"href":"https:\/\/akdenizolaygazetesi.com\/index.php?rest_route=%2Fwp%2Fv2%2Ftags&post=31017"}],"curies":[{"name":"wp","href":"https:\/\/api.w.org\/{rel}","templated":true}]}}