{"id":31021,"date":"2024-06-25T12:12:31","date_gmt":"2024-06-25T09:12:31","guid":{"rendered":"http:\/\/akdenizolaygazetesi.com\/?p=31021"},"modified":"2024-06-25T12:12:31","modified_gmt":"2024-06-25T09:12:31","slug":"kurban-bayram-gunlerini-de-icine-alan-9-gunluk-tatilin-artan-trafik-yogunlugu-acisindan-degerlendirmesi-yapildi","status":"publish","type":"post","link":"https:\/\/akdenizolaygazetesi.com\/?p=31021","title":{"rendered":"KURBAN BAYRAM G\u00dcNLER\u0130N\u0130 DE \u0130\u00c7\u0130NE ALAN 9 G\u00dcNL\u00dcK TAT\u0130L\u0130N, ARTAN TRAF\u0130K YO\u011eUNLU\u011eU A\u00c7ISINDAN DE\u011eERLEND\u0130RMES\u0130 YAPILDI"},"content":{"rendered":"<p>Vali Ali Hamza Pehlivan ba\u015fkanl\u0131\u011f\u0131nda ger\u00e7ekle\u015ftirilen toplant\u0131da, Kurban Bayram g\u00fcnlerini de i\u00e7ine alan 9 g\u00fcnl\u00fck tatil s\u00fcresince Mersin \u0130limizde ya\u015fanan trafik yo\u011funlu\u011fu, meydana gelen trafik kazalar\u0131, al\u0131nan ve uygulanan tedbirler, trafik kontrol, bilgilendirme ve denetim faaliyetlerinin neticeleri de\u011ferlendirildi.<br \/>\nValilik toplant\u0131 salonunda d\u00fczenlenen toplant\u0131ya; Akdeniz B\u00f6lge ve Garnizon Komutan\u0131 Tu\u011famiral Murat F\u0131rat, Vali Yard\u0131mc\u0131s\u0131 Adem Y\u0131lmaz, \u0130l Emniyet M\u00fcd\u00fcr\u00fc K\u00e2mil Karab\u00f6rk, \u0130l Jandarma Komutan\u0131 Tu\u011fgeneral Ercan Atasoy ve Sahil G\u00fcvenlik Akdeniz B\u00f6lge Komutan\u0131 Tu\u011famiral O\u011fuz Bavbek kat\u0131ld\u0131.<br \/>\nKurban Bayram\u0131 tatili s\u00fcresince vatanda\u015flar\u0131m\u0131z\u0131n g\u00fcvenle seyahat edebilmelerini sa\u011flamak amac\u0131yla emniyet ve jandarma ba\u015fta olmak \u00fczere ilgili b\u00fct\u00fcn birimlerin 7\/24 esasl\u0131 \u00e7al\u0131\u015fmalar\u0131n\u0131 s\u00fcrd\u00fcrd\u00fc\u011f\u00fcn\u00fc belirten Vali Pehlivan de\u011ferlendirme toplant\u0131s\u0131 vesilesiyle yapt\u0131\u011f\u0131 a\u00e7\u0131klamada;<\/p>\n<p>\ud83d\udccdKurban Bayram\u0131n\u0131 da i\u00e7ine alan 9 g\u00fcnl\u00fck tatil boyunca Mersin \u0130limize toplam 1.691.298 ara\u00e7 giri\u015f \u00e7\u0131k\u0131\u015f\u0131 olmu\u015ftur. Ge\u00e7en y\u0131l\u0131n Kurban Bayram\u0131 tatil haftas\u0131na g\u00f6re ara\u00e7 giri\u015f \u00e7\u0131k\u0131\u015f say\u0131lar\u0131nda %19 art\u0131\u015f olmu\u015ftur.<\/p>\n<p>\ud83d\udccd9 g\u00fcnl\u00fck tatil boyunca emniyet ve jandarma trafik ekiplerimiz taraf\u0131ndan 95.962 ara\u00e7 denetlenmi\u015ftir. Ge\u00e7en y\u0131l\u0131n Kurban Bayram\u0131 tatil haftas\u0131na g\u00f6re ara\u00e7 denetim say\u0131s\u0131nda %39 art\u0131\u015f sa\u011flanm\u0131\u015ft\u0131r.<\/p>\n<p>\ud83d\udccdTrafik kontrol ve denetlemelerde 16.436 araca cezai i\u015flem uygulanm\u0131\u015ft\u0131r. Ge\u00e7en y\u0131l\u0131n Kurban Bayram\u0131 tatil haftas\u0131na g\u00f6re cezai i\u015flemlerde %47 art\u0131\u015f olmu\u015ftur.<\/p>\n<p>\ud83d\udccd3.398 araca h\u0131z ve radar i\u015flemi yap\u0131lm\u0131\u015ft\u0131r. Ge\u00e7en y\u0131l\u0131n Kurban Bayram\u0131 tatil haftas\u0131na g\u00f6re h\u0131z ihlallerinde %25 oran\u0131nda azalma olmu\u015ftur.<\/p>\n<p>\ud83d\udccd9 g\u00fcnl\u00fck tatil boyunca 288 trafik kazas\u0131 meydana gelmi\u015ftir. Ge\u00e7en y\u0131l\u0131n Kurban Bayram\u0131 tatil haftas\u0131na g\u00f6re trafik kazalar\u0131nda %18 azalma olmu\u015ftur.<\/p>\n<p>\ud83d\udccdMeydana gelen trafik kazalar\u0131nda 2 ki\u015fi hayat\u0131n\u0131 kaybetmi\u015ftir. Ge\u00e7en y\u0131l\u0131n Kurban Bayram\u0131 tatil haftas\u0131na g\u00f6re \u00f6l\u00fcml\u00fc trafik kazalar\u0131nda %66 azalma olmu\u015ftur.<\/p>\n<p>\ud83d\udccdTrafik kazalar\u0131nda 265 ki\u015fi yaralanm\u0131\u015ft\u0131r. Ge\u00e7en y\u0131l\u0131n Kurban Bayram\u0131 tatil haftas\u0131na g\u00f6re yaralanmal\u0131 trafik kazalar\u0131nda %32 azalma olmu\u015ftur.<\/p>\n<p>Hayat\u0131n\u0131 kaybeden vatanda\u015flar\u0131m\u0131za Allah\u2019tan rahmet, yaral\u0131lar\u0131m\u0131za acil \u015fifalar diliyorum.<\/p>\n<p>Trafik tedbirlerimiz, kontrol ve denetimlerimiz tatil haftas\u0131 yollarda ya\u015fanan yo\u011funluklara istinaden artt\u0131r\u0131lm\u0131\u015f olmakla birlikte ayn\u0131 hassasiyetle, 7\/24 esas\u0131na g\u00f6re devam edecektir.<\/p>\n<p>B\u00fct\u00fcn vatanda\u015flar\u0131m\u0131zdan iste\u011fimiz, trafikte seyrederken kurallara harfiyen uymalar\u0131d\u0131r. Otomobillerde de otob\u00fcslerde de emniyet kemeri takmay\u0131 ihmal etmeyelim. H\u0131z ihlali yapmayal\u0131m. Yola odaklanal\u0131m. Trafik \u0131\u015f\u0131k ve i\u015faretlerine; has\u0131l\u0131 b\u00fct\u00fcn trafik kurallar\u0131na muhakkak uyal\u0131m.\u201d dedi.<\/p>\n","protected":false},"excerpt":{"rendered":"<p>Vali Ali Hamza Pehlivan ba\u015fkanl\u0131\u011f\u0131nda ger\u00e7ekle\u015ftirilen toplant\u0131da, Kurban Bayram g\u00fcnlerini de i\u00e7ine alan 9 g\u00fcnl\u00fck tatil s\u00fcresince Mersin \u0130limizde ya\u015fanan trafik yo\u011funlu\u011fu, meydana gelen trafik kazalar\u0131, al\u0131nan ve uygulanan tedbirler, &hellip; <a href=\"https:\/\/akdenizolaygazetesi.com\/?p=31021\" class=\"more-link\">Devam\u0131n\u0131 Oku&#8230;<\/a><\/p>\n","protected":false},"author":2,"featured_media":31022,"comment_status":"open","ping_status":"open","sticky":false,"template":"","format":"standard","meta":[],"categories":[1,2,3],"tags":[],"_links":{"self":[{"href":"https:\/\/akdenizolaygazetesi.com\/index.php?rest_route=\/wp\/v2\/posts\/31021"}],"collection":[{"href":"https:\/\/akdenizolaygazetesi.com\/index.php?rest_route=\/wp\/v2\/posts"}],"about":[{"href":"https:\/\/akdenizolaygazetesi.com\/index.php?rest_route=\/wp\/v2\/types\/post"}],"author":[{"embeddable":true,"href":"https:\/\/akdenizolaygazetesi.com\/index.php?rest_route=\/wp\/v2\/users\/2"}],"replies":[{"embeddable":true,"href":"https:\/\/akdenizolaygazetesi.com\/index.php?rest_route=%2Fwp%2Fv2%2Fcomments&post=31021"}],"version-history":[{"count":1,"href":"https:\/\/akdenizolaygazetesi.com\/index.php?rest_route=\/wp\/v2\/posts\/31021\/revisions"}],"predecessor-version":[{"id":31023,"href":"https:\/\/akdenizolaygazetesi.com\/index.php?rest_route=\/wp\/v2\/posts\/31021\/revisions\/31023"}],"wp:featuredmedia":[{"embeddable":true,"href":"https:\/\/akdenizolaygazetesi.com\/index.php?rest_route=\/wp\/v2\/media\/31022"}],"wp:attachment":[{"href":"https:\/\/akdenizolaygazetesi.com\/index.php?rest_route=%2Fwp%2Fv2%2Fmedia&parent=31021"}],"wp:term":[{"taxonomy":"category","embeddable":true,"href":"https:\/\/akdenizolaygazetesi.com\/index.php?rest_route=%2Fwp%2Fv2%2Fcategories&post=31021"},{"taxonomy":"post_tag","embeddable":true,"href":"https:\/\/akdenizolaygazetesi.com\/index.php?rest_route=%2Fwp%2Fv2%2Ftags&post=31021"}],"curies":[{"name":"wp","href":"https:\/\/api.w.org\/{rel}","templated":true}]}}