{"id":31028,"date":"2024-06-26T12:18:05","date_gmt":"2024-06-26T09:18:05","guid":{"rendered":"http:\/\/akdenizolaygazetesi.com\/?p=31028"},"modified":"2024-06-26T12:18:05","modified_gmt":"2024-06-26T09:18:05","slug":"chpli-kis-ticaret-bakanina-seslendi-kurban-bayrami-firsatcilarina-gecit-vermeyin","status":"publish","type":"post","link":"https:\/\/akdenizolaygazetesi.com\/?p=31028","title":{"rendered":"CHP&#8217;L\u0130 KI\u015e T\u0130CARET BAKANI&#8217;NA SESLEND\u0130: &#8220;KURBAN BAYRAMI FIRSAT\u00c7ILARINA GE\u00c7\u0130T VERMEY\u0130N&#8221;"},"content":{"rendered":"<p>CHP Mersin Milletvekili G\u00fclcan K\u0131\u015f, Kurban Bayram\u0131 \u00f6ncesi yap\u0131lan zamlar\u0131, fahi\u015f fiyat art\u0131\u015flar\u0131n\u0131 ve merdiven alt\u0131 korsan kasaplar\u0131 Ticaret Bakan\u0131&#8217;na sordu.<\/p>\n<p>CHP&#8217;li K\u0131\u015f, Ticaret Bakan\u0131 \u00d6mer Bolat&#8217;\u0131n yan\u0131tlamas\u0131 istemiyle verdi\u011fi yaz\u0131l\u0131 soru \u00f6nergesinde,<\/p>\n<p>Kurban Bayram\u0131&#8217;n\u0131n gelmesiyle beraber, marketlerdeki fahi\u015f fiyat art\u0131\u015flar\u0131n\u0131 \u00f6nlemek, \u00f6zellikle temel g\u0131da ve ihtiya\u00e7 \u00fcr\u00fcnlerine y\u00f6nelik fiyat ve etiketlerin denetlenip denetlenmedi\u011fine y\u00f6nelik Bakanl\u0131k olarak \u00e7al\u0131\u015fma yap\u0131l\u0131p yap\u0131lmad\u0131\u011f\u0131n\u0131 sordu.<\/p>\n<p>Kurban Bayram\u0131yla beraber, marketlerde etiketlerde de\u011fi\u015fimler, fahi\u015f fiyatlar oldu\u011funa y\u00f6nelik vatanda\u015flardan \u015fikayet ald\u0131klar\u0131n\u0131 belirten K\u0131\u015f, konuyu TBMM g\u00fcndemine getirdi.<\/p>\n<p>Kurban bayram\u0131n\u0131n zamlarla birlikte geldi\u011fine dikkat \u00e7eken CHP&#8217;li K\u0131\u015f, vatanda\u015flar\u0131n al\u0131m g\u00fcc\u00fcn\u00fcn d\u00fc\u015fmesi sebebiyle, ne kolonya, ne \u015feker ne de kurban alabildi\u011fine vurgu yapt\u0131.<\/p>\n<p>Kurban bayram\u0131n\u0131 f\u0131rsat bilenlerin, merdiven alt\u0131 \u00fcretim ve sat\u0131\u015flar y\u00f6neldi\u011fini ayn\u0131 zamanda fahi\u015f fiyat ve stok\u00e7ulu\u011fun artt\u0131\u011f\u0131n\u0131 ifade eden CHP&#8217;li K\u0131\u015f, konu hakk\u0131nda Ticaret Bakanl\u0131\u011f\u0131&#8217;n\u0131 g\u00f6reve \u00e7a\u011f\u0131rd\u0131.<\/p>\n<p>Bu Bayram\u0131n Tek Kurban\u0131: Emekli, Memur, \u0130\u015f\u00e7i<\/p>\n<p>K\u0131\u015f \u015funlar\u0131 s\u00f6yledi: &#8220;Kurban Bayram\u0131 al\u0131\u015fveri\u015fi yapan vatanda\u015flar\u0131m\u0131z\u0131n temel g\u0131da ve ihtiya\u00e7 \u00fcr\u00fcnlerine gelen zamlar konusunda ki \u015fikayetlerini dikkate ald\u0131n\u0131z m\u0131? Hangi \u00f6nlemler al\u0131nd\u0131? \u015eu anda b\u0131rak\u0131n kurban kesmeyi emeklilerimiz market al\u0131\u015fveri\u015fi bile yapman\u0131n l\u00fcks oldu\u011funu s\u00f6yl\u00fcyor. Se\u00e7imler bitti\u011finde ekmek 4 lirayd\u0131 10 lira oldu. 4 ki\u015filik bir ailenin a\u00e7l\u0131k s\u0131n\u0131r\u0131 20 bin liraya dayand\u0131. Yoksulluk s\u0131n\u0131r\u0131 ise 60 bin liraya dayand\u0131.\u00a0\u00a0Yard\u0131ma muhta\u00e7 yoksul say\u0131s\u0131 20 milyonu a\u015ft\u0131. Halk\u0131n al\u0131m g\u00fcc\u00fc d\u00fc\u015fm\u00fc\u015fken, bayramla beraber marketlerde \u00fcr\u00fcnler zamlanm\u0131\u015f, merdiven alt\u0131 \u00fcretim artm\u0131\u015f, korsan kasaplar t\u00fcremi\u015ftir. Ama Ticaret Bakanl\u0131\u011f\u0131 bu noktada neler yapm\u0131\u015f, etiket denetimi yapm\u0131\u015f m\u0131,\u00a0\u00a0ne \u00f6nlemler alm\u0131\u015f bilmiyoruz. K\u0131sacas\u0131 AKP&#8217;nin yanl\u0131\u015f ekonomi politikalar\u0131n\u0131n sonucunu vatanda\u015f \u00f6d\u00fcyor, AKP iktidar\u0131 22 y\u0131lda\u00a0\u00a0evlerde ki bayram havas\u0131n\u0131 yok etti. Bu bayram\u0131n da\u00a0\u00a0tek kurban\u0131, emekli, i\u015f\u00e7i, memur olmu\u015ftur<\/p>\n","protected":false},"excerpt":{"rendered":"<p>CHP Mersin Milletvekili G\u00fclcan K\u0131\u015f, Kurban Bayram\u0131 \u00f6ncesi yap\u0131lan zamlar\u0131, fahi\u015f fiyat art\u0131\u015flar\u0131n\u0131 ve merdiven alt\u0131 korsan kasaplar\u0131 Ticaret Bakan\u0131&#8217;na sordu. CHP&#8217;li K\u0131\u015f, Ticaret Bakan\u0131 \u00d6mer Bolat&#8217;\u0131n yan\u0131tlamas\u0131 istemiyle verdi\u011fi &hellip; <a href=\"https:\/\/akdenizolaygazetesi.com\/?p=31028\" class=\"more-link\">Devam\u0131n\u0131 Oku&#8230;<\/a><\/p>\n","protected":false},"author":2,"featured_media":31029,"comment_status":"open","ping_status":"open","sticky":false,"template":"","format":"standard","meta":[],"categories":[1,2,3],"tags":[],"_links":{"self":[{"href":"https:\/\/akdenizolaygazetesi.com\/index.php?rest_route=\/wp\/v2\/posts\/31028"}],"collection":[{"href":"https:\/\/akdenizolaygazetesi.com\/index.php?rest_route=\/wp\/v2\/posts"}],"about":[{"href":"https:\/\/akdenizolaygazetesi.com\/index.php?rest_route=\/wp\/v2\/types\/post"}],"author":[{"embeddable":true,"href":"https:\/\/akdenizolaygazetesi.com\/index.php?rest_route=\/wp\/v2\/users\/2"}],"replies":[{"embeddable":true,"href":"https:\/\/akdenizolaygazetesi.com\/index.php?rest_route=%2Fwp%2Fv2%2Fcomments&post=31028"}],"version-history":[{"count":1,"href":"https:\/\/akdenizolaygazetesi.com\/index.php?rest_route=\/wp\/v2\/posts\/31028\/revisions"}],"predecessor-version":[{"id":31030,"href":"https:\/\/akdenizolaygazetesi.com\/index.php?rest_route=\/wp\/v2\/posts\/31028\/revisions\/31030"}],"wp:featuredmedia":[{"embeddable":true,"href":"https:\/\/akdenizolaygazetesi.com\/index.php?rest_route=\/wp\/v2\/media\/31029"}],"wp:attachment":[{"href":"https:\/\/akdenizolaygazetesi.com\/index.php?rest_route=%2Fwp%2Fv2%2Fmedia&parent=31028"}],"wp:term":[{"taxonomy":"category","embeddable":true,"href":"https:\/\/akdenizolaygazetesi.com\/index.php?rest_route=%2Fwp%2Fv2%2Fcategories&post=31028"},{"taxonomy":"post_tag","embeddable":true,"href":"https:\/\/akdenizolaygazetesi.com\/index.php?rest_route=%2Fwp%2Fv2%2Ftags&post=31028"}],"curies":[{"name":"wp","href":"https:\/\/api.w.org\/{rel}","templated":true}]}}