{"id":31031,"date":"2024-06-26T12:21:15","date_gmt":"2024-06-26T09:21:15","guid":{"rendered":"http:\/\/akdenizolaygazetesi.com\/?p=31031"},"modified":"2024-06-26T12:36:24","modified_gmt":"2024-06-26T09:36:24","slug":"chpli-kis-ulastirma-bakanina-jetlerinizden-inip-mersinin-trafik-sorununu-cozun-dedi","status":"publish","type":"post","link":"https:\/\/akdenizolaygazetesi.com\/?p=31031","title":{"rendered":"CHP&#8217;L\u0130 KI\u015e ULA\u015eTIRMA BAKANI&#8217;NA &#8220;JETLER\u0130N\u0130ZDEN \u0130N\u0130P MERS\u0130N&#8217;\u0130N TRAF\u0130K SORUNUNU \u00c7\u00d6Z\u00dcN&#8221; DED\u0130"},"content":{"rendered":"<p>CHP Mersin Milletvekili G\u00fclcan K\u0131\u015f, T\u00fcrkiye&#8217;de en \u00e7ok kazan\u0131n ya\u015fand\u0131\u011f\u0131&nbsp;&#8216;kaza kara noktas\u0131&#8217;ndan birinin de D-400&#8217;\u00fcn Silifke b\u00f6l\u00fcm\u00fc oldu\u011funu belirtti.<\/p>\n<p>Kurban Bayram\u0131&#8217;nda Mersin&#8217;de il\u00e7e ziyaretleri ger\u00e7ekle\u015ftiren CHP&#8217;li K\u0131\u015f, vatanda\u015flarla bir araya gelerek sorunlar\u0131n\u0131 dinledi.<\/p>\n<p>\u00d6zellikle yaz aylar\u0131nda artan n\u00fcfus ile beraber trafik sorununun hat safhaya ula\u015ft\u0131\u011f\u0131na dikkat \u00e7eken K\u0131\u015f, bayram sonras\u0131 ilk olarak b\u00f6lgede vatanda\u015flar\u0131n dile getirdi\u011fi sorunlar\u0131 TBMM&#8217;de g\u00fcndeme ta\u015f\u0131d\u0131.<\/p>\n<p>Genel Kurul&#8217;da s\u00f6z alan K\u0131\u015f, &#8220;Karayollar\u0131 Genel M\u00fcd\u00fcrl\u00fc\u011f\u00fc&#8217;n\u00fcn haz\u0131rlad\u0131\u011f\u0131 T\u00fcrkiye genelinde olu\u015fturdu\u011fu haritada&nbsp;&#8216;kaza kara noktalar\u0131&#8217;&nbsp;aras\u0131nda D-400&#8217;\u00fcn Silifke b\u00f6l\u00fcm\u00fc yer almaktad\u0131r&#8221; diyerek, bu hatta yer alan yol a\u011f\u0131nda trafik sorununun bir an evvel giderilmesini g\u00fcndeme ta\u015f\u0131d\u0131.<\/p>\n<p>Karayollar\u0131 Genel M\u00fcd\u00fcrl\u00fc\u011f\u00fc 51. Silifke \u015eube M\u00fcd\u00fcrl\u00fc\u011f\u00fc&#8217;ne ba\u011fl\u0131 yol a\u011f\u0131nda olan;<\/p>\n<p>Silifke-Uzuncabur\u00e7,<\/p>\n<p>Silifke-K\u0131robas\u0131,<\/p>\n<p>K\u0131robas\u0131-Mut ve<\/p>\n<p>K\u0131robas\u0131-Karaman, ba\u011flant\u0131s\u0131ndaki s\u0131k\u0131nt\u0131n\u0131n bir an evvel giderilmesi i\u00e7in \u00e7a\u011fr\u0131 yapan CHP&#8217;li K\u0131\u015f, bayramda da en \u00e7ok kazan\u0131n ya\u015fand\u0131\u011f\u0131 33 b\u00f6lge aras\u0131nda Mersin Silifke yolu oldu\u011funu belirterek \u015funlar\u0131 s\u00f6yledi:<\/p>\n<p>10 y\u0131l evvel bitirilmesi gereken \u00c7e\u015fmeli-Ta\u015fucu otoyolu binlerce tatilcinin kabusu olmaya devam ediyor. Buradan Ula\u015ft\u0131rma Bakan\u0131&#8217;na sesleniyorum; Bayram boyunca att\u0131\u011f\u0131n\u0131z tweetlerde;&nbsp;&#8220;konforlu ve g\u00fcvenli bir ula\u015f\u0131m hizmeti sunduk&#8221;&nbsp;dediniz.&nbsp;&nbsp;&#8220;T\u00fcrkiye h\u0131zlan\u0131yor&#8221;&nbsp;dediniz. Say\u0131n Bakan buyurun Mersin&#8217;e beraber gidelim. Mersin&#8217;de bahsetti\u011fim g\u00fczergahta ya\u015fanan trafik rezaletine \u015fahit olun. Siz, her seyahatinizi \u00f6zel jetlerle yapt\u0131\u011f\u0131n\u0131z i\u00e7in vatanda\u015f\u0131n trafik \u00e7ilesini g\u00f6rmemenizi de yad\u0131rgam\u0131yoruz art\u0131k&#8221;.<\/p>\n","protected":false},"excerpt":{"rendered":"<p>CHP Mersin Milletvekili G\u00fclcan K\u0131\u015f, T\u00fcrkiye&#8217;de en \u00e7ok kazan\u0131n ya\u015fand\u0131\u011f\u0131&nbsp;&#8216;kaza kara noktas\u0131&#8217;ndan birinin de D-400&#8217;\u00fcn Silifke b\u00f6l\u00fcm\u00fc oldu\u011funu belirtti. Kurban Bayram\u0131&#8217;nda Mersin&#8217;de il\u00e7e ziyaretleri ger\u00e7ekle\u015ftiren CHP&#8217;li K\u0131\u015f, vatanda\u015flarla bir araya &hellip; <a href=\"https:\/\/akdenizolaygazetesi.com\/?p=31031\" class=\"more-link\">Devam\u0131n\u0131 Oku&#8230;<\/a><\/p>\n","protected":false},"author":2,"featured_media":31049,"comment_status":"open","ping_status":"open","sticky":false,"template":"","format":"standard","meta":[],"categories":[1,2,3,6],"tags":[],"_links":{"self":[{"href":"https:\/\/akdenizolaygazetesi.com\/index.php?rest_route=\/wp\/v2\/posts\/31031"}],"collection":[{"href":"https:\/\/akdenizolaygazetesi.com\/index.php?rest_route=\/wp\/v2\/posts"}],"about":[{"href":"https:\/\/akdenizolaygazetesi.com\/index.php?rest_route=\/wp\/v2\/types\/post"}],"author":[{"embeddable":true,"href":"https:\/\/akdenizolaygazetesi.com\/index.php?rest_route=\/wp\/v2\/users\/2"}],"replies":[{"embeddable":true,"href":"https:\/\/akdenizolaygazetesi.com\/index.php?rest_route=%2Fwp%2Fv2%2Fcomments&post=31031"}],"version-history":[{"count":2,"href":"https:\/\/akdenizolaygazetesi.com\/index.php?rest_route=\/wp\/v2\/posts\/31031\/revisions"}],"predecessor-version":[{"id":31051,"href":"https:\/\/akdenizolaygazetesi.com\/index.php?rest_route=\/wp\/v2\/posts\/31031\/revisions\/31051"}],"wp:featuredmedia":[{"embeddable":true,"href":"https:\/\/akdenizolaygazetesi.com\/index.php?rest_route=\/wp\/v2\/media\/31049"}],"wp:attachment":[{"href":"https:\/\/akdenizolaygazetesi.com\/index.php?rest_route=%2Fwp%2Fv2%2Fmedia&parent=31031"}],"wp:term":[{"taxonomy":"category","embeddable":true,"href":"https:\/\/akdenizolaygazetesi.com\/index.php?rest_route=%2Fwp%2Fv2%2Fcategories&post=31031"},{"taxonomy":"post_tag","embeddable":true,"href":"https:\/\/akdenizolaygazetesi.com\/index.php?rest_route=%2Fwp%2Fv2%2Ftags&post=31031"}],"curies":[{"name":"wp","href":"https:\/\/api.w.org\/{rel}","templated":true}]}}