{"id":3104,"date":"2020-11-04T18:23:34","date_gmt":"2020-11-04T15:23:34","guid":{"rendered":"http:\/\/mersinekonomipolitikagazetesi.com\/?p=3104"},"modified":"2020-11-04T18:23:34","modified_gmt":"2020-11-04T15:23:34","slug":"ogrenciler-yaban-hayati-icin-dogaya-yiyecek-birakti","status":"publish","type":"post","link":"https:\/\/akdenizolaygazetesi.com\/?p=3104","title":{"rendered":"\u00d6\u011frenciler yaban hayat\u0131 i\u00e7in do\u011faya yiyecek b\u0131rakt\u0131"},"content":{"rendered":"<p>Mersin&#8217;in Erdemli il\u00e7esinde e\u011fitimci hayvanseverler il\u00e7enin en y\u00fcksek rak\u0131ml\u0131 k\u00f6ylerinden Toros&#8217;ta yaban ve evcil hayvanlar i\u00e7in do\u011faya yem ve yiyecek b\u0131rakt\u0131. Etkinlik 1600 rak\u0131ml\u0131 karla kapl\u0131 bir b\u00f6lgede hayvansever \u00f6\u011frenciler, \u00f6\u011fretmenler ve muhtarlarla ger\u00e7ekle\u015ftirildi. Etkinlik esnas\u0131nda g\u00fcnlerdir a\u00e7 oldu\u011fu anla\u015f\u0131lan bir k\u00f6pe\u011fin yiyecek mutlulu\u011fu kat\u0131l\u0131mc\u0131lar\u0131 duyguland\u0131rd\u0131.\u00a0<br \/>\nD\u00fczenledikleri etkinlikle ilgili bilgi veren e\u011fitimci hayvansever Nezir Arslan, &#8220;Toros k\u00f6y\u00fcnde, \u00f6\u011frenci, \u00f6\u011fretmen ve muhtar arkada\u015flar\u0131m\u0131zla do\u011faya yem b\u0131rak\u0131yoruz. Do\u011fada ya\u015fayanlar da bir canl\u0131d\u0131r. K\u0131\u015f\u0131n a\u011f\u0131r \u015fartlar\u0131nda onlara bir nebze olsun yard\u0131mc\u0131 olmak ad\u0131na, bug\u00fcn buraday\u0131z. \u00c7ocuklar\u0131m\u0131zla, \u00f6\u011fretmen arkada\u015flar\u0131m\u0131zla onlara yem b\u0131rakt\u0131k&#8221; dedi.\u00a0<\/p>\n<p>&#8220;\u00c7ocuklar\u0131m\u0131za do\u011fa ve canl\u0131 sevgisi a\u015f\u0131lamak istiyoruz&#8221;<br \/>\n\u00a0<br \/>\nEtkinli\u011fe \u00e7ocuklar\u0131n da kat\u0131lmas\u0131ndan duyduklar\u0131 memnuniyeti ifade eden Arslan, &#8220;Bug\u00fcn burada yem b\u0131rakmakla birlikte, farkl\u0131 bir organizasyonda ger\u00e7ekle\u015ftirmeye \u00e7al\u0131\u015ft\u0131k. Bunu \u00e7ocuklar\u0131m\u0131zla birlikte yapt\u0131k. \u0130stiyoruz ki \u00e7ocuklar\u0131m\u0131zla, bunlar gelece\u011fimizin mimar\u0131 olacak do\u011fa sevgisini, \u00e7evre sevgisini, canl\u0131 sevgisini a\u015f\u0131lay\u0131p geli\u015ftirmek istedik&#8221; diye konu\u015ftu.<br \/>\n\u00a0<br \/>\n\u00d6\u011fretmenlerden Ali Akku\u015f ise, &#8220;K\u0131\u015f aylar\u0131nda hayvanlar\u0131n beslenme problemi oldu\u011funu biliyoruz. Buna destek anlam\u0131nda, \u00f6\u011frencilerimizle birlikte hayvanlara yiyecekler b\u0131rakt\u0131k. Hayvan sevgisini \u00f6\u011frencilerimize a\u015f\u0131lamaya \u00e7al\u0131\u015f\u0131yoruz. Devam\u0131 da gelecek&#8221; dedi.\u00a0<\/p>\n<p>&#8220;Yaban hayvanlar\u0131 k\u00f6ye kadar iniyorsa a\u00e7 olduklar\u0131 i\u00e7indir&#8221;<br \/>\n\u00a0<br \/>\nToros Muhtar\u0131 Mehmet \u015eavk da, &#8220;Do\u011faya hayvan yemi b\u0131rak\u0131lmas\u0131 bizi \u00e7ok memnun ediyor. Biz bu \u00f6zveriyi Erdemli&#8217;deki b\u00fct\u00fcn hayvansever insanlardan bekliyoruz. Hayvan da bir canl\u0131. Bu hayvanlar k\u00f6y\u00fcn i\u00e7erisine kadar geliyorsa a\u00e7l\u0131ktan geliyor. B\u0131rak\u0131lan bu yiyecekler hayvanlar i\u00e7in bir nebze ila\u00e7 oluyor&#8221; diye konu\u015ftu.\u00a0<br \/>\nG\u00fczel etkinli\u011fin devam etmesini dilediklerini ifade eden Koyuncu Muhtar\u0131 Z\u00fcbeyr Aslan ise &#8220;Okul yemekhaneleri, lokantalarda kalan yemekler, ekmekler ziyan olmad\u0131, do\u011faya b\u0131rak\u0131ld\u0131. Bu t\u00fcr etkinlikler devam etmeli&#8221; \u015feklinde konu\u015ftu.\u00a0<br \/>\n\u00d6\u011frenciler de bu t\u00fcr etkinliklere kat\u0131lmaktan memnuniyet duyduklar\u0131n\u0131 belirttiler.\u00a0<\/p>\n<p>G\u00fcnlerdir a\u00e7 olan k\u00f6pek herkesi duyguland\u0131rd\u0131<br \/>\n\u00a0<br \/>\n\u00d6te yandan, etkinlik esnas\u0131nda g\u00fcnlerdir a\u00e7 oldu\u011fu anla\u015f\u0131lan bir k\u00f6pek, etkinli\u011fi ger\u00e7ekle\u015ftiren \u00f6\u011frencilere yakla\u015ft\u0131. \u00d6\u011frenciler taraf\u0131ndan sevilen k\u00f6pe\u011fe daha sonra da yiyecek verildi. Kar \u00fczerindeki yiyecekleri g\u00f6ren k\u00f6pe\u011fin mutlulu\u011fu ise g\u00f6r\u00fcnt\u00fclere yans\u0131d\u0131.<br \/>\n\u00a0<br \/>\nEtkinli\u011fi s\u00fcrd\u00fcren kat\u0131l\u0131mc\u0131lar taraf\u0131ndan do\u011faya yem, bayat ekmek, yemek art\u0131klar\u0131 ile ha\u015flanm\u0131\u015f kemik b\u0131rak\u0131ld\u0131.\u00a0<\/p>\n","protected":false},"excerpt":{"rendered":"<p>Mersin&#8217;in Erdemli il\u00e7esinde e\u011fitimci hayvanseverler il\u00e7enin en y\u00fcksek rak\u0131ml\u0131 k\u00f6ylerinden Toros&#8217;ta yaban ve evcil hayvanlar i\u00e7in do\u011faya yem ve yiyecek b\u0131rakt\u0131. Etkinlik 1600 rak\u0131ml\u0131 karla kapl\u0131 bir b\u00f6lgede hayvansever \u00f6\u011frenciler, &hellip; <a href=\"https:\/\/akdenizolaygazetesi.com\/?p=3104\" class=\"more-link\">Devam\u0131n\u0131 Oku&#8230;<\/a><\/p>\n","protected":false},"author":1,"featured_media":0,"comment_status":"open","ping_status":"open","sticky":false,"template":"","format":"standard","meta":[],"categories":[],"tags":[],"_links":{"self":[{"href":"https:\/\/akdenizolaygazetesi.com\/index.php?rest_route=\/wp\/v2\/posts\/3104"}],"collection":[{"href":"https:\/\/akdenizolaygazetesi.com\/index.php?rest_route=\/wp\/v2\/posts"}],"about":[{"href":"https:\/\/akdenizolaygazetesi.com\/index.php?rest_route=\/wp\/v2\/types\/post"}],"author":[{"embeddable":true,"href":"https:\/\/akdenizolaygazetesi.com\/index.php?rest_route=\/wp\/v2\/users\/1"}],"replies":[{"embeddable":true,"href":"https:\/\/akdenizolaygazetesi.com\/index.php?rest_route=%2Fwp%2Fv2%2Fcomments&post=3104"}],"version-history":[{"count":0,"href":"https:\/\/akdenizolaygazetesi.com\/index.php?rest_route=\/wp\/v2\/posts\/3104\/revisions"}],"wp:attachment":[{"href":"https:\/\/akdenizolaygazetesi.com\/index.php?rest_route=%2Fwp%2Fv2%2Fmedia&parent=3104"}],"wp:term":[{"taxonomy":"category","embeddable":true,"href":"https:\/\/akdenizolaygazetesi.com\/index.php?rest_route=%2Fwp%2Fv2%2Fcategories&post=3104"},{"taxonomy":"post_tag","embeddable":true,"href":"https:\/\/akdenizolaygazetesi.com\/index.php?rest_route=%2Fwp%2Fv2%2Ftags&post=3104"}],"curies":[{"name":"wp","href":"https:\/\/api.w.org\/{rel}","templated":true}]}}