{"id":3105,"date":"2020-11-04T18:23:35","date_gmt":"2020-11-04T15:23:35","guid":{"rendered":"http:\/\/mersinekonomipolitikagazetesi.com\/?p=3105"},"modified":"2020-11-04T18:23:35","modified_gmt":"2020-11-04T15:23:35","slug":"8-yildir-dinmeyen-aci","status":"publish","type":"post","link":"https:\/\/akdenizolaygazetesi.com\/?p=3105","title":{"rendered":"8 y\u0131ld\u0131r dinmeyen ac\u0131"},"content":{"rendered":"<p>Mersin&#8217;de bir barda, &#8216;K\u00fcrt\u00e7e \u015fark\u0131 s\u00f6ylemedi\u011fi&#8217; i\u00e7in \u00e7\u0131kan tart\u0131\u015fma sonucu u\u011frad\u0131\u011f\u0131 silahl\u0131 sald\u0131r\u0131da \u00f6ld\u00fcr\u00fclen \u015fark\u0131c\u0131 Sarp \u00d6zt\u00fcrk, \u00f6l\u00fcm\u00fcn\u00fcn 8. y\u0131l\u0131nda ailesi taraf\u0131ndan mezar\u0131 ba\u015f\u0131nda an\u0131ld\u0131. \u00d6zt\u00fcrk ailesi k\u0131rm\u0131z\u0131 b\u00fcltenle aranan katil zanl\u0131s\u0131 Metin B.&#8217;nin yakalan\u0131p, tutuklanmas\u0131n\u0131 istiyor.\u00a0<br \/>\nKayseri&#8217;de ya\u015fayan baba Ali \u0130hsan \u00d6zt\u00fcrk, anne Song\u00fcl ve k\u0131zlar\u0131 Sevgi \u00d6zt\u00fcrk, yak\u0131nlar\u0131yla birlikte 17 Aral\u0131k 2010 tarihinde \u00e7al\u0131\u015ft\u0131\u011f\u0131 barda u\u011frad\u0131\u011f\u0131 silahl\u0131 sald\u0131r\u0131da \u00f6ld\u00fcr\u00fclen Sarp \u00d6zt\u00fcrk&#8217;\u00fc, \u00f6l\u00fcm\u00fcn\u00fcn 8. y\u0131l\u0131nda anmak \u00fczere Mersin&#8217;e geldi. \u00c7ocuklar\u0131n\u0131, merkez Mezitli il\u00e7esindeki mezar\u0131 ba\u015f\u0131nda dualarla anan aile, katilinin h\u00e2l\u00e2 yakalanamam\u0131\u015f olmas\u0131n\u0131n \u00fcz\u00fcnt\u00fcs\u00fcn\u00fc ya\u015fad\u0131klar\u0131n\u0131 ifade etti. Emekli polis memuru baba Ali \u0130hsan \u00d6zt\u00fcrk, 8 y\u0131ldan bu yana katilin yakalanamam\u0131\u015f olmas\u0131n\u0131n, kendilerini derinden \u00fczd\u00fc\u011f\u00fcn\u00fc s\u00f6yledi. O\u011flunun \u00f6l\u00fcm nedeninin belli oldu\u011funu kaydeden \u00d6zt\u00fcrk, &#8220;Olayda her \u015fey belli. Katil zanl\u0131s\u0131n\u0131n bulunmas\u0131 i\u00e7in her yere ba\u015fvurdum. Benim o\u011flumun katili elini, kolunu sallayarak T\u00fcrkiye&#8217;de, Kuzey Irak&#8217;ta, Suriye&#8217;de ya\u015f\u0131yor. \u00c7ok \u00fczg\u00fcn\u00fcm. Katili Allah&#8217;a havale ediyoruz ama yetkililerin de bizim sesimizi duymas\u0131n\u0131 istiyoruz. L\u00fctfen ilgilensinler, gere\u011fini yaps\u0131nlar&#8221; diye konu\u015ftu.\u00a0<br \/>\nOlay\u0131n o\u011flunun &#8216;K\u00fcrk\u00e7e \u015fark\u0131 s\u00f6ylememesinden&#8217; oldu\u011funu belirten \u00d6zt\u00fcrk, &#8220;Efendim &#8216;bize niye K\u00fcrk\u00e7e \u015fark\u0131 \u00e7alm\u0131yorsun.&#8217; Ben mecbur muyum sana K\u00fcrk\u00e7e par\u00e7a \u00e7almaya, t\u00fcrk\u00fc s\u00f6ylemeye veya sen mecbur musun bana \u0130ngilizce bir \u015fey \u00f6\u011fretmeye, benden \u0130ngilizce par\u00e7a dinlemeye. Ka\u00e7\u0131nc\u0131 zamanda ya\u015f\u0131yoruz, neden oluyor bunlar. Adam sen \u015funu yapm\u0131yorsun diye vur infaz et, ondan sonra da buradan elini kolunu, sallayarak git. Bunu kabul etmiyoruz. Bunu yapanlar\u0131 Allah&#8217;a havale ediyoruz. Bu konuda Cumhurba\u015fkan\u0131m\u0131za da yaz\u0131 yazd\u0131m. Yetkililerden yard\u0131m istiyoruz, art\u0131k netice bekliyoruz&#8221; \u015feklinde konu\u015ftu.\u00a0<br \/>\nSarp \u00d6zt\u00fcrk&#8217;\u00fc mezar\u0131 ba\u015f\u0131nda ziyarete gelenler aras\u0131nda bulunan kay\u0131nbabas\u0131 Ali Babao\u011flu ise damad\u0131n\u0131n katil zanl\u0131s\u0131n\u0131n yakalanmam\u0131\u015f olmas\u0131ndan dolay\u0131 \u00fczg\u00fcn olduklar\u0131n\u0131 s\u00f6yledi. Bu y\u00fczden ac\u0131lar\u0131n\u0131 her g\u00fcn daha fazla ya\u015fad\u0131klar\u0131n\u0131 vurgulayan Babao\u011flu, &#8220;\u00c7\u00fcnk\u00fc katil elini, kolunu sallayarak istedi\u011fi yerlerde geziyor ama bizim can\u0131m\u0131z toprakta yat\u0131yor. Yetkililere sesleniyoruz. Bu konuda l\u00fctfen duyarl\u0131 olsunlar, ilgilensinler ve bu katili bulsunlar. Yakalas\u0131nlar ki bir nebze olsun ac\u0131m\u0131z gitsin&#8221; dedi.\u00a0<\/p>\n<p>Katili 8 y\u0131ld\u0131r bulunamad\u0131<br \/>\n\u00a0<br \/>\nMersin&#8217;de 17 Aral\u0131k 2010 tarihinde, Adnan Menderes Bulvar\u0131&#8217;ndaki bir barda &#8216;K\u00fcrt\u00e7e \u015fark\u0131 s\u00f6ylemedi\u011fi&#8217; i\u00e7in \u00e7\u0131kan tart\u0131\u015fmada silahl\u0131 sald\u0131r\u0131ya u\u011frayan T\u00fcrk Halk M\u00fczi\u011fi sanat\u00e7\u0131s\u0131 Sarp \u00d6zt\u00fcrk (38) \u00f6lm\u00fc\u015f, gitarist G\u00f6ktay Ok\u00e7u ile garson Ramazan Ko\u00e7 yaralanm\u0131\u015ft\u0131. Olay\u0131n ard\u0131ndan d\u00fczenlenen operasyonlarda 5 ki\u015fi g\u00f6zalt\u0131na al\u0131n\u0131rken, silah\u0131 kulland\u0131\u011f\u0131 ileri s\u00fcr\u00fclen Metin B. ise kay\u0131plara kar\u0131\u015fm\u0131\u015ft\u0131. Mersin 3. A\u011f\u0131r Ceza Mahkemesi&#8217;nde g\u00f6r\u00fclen ve ikisi tutuklu 5 ki\u015finin yarg\u0131land\u0131\u011f\u0131 davan\u0131n karar duru\u015fmas\u0131nda, olay g\u00fcn\u00fc firari \u015f\u00fcpheli Metin B.&#8217;nin yan\u0131nda olduklar\u0131 belirlenen \u015eeref P. ile M.P., &#8216;kasten insan \u00f6ld\u00fcrme su\u00e7una yard\u0131m&#8217; etmekle su\u00e7land\u0131. Mahkeme heyeti iki san\u0131ktan \u015eeref P.&#8217;ye \u00f6nce &#8216;m\u00fcebbet hapis&#8217; cezas\u0131 verdi, ard\u0131ndan kanunun ilgili maddelerini g\u00f6z \u00f6n\u00fcnde bulundurarak 17 y\u0131l 9 ay hapis cezas\u0131 ile cezaland\u0131r\u0131lmas\u0131n\u0131 kararla\u015ft\u0131rd\u0131. San\u0131klardan M.P.&#8217;nin ise olay tarihindeki ya\u015f\u0131n\u0131n k\u00fc\u00e7\u00fck olmas\u0131 ve tutukluluk s\u00fcresi de g\u00f6z \u00f6n\u00fcnde bulundurularak tahliyesine karar verildi. Mahkeme, san\u0131klardan Halil \u00d6.&#8217;y\u00fc de firari san\u0131k Metin B.&#8217;yi kay\u0131rmak su\u00e7undan 3 y\u0131l hapis cezas\u0131 ile cezaland\u0131rd\u0131. Davada yarg\u0131lanan di\u011fer 2 \u015f\u00fcpheli hakk\u0131nda &#8216;beraat&#8217; karar\u0131 verildi.\u00a0<\/p>\n<p>Katil zanl\u0131s\u0131 &#8216;k\u0131rm\u0131z\u0131 b\u00fclten&#8217; ile aran\u0131yor<br \/>\n\u00a0<br \/>\n\u00d6te yandan, olay gecesi silah\u0131 kulland\u0131\u011f\u0131 iddia edilen Metin B.&#8217;nin firarda olmas\u0131 nedeniyle yarg\u0131lanamad\u0131\u011f\u0131 ve bu ki\u015fi hakk\u0131nda karar verilemedi\u011fi bildirildi. Cinayet sonras\u0131 olay yerinden ka\u00e7an ve halen yurt d\u0131\u015f\u0131nda oldu\u011fu san\u0131lan Metin B. hakk\u0131nda yakalama karar\u0131 bulundu\u011fu ve k\u0131rm\u0131z\u0131 b\u00fcltenle her yerde arand\u0131\u011f\u0131 ifade edildi.\u00a0<\/p>\n","protected":false},"excerpt":{"rendered":"<p>Mersin&#8217;de bir barda, &#8216;K\u00fcrt\u00e7e \u015fark\u0131 s\u00f6ylemedi\u011fi&#8217; i\u00e7in \u00e7\u0131kan tart\u0131\u015fma sonucu u\u011frad\u0131\u011f\u0131 silahl\u0131 sald\u0131r\u0131da \u00f6ld\u00fcr\u00fclen \u015fark\u0131c\u0131 Sarp \u00d6zt\u00fcrk, \u00f6l\u00fcm\u00fcn\u00fcn 8. y\u0131l\u0131nda ailesi taraf\u0131ndan mezar\u0131 ba\u015f\u0131nda an\u0131ld\u0131. \u00d6zt\u00fcrk ailesi k\u0131rm\u0131z\u0131 b\u00fcltenle aranan &hellip; <a href=\"https:\/\/akdenizolaygazetesi.com\/?p=3105\" class=\"more-link\">Devam\u0131n\u0131 Oku&#8230;<\/a><\/p>\n","protected":false},"author":1,"featured_media":0,"comment_status":"open","ping_status":"open","sticky":false,"template":"","format":"standard","meta":[],"categories":[],"tags":[],"_links":{"self":[{"href":"https:\/\/akdenizolaygazetesi.com\/index.php?rest_route=\/wp\/v2\/posts\/3105"}],"collection":[{"href":"https:\/\/akdenizolaygazetesi.com\/index.php?rest_route=\/wp\/v2\/posts"}],"about":[{"href":"https:\/\/akdenizolaygazetesi.com\/index.php?rest_route=\/wp\/v2\/types\/post"}],"author":[{"embeddable":true,"href":"https:\/\/akdenizolaygazetesi.com\/index.php?rest_route=\/wp\/v2\/users\/1"}],"replies":[{"embeddable":true,"href":"https:\/\/akdenizolaygazetesi.com\/index.php?rest_route=%2Fwp%2Fv2%2Fcomments&post=3105"}],"version-history":[{"count":0,"href":"https:\/\/akdenizolaygazetesi.com\/index.php?rest_route=\/wp\/v2\/posts\/3105\/revisions"}],"wp:attachment":[{"href":"https:\/\/akdenizolaygazetesi.com\/index.php?rest_route=%2Fwp%2Fv2%2Fmedia&parent=3105"}],"wp:term":[{"taxonomy":"category","embeddable":true,"href":"https:\/\/akdenizolaygazetesi.com\/index.php?rest_route=%2Fwp%2Fv2%2Fcategories&post=3105"},{"taxonomy":"post_tag","embeddable":true,"href":"https:\/\/akdenizolaygazetesi.com\/index.php?rest_route=%2Fwp%2Fv2%2Ftags&post=3105"}],"curies":[{"name":"wp","href":"https:\/\/api.w.org\/{rel}","templated":true}]}}