{"id":31079,"date":"2024-06-27T12:51:38","date_gmt":"2024-06-27T09:51:38","guid":{"rendered":"http:\/\/akdenizolaygazetesi.com\/?p=31079"},"modified":"2024-06-27T12:51:38","modified_gmt":"2024-06-27T09:51:38","slug":"vali-ali-hamza-pehlivan-tarsus-tarim-kampusunde-uzum-hasadi-gerceklestirdi","status":"publish","type":"post","link":"https:\/\/akdenizolaygazetesi.com\/?p=31079","title":{"rendered":"VAL\u0130 AL\u0130 HAMZA PEHL\u0130VAN, TARSUS TARIM KAMP\u00dcS\u00dcNDE \u00dcZ\u00dcM HASADI GER\u00c7EKLE\u015eT\u0130RD\u0130"},"content":{"rendered":"<p>Valimiz Ali Hamza Pehlivan, \u0130l Tar\u0131m ve Orman M\u00fcd\u00fcrl\u00fc\u011f\u00fc\u2019n\u00fcn Tarsus \u0130l\u00e7esi Sayk\u00f6y Mahallesinde bulunan Tarsus Tar\u0131m Kamp\u00fcs\u00fcnde y\u00fcr\u00fct\u00fclen \u201cBa\u011fa Bakt\u0131m \u00dcz\u00fcm Oldu, Yemeye Y\u00fcz\u00fcm Oldu\u201d projesi kapsam\u0131nda d\u00fczenlenen \u00fcz\u00fcm hasad\u0131 program\u0131na kat\u0131ld\u0131.<\/p>\n<p>Tarsus Tar\u0131m Kamp\u00fcs\u00fcnde, Tarsus\u2019un co\u011frafi i\u015faretli \u00fcr\u00fcn\u00fc olan Tarsus Beyaz\u0131 \u00fcz\u00fcm\u00fcn\u00fcn hasad\u0131n\u0131n yap\u0131ld\u0131\u011f\u0131n\u0131 belirten Vali Pehlivan, konu\u015fmas\u0131nda \u201cKuru\u015fu\u015f a\u015famas\u0131nda ziyarette bulundu\u011fumuz Tar\u0131m Kamp\u00fcs\u00fcnde ba\u015f\u0131ndan itibaren ilk ve \u00f6rnek \u00e7al\u0131\u015fmalar ortaya konulmaktad\u0131r. Bug\u00fcn verilen emeklerin neticelerini, meyvelerini toplamak \u00fczere bir araday\u0131z.<\/p>\n<p>Tarsus Tar\u0131m Kamp\u00fcs\u00fc, Tar\u0131m ve Orman \u0130l M\u00fcd\u00fcrl\u00fc\u011f\u00fc b\u00fcnyesinde kurulmu\u015f olan ve 2023 y\u0131l\u0131nda 56 dekar alanda faaliyete ge\u00e7en bir kamp\u00fcst\u00fcr. Bu kamp\u00fcste; b\u00f6lgeye \u00f6zg\u00fc ke\u00e7i boynuzu olarak bilinen ve organik olarak yeti\u015fen harnup, Tarsus&#8217;un co\u011frafi i\u015faretli organik \u00fcr\u00fcn\u00fc olan Sar\u0131ulak Zeytini, yine Tarsus\u2019un co\u011frafi i\u015faretli di\u011fer \u00fcr\u00fcn\u00fc olan Tarsus Beyaz\u0131 \u00dcz\u00fcm\u00fc ve di\u011fer endemik bitkilerin \u00fcretimi ve fidanlar\u0131n\u0131n yeti\u015ftirilmesi yap\u0131lmaktad\u0131r.<\/p>\n<p>Bu kamp\u00fcs \u00f6ncelikle Tarsus&#8217;a has co\u011frafi i\u015faretli \u00fcr\u00fcnler ba\u015fta olmak \u00fczere, bir nevi yaparak \u00f6\u011frenmek ve yaparak \u00f6\u011fretmek maksad\u0131yla kurulmu\u015f bir kamp\u00fcst\u00fcr. Burada kurulan ba\u011flarda yeti\u015ftirilen Topac\u0131k \u00fcz\u00fcm\u00fc olarak da bilinen Tarsus beyaz\u0131 \u00fcz\u00fcm\u00fcn\u00fcn bug\u00fcn hasad\u0131n\u0131 ger\u00e7ekle\u015ftirece\u011fiz.\u201d dedi.<\/p>\n<p>\u00dclkemizin co\u011frafi konumu, co\u011frafi yap\u0131s\u0131, verimli topraklar\u0131, uygun iklim yap\u0131s\u0131, emektar \u00e7ift\u00e7ileri, \u00fcretken giri\u015fimcileriyle ve tar\u0131ma dayal\u0131 sanayisiyle bir tar\u0131m \u00fclkesi oldu\u011funu belirten Vali Pehlivan; \u201cMersin \u0130limiz de bu ba\u011flamda \u00fclkemizin tar\u0131m\u0131na en \u00e7ok ve en verimli katk\u0131lar\u0131 yapan \u0130llerden bir tanesidir. Bir\u00e7ok \u00fcr\u00fcnde \u00f6ndeyiz. Bir\u00e7ok \u00fcr\u00fcn\u00fc \u0130limizde \u00fcretiyoruz. \u00d6zellikle 10 \u00fcr\u00fcn\u00fcm\u00fcz\u00fcn 1. s\u0131rada yer almas\u0131, 30 \u00fcr\u00fcnde ilk 3\u2019te, 50 \u00fcr\u00fcnde de ilk 10\u2019da yer almam\u0131z ve 100\u2019\u00fcn \u00fczerinde \u00fcr\u00fcn yeti\u015ftiriyor olmam\u0131z \u00c7ukurovam\u0131z\u0131n bereketini Mersin&#8217;imizin ne kadar verimli bir \u015fekilde yans\u0131tt\u0131\u011f\u0131n\u0131, emektar \u00e7ift\u00e7ilerimizin eme\u011fiyle birlikte nas\u0131l g\u00fczel \u00fcr\u00fcnlere d\u00f6n\u00fc\u015ft\u00fc\u011f\u00fcn\u00fc hep birlikte g\u00f6r\u00fcyoruz.<\/p>\n<p>\u00dcz\u00fcm; kay\u0131tlara bak\u0131ld\u0131\u011f\u0131nda \u00f6zellikle jeolojik ve arkeolojik \u00e7al\u0131\u015fmalarda d\u00fcnya \u00fczerinde milyonlarca y\u0131l \u00f6nce de var oldu\u011fu kabul edilen bir \u00fcr\u00fcn \u00e7e\u015fididir. Kutsal kitaplarda incir ve zeytinle birlikte en \u00e7ok ad\u0131 ge\u00e7en \u00fcr\u00fcnlerden birisidir. D\u00fcnya tarihi kadar eski oldu\u011funa g\u00f6re elbette ki insanl\u0131k tarihi kadar da kadim bir \u00fcr\u00fcnd\u00fcr.<\/p>\n<p>D\u00fcnya genelinde 73 milyon ton \u00fcz\u00fcm \u00fcretilmektedir. Bunun 3.4 milyon tonu \u00fclkemizde \u00fcretilmekte ve bu \u00fcretim miktar\u0131yla \u00fclkemiz d\u00fcnyada 6. s\u0131rada yer almaktad\u0131r. \u00dclkemizde Mersin&#8217;imiz toplamda 380 bin ton \u00fcz\u00fcm \u00fcretmekte olup ve bu \u00fcretimiyle \u0130limiz T\u00fcrkiye&#8217;de 2. s\u0131rada yer almaktad\u0131r. Tarsus\u2019umuz da 260 bin tonun \u00fczerinde \u00fcretimle \u0130limizde ilk s\u0131rada bulunmaktad\u0131r.\u201d ifadelerini kulland\u0131.<\/p>\n<p>Vali Pehlivan konu\u015fmas\u0131n\u0131n devam\u0131nda; \u201cEn b\u00fcy\u00fck arzumuz emektar \u00e7ift\u00e7ilerimizin emeklerinin kar\u015f\u0131l\u0131\u011f\u0131n\u0131 bulmas\u0131d\u0131r. \u0130limizde say\u0131 olarak ifade etmi\u015f oldu\u011fumuz \u00fcr\u00fcnlerde \u00e7ift\u00e7ilerimizin \u00fcretimi, hasad\u0131 ve bu hasad\u0131n ve \u00fcr\u00fcnlerin de\u011ferinin piyasada kar\u015f\u0131l\u0131\u011f\u0131n\u0131 bulmas\u0131 hepimizi ziyadesiyle mutlu etmektedir. \u00c7ift\u00e7inizin eme\u011finin kar\u015f\u0131l\u0131\u011f\u0131n\u0131 alarak y\u00fcz\u00fcn\u00fcn g\u00fclmesi, elbetteki hepimizi memnun etmektedir.<\/p>\n<p>Bu konuda Tar\u0131m ve Orman Bakanl\u0131\u011f\u0131m\u0131z\u0131n tar\u0131msal ve hayvansal \u00fcretimde bir\u00e7ok \u00fcr\u00fcnde \u00e7ok say\u0131da destekleri, te\u015fvikleri var. Say\u0131n Cumhurba\u015fkan\u0131m\u0131z\u0131n himayelerinde sa\u011flanan desteklerin \u00e7ift\u00e7ilerimizle bulu\u015fmas\u0131 ve sahaya, \u00fcr\u00fcne, has\u0131laya ve piyasaya yans\u0131t\u0131lmas\u0131 konusunda ilgili birimlerimizle, ba\u015fta \u0130l Tar\u0131m ve Orman M\u00fcd\u00fcrl\u00fc\u011f\u00fcm\u00fcz olmak \u00fczere arkada\u015flar\u0131m\u0131z\u0131n s\u00fcrekli sahada olmas\u0131n\u0131 istiyoruz.\u201d dedi.<\/p>\n<p>\u00c7ift\u00e7imiz Neredeyse Biz de Oraday\u0131z.<\/p>\n<p>Vali Pehlivan, \u201c\u00c7ift\u00e7imiz neredeyse biz de oraday\u0131z\u2019 slogan\u0131yla ilgili birimlerimiz ve personelimiz ile birlikte \u00fcreticilerimizin, emektar \u00e7ift\u00e7ilerimizin her zaman yanlar\u0131nday\u0131z. Bu uygulamam\u0131z bug\u00fcne kadar oldu\u011fu gibi bundan sonra da bu \u015fekilde devam edecektir. \u00c7ift\u00e7imiz bug\u00fcn oldu\u011fu gibi \u00fcz\u00fcm tarlas\u0131ndaysa rafa olaca\u011f\u0131z. \u0130limizin \u00f6nde gelen \u00fcr\u00fcnleri olan muzda, \u00e7ilekte, limonda ve 100\u2019\u00fcn \u00fczerinde \u00fcr\u00fcnde emektar \u00e7ift\u00e7ilerimiz nerede, ne yap\u0131yorsa biz de devletimiz ad\u0131na Tar\u0131m ve Orman Bakanl\u0131\u011f\u0131m\u0131z\u0131n ekipleriyle ve \u00e7ift\u00e7ilerimizin yan\u0131nda olmaya ekiplerimizle beraber devam edece\u011fiz.<\/p>\n<p>Bunu yaparken de tar\u0131m payda\u015f\u0131 olarak ifade etti\u011fimiz, gerek meslek kurulu\u015flar\u0131, odalar\u0131m\u0131z, birliklerimiz, kooperatiflerimiz, \u00e7ift\u00e7i \u00f6rg\u00fctlerimiz, a&#8217;dan z&#8217;ye ilgili kamu kurum ve kurulu\u015flar\u0131m\u0131z ile bu konuda i\u015f birli\u011fini bug\u00fcne kadar oldu\u011fu gibi bundan sonra da s\u00fcrd\u00fcrece\u011fiz ki sahip oldu\u011fumuz verim ve kalite d\u00fczeyini hep birlikte \u00e7ok daha yukar\u0131 seviyelere \u00e7\u0131kartal\u0131m.\u201d dedi.<\/p>\n<p>Vali Pehlivan konu\u015fmas\u0131n\u0131n sonunda; \u201cBen \u00f6ncelikle bu kamp\u00fcs\u00fcn v\u00fccuda gelmesinde eme\u011fi ge\u00e7en ba\u015fta Tar\u0131m ve Orman \u0130l ve M\u00fcd\u00fcrl\u00fcklerimiz olmak \u00fczere A&#8217;dan Z&#8217;ye herkese, b\u00fct\u00fcn ki\u015fi ve kurumlara te\u015fekk\u00fcr ediyorum. Buras\u0131 \u00f6rnek bir projedir. Bir okuldur. Bir e\u011fitim kamp\u00fcs\u00fcd\u00fcr. Burada bir yandan \u00fcr\u00fcn \u00fcretilecek bir yandan da adeta bir okul gibi \u00e7al\u0131\u015facakt\u0131r. Buraya tar\u0131m liselerimizden, \u00fcniversitelerimizden \u00f6\u011frencilerimiz ve \u00e7ift\u00e7ilerimiz gelecektir. Ak\u0131llar\u0131na tak\u0131lan her konuda herhangi bir sorular\u0131 veya sorunlar\u0131 varsa soracak ve kendilerine cevaplar\u0131 uygulamal\u0131 bir \u015fekilde verilecektir.<\/p>\n<p>\u0130limizin tamam\u0131nda ekilen, bi\u00e7ilen, has\u0131laya d\u00f6n\u00fc\u015fen, piyasaya s\u00fcr\u00fclen b\u00fct\u00fcn \u00fcr\u00fcnlerimizde elbette ki aln\u0131 terli, eli nas\u0131rl\u0131 \u00e7ift\u00e7ilerimizin eme\u011fi var. En b\u00fcy\u00fck te\u015fekk\u00fcr\u00fc de k\u0131ymetli \u00e7ift\u00e7ilerimize etmek isterim. Onlar\u0131n bu gayreti, bu y\u00fcksek s\u0131ca\u011f\u0131n alt\u0131ndaki \u00e7abas\u0131, \u00f6zverisi, fedakarl\u0131\u011f\u0131 olmasa bu \u00fcr\u00fcnler v\u00fccuda gelmez. Burada bulunan, k\u0131ymetli \u00e7ift\u00e7ilerimiz \u015fahs\u0131nda b\u00fct\u00fcn \u00e7ift\u00e7ilerimize. Hasad\u0131m\u0131z hay\u0131rl\u0131 ve bereketli olsun.\u201d dedi.<\/p>\n<p>Programda, \u0130l Tar\u0131m ve Orman M\u00fcd\u00fcr\u00fc Erdem Karada\u011f da bir konu\u015fma ger\u00e7ekle\u015ftirdi.<br \/>\n\u0130l\u00e7e Tar\u0131m ve Orman M\u00fcd\u00fcr\u00fc Hayri Erdo\u011fan taraf\u0131ndan Tar\u0131m Kamp\u00fcs\u00fc hakk\u0131nda bilgilendirme sunumu yap\u0131ld\u0131.<br \/>\nTarsus \u0130l\u00e7e M\u00fcft\u00fcs\u00fc Murat Ak\u00e7ay taraf\u0131ndan yap\u0131lan duan\u0131n ard\u0131ndan Vali Pehlivan ve beraberindeki heyet Tar\u0131m Kamp\u00fcs\u00fc i\u00e7erisinde bulunan \u00fcz\u00fcm ba\u011f\u0131nda bereket dilekleriyle hasat ger\u00e7ekle\u015ftirdi.<\/p>\n<p>Programa; Tarsus Kaymakam\u0131 Mehmet Ali Aky\u00fcz, \u0130l Tar\u0131m ve Orman M\u00fcd\u00fcr\u00fc Erdem Karada\u011f, Tarsus Belediye Ba\u015fkan Yard\u0131mc\u0131s\u0131 Muzaffer Akk\u0131l\u0131\u00e7, AK Parti \u0130l\u00e7e Ba\u015fkan\u0131 Abdurrahman Alt\u0131nsucu, Tarsus Ziraat Odas\u0131 Ba\u015fkan\u0131 Veyis Avc\u0131, Tar\u0131m ve Orman M\u00fcd\u00fcrl\u00fc\u011f\u00fc personeli, Sayk\u00f6y Mahalle Muhtar\u0131 R\u0131za T\u00fcrkmen ve \u00e7ift\u00e7ilerimiz kat\u0131ld\u0131.<\/p>\n","protected":false},"excerpt":{"rendered":"<p>Valimiz Ali Hamza Pehlivan, \u0130l Tar\u0131m ve Orman M\u00fcd\u00fcrl\u00fc\u011f\u00fc\u2019n\u00fcn Tarsus \u0130l\u00e7esi Sayk\u00f6y Mahallesinde bulunan Tarsus Tar\u0131m Kamp\u00fcs\u00fcnde y\u00fcr\u00fct\u00fclen \u201cBa\u011fa Bakt\u0131m \u00dcz\u00fcm Oldu, Yemeye Y\u00fcz\u00fcm Oldu\u201d projesi kapsam\u0131nda d\u00fczenlenen \u00fcz\u00fcm hasad\u0131 &hellip; <a href=\"https:\/\/akdenizolaygazetesi.com\/?p=31079\" class=\"more-link\">Devam\u0131n\u0131 Oku&#8230;<\/a><\/p>\n","protected":false},"author":2,"featured_media":31080,"comment_status":"open","ping_status":"open","sticky":false,"template":"","format":"standard","meta":[],"categories":[1,2,3],"tags":[],"_links":{"self":[{"href":"https:\/\/akdenizolaygazetesi.com\/index.php?rest_route=\/wp\/v2\/posts\/31079"}],"collection":[{"href":"https:\/\/akdenizolaygazetesi.com\/index.php?rest_route=\/wp\/v2\/posts"}],"about":[{"href":"https:\/\/akdenizolaygazetesi.com\/index.php?rest_route=\/wp\/v2\/types\/post"}],"author":[{"embeddable":true,"href":"https:\/\/akdenizolaygazetesi.com\/index.php?rest_route=\/wp\/v2\/users\/2"}],"replies":[{"embeddable":true,"href":"https:\/\/akdenizolaygazetesi.com\/index.php?rest_route=%2Fwp%2Fv2%2Fcomments&post=31079"}],"version-history":[{"count":1,"href":"https:\/\/akdenizolaygazetesi.com\/index.php?rest_route=\/wp\/v2\/posts\/31079\/revisions"}],"predecessor-version":[{"id":31081,"href":"https:\/\/akdenizolaygazetesi.com\/index.php?rest_route=\/wp\/v2\/posts\/31079\/revisions\/31081"}],"wp:featuredmedia":[{"embeddable":true,"href":"https:\/\/akdenizolaygazetesi.com\/index.php?rest_route=\/wp\/v2\/media\/31080"}],"wp:attachment":[{"href":"https:\/\/akdenizolaygazetesi.com\/index.php?rest_route=%2Fwp%2Fv2%2Fmedia&parent=31079"}],"wp:term":[{"taxonomy":"category","embeddable":true,"href":"https:\/\/akdenizolaygazetesi.com\/index.php?rest_route=%2Fwp%2Fv2%2Fcategories&post=31079"},{"taxonomy":"post_tag","embeddable":true,"href":"https:\/\/akdenizolaygazetesi.com\/index.php?rest_route=%2Fwp%2Fv2%2Ftags&post=31079"}],"curies":[{"name":"wp","href":"https:\/\/api.w.org\/{rel}","templated":true}]}}