{"id":31088,"date":"2024-06-28T12:44:01","date_gmt":"2024-06-28T09:44:01","guid":{"rendered":"http:\/\/akdenizolaygazetesi.com\/?p=31088"},"modified":"2024-06-28T12:44:01","modified_gmt":"2024-06-28T09:44:01","slug":"yenisehir-belediyesi-352-ton-ambalaj-ve-tekstil-atigini-geri-donusume-kazandirdi","status":"publish","type":"post","link":"https:\/\/akdenizolaygazetesi.com\/?p=31088","title":{"rendered":"Yeni\u015fehir Belediyesi 352 ton ambalaj ve tekstil at\u0131\u011f\u0131n\u0131 geri d\u00f6n\u00fc\u015f\u00fcme kazand\u0131rd\u0131"},"content":{"rendered":"<p>Mersin Yeni\u015fehir Belediyesi ge\u00e7ti\u011fimiz y\u0131l hayata ge\u00e7irdi\u011fi Ambalaj At\u0131\u011f\u0131 Toplama ve Ayr\u0131\u015ft\u0131rma Tesisi ve kent genelindeki tekstil kumbaralar\u0131 ile bir y\u0131lda toplamda 352 ambalaj ve tekstil at\u0131\u011f\u0131n\u0131n geri d\u00f6n\u00fc\u015f\u00fcm\u00fcn\u00fc sa\u011flad\u0131.<br \/>\nVatanda\u015flar\u0131n at\u0131klardan gelir elde edebildi\u011fi Yeni\u015fehir \u00c7evreci Halk Kart\u2019\u0131 hayata ge\u00e7iren ve s\u0131f\u0131r at\u0131k konusunda fark yaratan i\u015flere imza atan Mersin Yeni\u015fehir Belediyesi ekoloji konusunda \u00e7al\u0131\u015fmalar\u0131n\u0131 s\u00fcrd\u00fcr\u00fcyor. Ge\u00e7ti\u011fimiz y\u0131l in\u015fa edilen ve faaliyete ba\u015flayan Ambalaj At\u0131\u011f\u0131 Toplama ve Ayr\u0131\u015ft\u0131rma Tesisi ile at\u0131klar\u0131 tiplerine g\u00f6re ayr\u0131\u015ft\u0131rarak geri d\u00f6n\u00fc\u015f\u00fcme kazand\u0131r\u0131lmas\u0131n\u0131 sa\u011flayan Yeni\u015fehir Belediyesi bug\u00fcne kadar 312 ton ambalaj at\u0131\u011f\u0131n\u0131n d\u00f6n\u00fc\u015f\u00fcm\u00fcn\u00fc sa\u011flad\u0131.  Yeni\u015fehir Belediyesi ayr\u0131ca kentin \u00e7e\u015fitli noktalar\u0131na 255 adet tekstil kumbaras\u0131 yerle\u015ftirdi ve bu sayede 40 ton tekstil at\u0131\u011f\u0131n\u0131 geri d\u00f6n\u00fc\u015ft\u00fcrd\u00fc.<br \/>\nYeni\u015fehir Belediyesi, s\u0131f\u0131r at\u0131k \u00e7al\u0131\u015fmalar\u0131 kapsam\u0131nda tamamen kapal\u0131 ve 350 metrekarelik alandan olu\u015fan Ambalaj At\u0131\u011f\u0131 Toplama ve Ayr\u0131\u015ft\u0131rma Tesisi\u2019nde cam, plastik, pet, ka\u011f\u0131t, karton, metal ve naylon grubu at\u0131klar\u0131 ayr\u0131\u015ft\u0131r\u0131yor.  G\u00fcnl\u00fck 10 ton at\u0131k i\u015fleme kapasitesine sahip olan tesiste ayr\u0131\u015ft\u0131r\u0131larak paketlenen at\u0131klar d\u00fczenli olarak d\u00f6n\u00fc\u015f\u00fcm tesislerine sevk ediliyor ve geri d\u00f6n\u00fc\u015f\u00fcm\u00fc sa\u011flan\u0131yor.<br \/>\n\u201cS\u0131f\u0131r at\u0131k konusunda kentimizde b\u00fcy\u00fck bir hareket ba\u015flatt\u0131k.\u201d<br \/>\nYeni\u015fehir Belediyesi olarak \u0130klim De\u011fi\u015fikli\u011fi ve S\u0131f\u0131r At\u0131k M\u00fcd\u00fcrl\u00fc\u011f\u00fc ile Yeni\u015fehir Temiz \u00c7evre A.\u015e. i\u015ftirak \u015firketini kurduklar\u0131n\u0131 ve ekoloji konusunda \u00e7al\u0131\u015fmalar\u0131n\u0131 s\u00fcrd\u00fcrd\u00fcklerini ifade eden Yeni\u015fehir Belediye Ba\u015fkan\u0131 Abdullah \u00d6zyi\u011fit, \u201cDo\u011fal kaynaklar\u0131n korunmas\u0131, \u00e7evresel sorunlar\u0131n \u00e7\u00f6z\u00fclmesi ve sa\u011fl\u0131kl\u0131 bir ekosistem i\u00e7in hepimize d\u00fc\u015fen sorumluluklar var. Yeni\u015fehir Belediyesi olarak s\u0131f\u0131r at\u0131k konusunda kentimizde b\u00fcy\u00fck bir hareket ba\u015flatt\u0131k. \u00c7\u00fcnk\u00fc gelece\u011fimiz i\u00e7in bug\u00fcnden at\u0131lacak her ad\u0131m, daha ya\u015fanabilir bir kent i\u00e7in b\u00fcy\u00fck bir fark yaratacak. \u00c7ocuklar\u0131m\u0131z\u0131n bu konularda bilin\u00e7lenmesi i\u00e7in e\u011fitimler veriyoruz. \u0130klim De\u011fi\u015fikli\u011fi ve S\u0131f\u0131r At\u0131k M\u00fcd\u00fcrl\u00fc\u011f\u00fcm\u00fcz\u00fc ve Yeni\u015fehir Temiz \u00c7evre A.\u015e. i\u015ftirak \u015firketimizi kurduk.  Ambalaj At\u0131\u011f\u0131 Toplama ve Ayr\u0131\u015ft\u0131rma Tesisimizi hayata ge\u00e7irdik, Yeni\u015fehir \u00c7evreci Halk Kart\u2019\u0131 ba\u015flatt\u0131k. Bunlar gelecek i\u00e7in \u00f6nemli ad\u0131mlar ayn\u0131 zamanda topyek\u00fcn bir m\u00fccadele gerektiriyor. At\u0131k ya\u011flar\u0131n geri d\u00f6n\u00fc\u015f\u00fcm\u00fcn\u00fc ve organik at\u0131klardan kompost \u00fcretilmesini de sa\u011fl\u0131yoruz.\u201d dedi.<\/p>\n","protected":false},"excerpt":{"rendered":"<p>Mersin Yeni\u015fehir Belediyesi ge\u00e7ti\u011fimiz y\u0131l hayata ge\u00e7irdi\u011fi Ambalaj At\u0131\u011f\u0131 Toplama ve Ayr\u0131\u015ft\u0131rma Tesisi ve kent genelindeki tekstil kumbaralar\u0131 ile bir y\u0131lda toplamda 352 ambalaj ve tekstil at\u0131\u011f\u0131n\u0131n geri d\u00f6n\u00fc\u015f\u00fcm\u00fcn\u00fc sa\u011flad\u0131. &hellip; <a href=\"https:\/\/akdenizolaygazetesi.com\/?p=31088\" class=\"more-link\">Devam\u0131n\u0131 Oku&#8230;<\/a><\/p>\n","protected":false},"author":2,"featured_media":31089,"comment_status":"open","ping_status":"open","sticky":false,"template":"","format":"standard","meta":[],"categories":[1,2,3],"tags":[],"_links":{"self":[{"href":"https:\/\/akdenizolaygazetesi.com\/index.php?rest_route=\/wp\/v2\/posts\/31088"}],"collection":[{"href":"https:\/\/akdenizolaygazetesi.com\/index.php?rest_route=\/wp\/v2\/posts"}],"about":[{"href":"https:\/\/akdenizolaygazetesi.com\/index.php?rest_route=\/wp\/v2\/types\/post"}],"author":[{"embeddable":true,"href":"https:\/\/akdenizolaygazetesi.com\/index.php?rest_route=\/wp\/v2\/users\/2"}],"replies":[{"embeddable":true,"href":"https:\/\/akdenizolaygazetesi.com\/index.php?rest_route=%2Fwp%2Fv2%2Fcomments&post=31088"}],"version-history":[{"count":1,"href":"https:\/\/akdenizolaygazetesi.com\/index.php?rest_route=\/wp\/v2\/posts\/31088\/revisions"}],"predecessor-version":[{"id":31090,"href":"https:\/\/akdenizolaygazetesi.com\/index.php?rest_route=\/wp\/v2\/posts\/31088\/revisions\/31090"}],"wp:featuredmedia":[{"embeddable":true,"href":"https:\/\/akdenizolaygazetesi.com\/index.php?rest_route=\/wp\/v2\/media\/31089"}],"wp:attachment":[{"href":"https:\/\/akdenizolaygazetesi.com\/index.php?rest_route=%2Fwp%2Fv2%2Fmedia&parent=31088"}],"wp:term":[{"taxonomy":"category","embeddable":true,"href":"https:\/\/akdenizolaygazetesi.com\/index.php?rest_route=%2Fwp%2Fv2%2Fcategories&post=31088"},{"taxonomy":"post_tag","embeddable":true,"href":"https:\/\/akdenizolaygazetesi.com\/index.php?rest_route=%2Fwp%2Fv2%2Ftags&post=31088"}],"curies":[{"name":"wp","href":"https:\/\/api.w.org\/{rel}","templated":true}]}}