{"id":31186,"date":"2024-07-05T17:51:52","date_gmt":"2024-07-05T14:51:52","guid":{"rendered":"http:\/\/akdenizolaygazetesi.com\/?p=31186"},"modified":"2024-07-08T16:33:33","modified_gmt":"2024-07-08T13:33:33","slug":"kadin-konuk-evi-akdeniz-belediyesi-bunyesine-gecti-2","status":"publish","type":"post","link":"https:\/\/akdenizolaygazetesi.com\/?p=31186","title":{"rendered":"KADIN KONUK EV\u0130 AKDEN\u0130Z BELED\u0130YES\u0130 B\u00dcNYES\u0130NE GE\u00c7T\u0130"},"content":{"rendered":"<p>Akdeniz Belediye Meclisi\u2019nin ald\u0131\u011f\u0131 kararla; m\u00fclkiyeti belediyeye ait olan Kad\u0131n Konukevi\u2019nin, \u00f6nceki y\u00f6netim d\u00f6neminde Bakanl\u0131\u011fa (Aile ve Sosyal Hizmetler \u0130l M\u00fcd\u00fcrl\u00fc\u011f\u00fc) tahsisini i\u00e7eren 4 Aral\u0131k 2023 tarih ve 131 say\u0131l\u0131 Meclis karar\u0131 iptal edildi. Oybirli\u011fi ile al\u0131nan kararla birlikte kad\u0131n konuk evi binas\u0131 Akdeniz Belediyesi b\u00fcnyesine ge\u00e7ti.<\/p>\n<p>Akdeniz Belediye Meclisi, Temmuz ay\u0131 ikinci birle\u015fim birinci oturumunu, e\u015f ba\u015fkanlar Ho\u015fyar Sar\u0131y\u0131ld\u0131z ve Nuriye Arslan Ba\u015fkanl\u0131\u011f\u0131\u2019nda ger\u00e7ekle\u015ftirdi. Yoklama, Sayg\u0131 Duru\u015fu ve \u0130stiklal Mar\u015f\u0131 ile ba\u015flayan toplant\u0131, bir \u00f6nceki birle\u015fim tutanak \u00f6zetini kabul\u00fc ile s\u00fcrd\u00fc. Toplant\u0131da, \u00f6nceki y\u00f6netim d\u00f6neminde al\u0131nan Meclis karar\u0131 ile Aile ve Sosyal Hizmetler M\u00fcd\u00fcrl\u00fc\u011f\u00fc\u2019ne (Bakanl\u0131k) tahsisi yap\u0131lan, m\u00fclkiyeti Akdeniz Belediyesi\u2019ne ait olan Kad\u0131n Konuk Evi ile ilgili tahsis i\u015fleminin iptaline ili\u015fkin g\u00fcndem maddesi g\u00f6r\u00fc\u015f\u00fcld\u00fc. Tahsisin iptali hakk\u0131nda komisyonlardan oybirli\u011fi ile gelen kararla birlikte, belediyenin \u00f6nceki y\u0131llarda in\u015fa etti\u011fi Kad\u0131n Konuk Evi binas\u0131n\u0131n Akdeniz Belediyesi b\u00fcnyesine kat\u0131l\u0131m\u0131 ger\u00e7ekle\u015fti.<\/p>\n<p>\u201cTahsis i\u015fleminin yanl\u0131\u015f oldu\u011funu ge\u00e7en d\u00f6nem de s\u00f6yledik\u201d<\/p>\n<p>Meclis \u00fcyelerinin konu hakk\u0131ndaki ele\u015ftiri ve tart\u0131\u015fmalar\u0131 \u00fczerine s\u00f6z alan ve \u00f6nceki d\u00f6nemde de Meclis \u00fcyesi olan E\u015f Ba\u015fkan Nuriye Arslan; tahsis iptalinin Meclis \u00fcyelerinin oybirli\u011fi ile al\u0131nmas\u0131 nedeniyle te\u015fekk\u00fcr etti. Arslan; \u201cO d\u00f6nemde de bizler y\u00f6ntemin do\u011fru olmad\u0131\u011f\u0131na dair burada tart\u0131\u015fmalar yapm\u0131\u015ft\u0131k. Bu tahsis i\u015flemi ger\u00e7ekten do\u011fru de\u011fildi. Hem belediye mevzuat\u0131na hem de belediye yasalar\u0131na uygun de\u011fildi. \u00c7\u00fcnk\u00fc yasa a\u00e7\u0131k; Yasa diyor ki; \u2018100 binin \u00fczerinde n\u00fcfusu olan yerle\u015fim yerlerinde s\u0131\u011f\u0131nma evinin olmas\u0131 zorunludur.\u2019 Biz, y\u00f6ntemsel olarak da eksikli\u011fe d\u00fc\u015ft\u00fc\u011f\u00fcm\u00fcz\u00fc o zaman tart\u0131\u015fm\u0131\u015ft\u0131k. Ama \u00f6nemli olan bu binay\u0131 tekrar belediyemizin b\u00fcnyesine almak\u201d dedi.<\/p>\n<p>\u201cKad\u0131n cinayetleri ve \u015fiddet vakalar\u0131nda korkun\u00e7 bir art\u0131\u015f var\u201d<\/p>\n<p>S\u00f6zlerini, \u201cG\u00f6n\u00fcl isterdi ki b\u00f6yle bir yeri a\u00e7maya gerek olmasayd\u0131, g\u00f6n\u00fcl isterdi ki \u00fclkemizde kad\u0131na y\u00f6nelik \u015fiddet olmas\u0131n. Kad\u0131n cinayetlerinin olmad\u0131\u011f\u0131 bir \u00fclkeye sahip olmak isterdik\u201d diyerek s\u00fcrd\u00fcren E\u015f Ba\u015fkan Arslan; \u201cAma g\u00fcn ge\u00e7miyor ki \u00fclkemizde en az 2-3 kad\u0131n cinayetini duyuyoruz. Ge\u00e7ti\u011fimiz aylarda kad\u0131n platformlar\u0131n\u0131n yapt\u0131\u011f\u0131 ara\u015ft\u0131rmalara g\u00f6re kad\u0131n cinayetleri ve kad\u0131na y\u00f6nelik \u015fiddet vakalar\u0131 korkun\u00e7 seviyelere ula\u015fm\u0131\u015f. Fikri ve siyasi olarak kad\u0131na y\u00f6nelik \u015fiddete kar\u015f\u0131 oldu\u011fumuzu herkes \u00e7ok iyi bilir. Tabi kad\u0131n konuk evinin, belediyemiz b\u00fcnyesine al\u0131nmas\u0131 elimizi g\u00fc\u00e7lendirecektir. Bu s\u00fcreci de yine hep birlikte y\u00fcr\u00fctece\u011fiz. Kad\u0131nlara y\u00f6nelik \u015fiddete kar\u015f\u0131 sadece kad\u0131nlar durmayacak. Toplumsal cinsiyet bilincini olu\u015fturmam\u0131z ve geli\u015ftirmemiz de gerekiyor\u201d ifadelerini kulland\u0131.<\/p>\n<p>\u201cHer mecliste \u00f6nceki y\u00f6netimin g\u00fcndeme gelmesi do\u011fru de\u011fil\u201d<\/p>\n<p>E\u015f Ba\u015fkan\u0131 Ho\u015fyar Sar\u0131y\u0131ld\u0131z ise, &nbsp;Meclis \u00fcyelerinin \u00f6nceki d\u00f6neme ili\u015fkin baz\u0131 ele\u015ftirileri \u00fczerine bir de\u011ferlendirme yapt\u0131. Sar\u0131y\u0131ld\u0131z; \u201c\u00d6nceki d\u00f6nemin kimi icraatlar\u0131n\u0131n her Meclis toplant\u0131m\u0131zda g\u00fcndeme gelmesi veya tart\u0131\u015f\u0131lmas\u0131 do\u011fru de\u011fil. \u2018\u00d6n\u00fcm\u00fczdeki s\u00fcre\u00e7te nas\u0131l daha iyi yapar\u0131z\u2019 konusunu konu\u015ftu\u011fumuz; \u00f6rne\u011fin kad\u0131n konuk evini nas\u0131l halk\u0131m\u0131z\u0131n hizmetine kazand\u0131r\u0131labilece\u011fimizi yahut buras\u0131 i\u00e7in nas\u0131l bir ek b\u00fct\u00e7e, destek olu\u015fturabilece\u011fimizi tart\u0131\u015fal\u0131m. \u00d6zellikle bu tarz konulara olumlu pencereden bakarsak e\u011fer, Meclisimiz daha sa\u011fl\u0131kl\u0131 i\u015fler ve koordineli \u015fekilde y\u00fcr\u00fcr bir hale gelir. Komisyon \u00e7al\u0131\u015fmalar\u0131nda oybirli\u011fi ile al\u0131nan bu karar bizim i\u00e7in ger\u00e7ekten \u00e7ok \u00f6nemli. Meclis toplant\u0131lar\u0131m\u0131z\u0131n bu \u015fekliyle devam\u0131 ayr\u0131ca i\u00e7in \u00e7ok k\u0131ymetli\u201d diye konu\u015ftu.<\/p>\n","protected":false},"excerpt":{"rendered":"<p>Akdeniz Belediye Meclisi\u2019nin ald\u0131\u011f\u0131 kararla; m\u00fclkiyeti belediyeye ait olan Kad\u0131n Konukevi\u2019nin, \u00f6nceki y\u00f6netim d\u00f6neminde Bakanl\u0131\u011fa (Aile ve Sosyal Hizmetler \u0130l M\u00fcd\u00fcrl\u00fc\u011f\u00fc) tahsisini i\u00e7eren 4 Aral\u0131k 2023 tarih ve 131 say\u0131l\u0131 &hellip; <a href=\"https:\/\/akdenizolaygazetesi.com\/?p=31186\" class=\"more-link\">Devam\u0131n\u0131 Oku&#8230;<\/a><\/p>\n","protected":false},"author":2,"featured_media":31217,"comment_status":"open","ping_status":"open","sticky":false,"template":"","format":"standard","meta":[],"categories":[1,2,3],"tags":[],"_links":{"self":[{"href":"https:\/\/akdenizolaygazetesi.com\/index.php?rest_route=\/wp\/v2\/posts\/31186"}],"collection":[{"href":"https:\/\/akdenizolaygazetesi.com\/index.php?rest_route=\/wp\/v2\/posts"}],"about":[{"href":"https:\/\/akdenizolaygazetesi.com\/index.php?rest_route=\/wp\/v2\/types\/post"}],"author":[{"embeddable":true,"href":"https:\/\/akdenizolaygazetesi.com\/index.php?rest_route=\/wp\/v2\/users\/2"}],"replies":[{"embeddable":true,"href":"https:\/\/akdenizolaygazetesi.com\/index.php?rest_route=%2Fwp%2Fv2%2Fcomments&post=31186"}],"version-history":[{"count":2,"href":"https:\/\/akdenizolaygazetesi.com\/index.php?rest_route=\/wp\/v2\/posts\/31186\/revisions"}],"predecessor-version":[{"id":31218,"href":"https:\/\/akdenizolaygazetesi.com\/index.php?rest_route=\/wp\/v2\/posts\/31186\/revisions\/31218"}],"wp:featuredmedia":[{"embeddable":true,"href":"https:\/\/akdenizolaygazetesi.com\/index.php?rest_route=\/wp\/v2\/media\/31217"}],"wp:attachment":[{"href":"https:\/\/akdenizolaygazetesi.com\/index.php?rest_route=%2Fwp%2Fv2%2Fmedia&parent=31186"}],"wp:term":[{"taxonomy":"category","embeddable":true,"href":"https:\/\/akdenizolaygazetesi.com\/index.php?rest_route=%2Fwp%2Fv2%2Fcategories&post=31186"},{"taxonomy":"post_tag","embeddable":true,"href":"https:\/\/akdenizolaygazetesi.com\/index.php?rest_route=%2Fwp%2Fv2%2Ftags&post=31186"}],"curies":[{"name":"wp","href":"https:\/\/api.w.org\/{rel}","templated":true}]}}