{"id":31189,"date":"2024-07-05T17:53:47","date_gmt":"2024-07-05T14:53:47","guid":{"rendered":"http:\/\/akdenizolaygazetesi.com\/?p=31189"},"modified":"2024-07-05T17:53:52","modified_gmt":"2024-07-05T14:53:52","slug":"31189","status":"publish","type":"post","link":"https:\/\/akdenizolaygazetesi.com\/?p=31189","title":{"rendered":"MEZ\u0130TL\u0130 BELED\u0130YES\u0130 SPOR ETK\u0130NL\u0130KLER\u0130YLE SA\u011eLIKLI YA\u015eAMI TE\u015eV\u0130K ED\u0130YOR"},"content":{"rendered":"<p>Mezitli Belediyesi, 7&#8217;den 70&#8217;e herkesin kat\u0131labilece\u011fi spor etkinlikleri d\u00fczenlemeye devam ediyor. Her hafta Mezitli&#8217;nin farkl\u0131 noktalar\u0131nda ger\u00e7ekle\u015ftirilen pilates, zumba ve yoga gibi etkinlikler, vatanda\u015flardan b\u00fcy\u00fck ilgi g\u00f6r\u00fcyor. Mezitli Belediye Ba\u015fkan\u0131 Ahmet Serkan Tuncer de s\u0131k s\u0131k bu etkinliklere kat\u0131larak vatanda\u015flarla birlikte spor yap\u0131yor ve sa\u011fl\u0131kl\u0131 bir ya\u015fam i\u00e7in herkesi bu etkinliklere davet ediyor.<\/p>\n<p>\u00d6zellikle kad\u0131nlar\u0131n yo\u011fun ilgi g\u00f6sterdi\u011fi programlar, uzman e\u011fitmenler e\u015fli\u011finde ger\u00e7ekle\u015ftiriliyor. Kad\u0131nlar, sa\u011fl\u0131kl\u0131 ya\u015fam hedefiyle bir araya gelerek profesyonel e\u011fitmenler e\u015fli\u011finde spor yapman\u0131n keyfini \u00e7\u0131kar\u0131yor.<\/p>\n<p>ETK\u0130NL\u0130KLER EYL\u00dcL AYINA KADAR DEVAM EDECEK<\/p>\n<p>\u00dccretsiz olarak d\u00fczenlenen a\u00e7\u0131k hava spor etkinlikleri, Eyl\u00fcl ay\u0131na kadar devam edecek. Etkinliklere kat\u0131lmak isteyen vatanda\u015flar, Mezitli Belediyesi&#8217;nin sosyal medya hesaplar\u0131n\u0131 takip ederek programlar hakk\u0131nda bilgi alabilirler.<\/p>\n<p>&#8220;SA\u011eLIKLI B\u0130R YA\u015eAMIN YOLU SPORDAN GE\u00c7\u0130YOR&#8221;<\/p>\n<p>Mezitli Belediye Ba\u015fkan\u0131 Ahmet Serkan Tuncer, &#8220;Farkl\u0131 noktalarda a\u00e7\u0131k hava sporlar\u0131 etkinlikleri ba\u015flatt\u0131k. Sa\u011fl\u0131kl\u0131 bir ya\u015fam\u0131n yolu spordan ge\u00e7iyor. Vatanda\u015flar\u0131m\u0131z\u0131n spor yapmas\u0131 i\u00e7in her t\u00fcrl\u00fc imk\u00e2n\u0131 sunmaya devam edece\u011fiz&#8221; dedi.<\/p>\n","protected":false},"excerpt":{"rendered":"<p>Mezitli Belediyesi, 7&#8217;den 70&#8217;e herkesin kat\u0131labilece\u011fi spor etkinlikleri d\u00fczenlemeye devam ediyor. Her hafta Mezitli&#8217;nin farkl\u0131 noktalar\u0131nda ger\u00e7ekle\u015ftirilen pilates, zumba ve yoga gibi etkinlikler, vatanda\u015flardan b\u00fcy\u00fck ilgi g\u00f6r\u00fcyor. Mezitli Belediye Ba\u015fkan\u0131 &hellip; <a href=\"https:\/\/akdenizolaygazetesi.com\/?p=31189\" class=\"more-link\">Devam\u0131n\u0131 Oku&#8230;<\/a><\/p>\n","protected":false},"author":2,"featured_media":31190,"comment_status":"open","ping_status":"open","sticky":false,"template":"","format":"standard","meta":[],"categories":[1,2,3],"tags":[],"_links":{"self":[{"href":"https:\/\/akdenizolaygazetesi.com\/index.php?rest_route=\/wp\/v2\/posts\/31189"}],"collection":[{"href":"https:\/\/akdenizolaygazetesi.com\/index.php?rest_route=\/wp\/v2\/posts"}],"about":[{"href":"https:\/\/akdenizolaygazetesi.com\/index.php?rest_route=\/wp\/v2\/types\/post"}],"author":[{"embeddable":true,"href":"https:\/\/akdenizolaygazetesi.com\/index.php?rest_route=\/wp\/v2\/users\/2"}],"replies":[{"embeddable":true,"href":"https:\/\/akdenizolaygazetesi.com\/index.php?rest_route=%2Fwp%2Fv2%2Fcomments&post=31189"}],"version-history":[{"count":2,"href":"https:\/\/akdenizolaygazetesi.com\/index.php?rest_route=\/wp\/v2\/posts\/31189\/revisions"}],"predecessor-version":[{"id":31192,"href":"https:\/\/akdenizolaygazetesi.com\/index.php?rest_route=\/wp\/v2\/posts\/31189\/revisions\/31192"}],"wp:featuredmedia":[{"embeddable":true,"href":"https:\/\/akdenizolaygazetesi.com\/index.php?rest_route=\/wp\/v2\/media\/31190"}],"wp:attachment":[{"href":"https:\/\/akdenizolaygazetesi.com\/index.php?rest_route=%2Fwp%2Fv2%2Fmedia&parent=31189"}],"wp:term":[{"taxonomy":"category","embeddable":true,"href":"https:\/\/akdenizolaygazetesi.com\/index.php?rest_route=%2Fwp%2Fv2%2Fcategories&post=31189"},{"taxonomy":"post_tag","embeddable":true,"href":"https:\/\/akdenizolaygazetesi.com\/index.php?rest_route=%2Fwp%2Fv2%2Ftags&post=31189"}],"curies":[{"name":"wp","href":"https:\/\/api.w.org\/{rel}","templated":true}]}}