{"id":31193,"date":"2024-07-07T14:11:42","date_gmt":"2024-07-07T11:11:42","guid":{"rendered":"http:\/\/akdenizolaygazetesi.com\/?p=31193"},"modified":"2024-07-08T16:34:42","modified_gmt":"2024-07-08T13:34:42","slug":"iklim-egitimi-ve-diyalogu-guclendirme-projesinin-2-adimi-atildi","status":"publish","type":"post","link":"https:\/\/akdenizolaygazetesi.com\/?p=31193","title":{"rendered":"\u0130KL\u0130M E\u011e\u0130T\u0130M\u0130 VE D\u0130YALO\u011eU G\u00dc\u00c7LEND\u0130RME PROJES\u0130&#8217;N\u0130N 2. ADIMI ATILDI"},"content":{"rendered":"<p>Mersin B\u00fcy\u00fck\u015fehir Belediyesi ile Almanya&#8217;n\u0131n Oberhausen Belediyesi aras\u0131nda imzalanan ve a\u00e7\u0131l\u0131\u015f toplant\u0131s\u0131 ge\u00e7ti\u011fimiz \u015eubat ay\u0131nda Mersin&#8217;de yap\u0131lan&nbsp;&#8216;\u0130klim E\u011fitimi ve \u0130klim Diyalo\u011fu G\u00fc\u00e7lendirme Projesi&#8217;nin ikinci ad\u0131m\u0131, Oberhausen&#8217;a yap\u0131lan teknik gezi ile ger\u00e7ekle\u015ftirildi. B\u00fcy\u00fck\u015fehir ekipleri, Oberhausen G\u00fcndem Ofisi ve GMVA At\u0131k Yakma Tesisi&#8217;nde incelemelerde bulundu. B\u00fcy\u00fck\u015fehir ekibi program kapsam\u0131nda, Bahnhofstra\u00dfe Projesi&nbsp;&#8216;LEALI&#8217;&nbsp;hakk\u0131nda bilgi al\u0131rken; iklim, \u00e7evre, at\u0131k y\u00f6netimi ve s\u00fcrd\u00fcr\u00fclebilirlik konusunda \u00f6nemli kazan\u0131mlar\u0131n edinildi\u011fi ve i\u015f birli\u011finin g\u00fc\u00e7lendirildi\u011fi gezi sonunda, projeye dair at\u0131lacak yeni ad\u0131mlar da konu\u015fuldu.<\/p>\n<p>Mersin B\u00fcy\u00fck\u015fehir Belediyesi \u0130klim De\u011fi\u015fikli\u011fi ve S\u0131f\u0131r At\u0131k Dairesi; iklim de\u011fi\u015fikli\u011fi, \u00e7evre, at\u0131k y\u00f6netimi ve s\u00fcrd\u00fcr\u00fclebilirlik konusundaki \u00e7al\u0131\u015fmalar\u0131n\u0131 uluslararas\u0131 boyutta imzalad\u0131\u011f\u0131 projelerle devam ettiriyor. O projelerden biri olan ve ge\u00e7ti\u011fimiz \u015eubat ay\u0131nda a\u00e7\u0131l\u0131\u015f toplant\u0131s\u0131 Mersin&#8217;de yap\u0131lan&nbsp;&#8216;\u0130klim E\u011fitimi ve \u0130klim Diyalo\u011fu G\u00fc\u00e7lendirme Projesi&#8217;&nbsp;kapsam\u0131nda B\u00fcy\u00fck\u015fehir ekipleri, Almanya&#8217;n\u0131n Oberhausen \u015fehrine teknik gezi d\u00fczenledi.<\/p>\n<p>Karde\u015f \u015fehir Almanya&#8217;n\u0131n Oberhausen kentine d\u00fczenlenen teknik geziye Mersin B\u00fcy\u00fck\u015fehir Belediyesi Genel Sekreter Yard\u0131mc\u0131s\u0131 Ali R\u0131za \u00d6zdemir, \u0130klim De\u011fi\u015fikli\u011fi ve S\u0131f\u0131r At\u0131k Dairesi Ba\u015fkan\u0131 Dr. Kemal Zorlu, \u0130klim ve \u00c7evre Bilim Merkezi \u015eube M\u00fcd\u00fcr\u00fc Onur Sevin, \u0130klim ve \u00c7evre Bilim Merkezi \u015eefi ve Kimya M\u00fchendisi \u00d6zge Karaer, Proje Sorunlusu ve \u00c7evre M\u00fchendisi \u015eeyda T\u00f6p ile Proje Sorumlusu Cansu Nisa \u00d6zg\u00f6k\u00e7eler kat\u0131ld\u0131.<\/p>\n<p>At\u0131k y\u00f6netimi ve ye\u015fillendirme konusunda \u00f6nemli bilgiler edinildi<\/p>\n<p>Y\u00fcr\u00fct\u00fclen proje kapsam\u0131nda yap\u0131lan teknik gezide ekip, Oberhausen G\u00fcndem Ofisi ve GMVA At\u0131k Yakma Tesisi&#8217;nde incelemelerde bulundu. At\u0131k Yakma Tesisi&#8217;nde at\u0131k ayr\u0131\u015ft\u0131rma s\u00fcre\u00e7lerine dair detayl\u0131 bilgi alan ekip, saha d\u0131\u015f\u0131ndaki d\u0131\u015f cephe ye\u015fillendirme projesini de inceledi. Ekip, Bahnhofstra\u00dfe Projesi ile \u00e7evre ve iklim e\u011fitimi i\u00e7in hayata ge\u00e7irilen&nbsp;&#8216;LEALI&#8217;&nbsp;projesi hakk\u0131nda da bilgi ald\u0131.<\/p>\n<p>Fraunhofer Enstit\u00fcs\u00fc i\u015f birli\u011fiyle d\u00fczenlenen \u00e7al\u0131\u015ftaya da kat\u0131larak, Klimaneutrales Oberhausen STK a\u011f\u0131 ile \u015fehir ve STK&#8217;lar aras\u0131ndaki i\u015fbirli\u011fi konusunda fikir al\u0131\u015fveri\u015finde bulunan ekip, Rathaus Oberhausen Meclis Odas\u0131&#8217;nda i\u015f birli\u011fi i\u00e7in imzalar\u0131 da atarak projeyi resmile\u015ftirdi. \u0130klim, \u00e7evre, at\u0131k y\u00f6netimi ve s\u00fcrd\u00fcr\u00fclebilirlik konusunda \u00f6nemli kazan\u0131mlar\u0131n edinildi\u011fi ve i\u015f birli\u011finin g\u00fc\u00e7lendirildi\u011fi gezi sonunda, projeye dair at\u0131lacak yeni ad\u0131mlar da konu\u015fuldu.<\/p>\n<p>&#8216;\u0130klim E\u011fitimi ve \u0130klim Diyalo\u011fu G\u00fc\u00e7lendirme Projesi&#8217; nedir?<\/p>\n<p>&#8216;\u0130klim E\u011fitimi ve \u0130klim Diyalo\u011fu G\u00fc\u00e7lendirme Projesi&#8217;; Mersin ve Oberhausen karde\u015f belediyeleri aras\u0131nda iklim ileti\u015fiminin geli\u015ftirilmesi ve iklim e\u011fitimi hizmetlerinin iyile\u015ftirilmesi i\u00e7in tecr\u00fcbe payla\u015f\u0131mlar\u0131n\u0131n yap\u0131ld\u0131\u011f\u0131 bir proje.<\/p>\n","protected":false},"excerpt":{"rendered":"<p>Mersin B\u00fcy\u00fck\u015fehir Belediyesi ile Almanya&#8217;n\u0131n Oberhausen Belediyesi aras\u0131nda imzalanan ve a\u00e7\u0131l\u0131\u015f toplant\u0131s\u0131 ge\u00e7ti\u011fimiz \u015eubat ay\u0131nda Mersin&#8217;de yap\u0131lan&nbsp;&#8216;\u0130klim E\u011fitimi ve \u0130klim Diyalo\u011fu G\u00fc\u00e7lendirme Projesi&#8217;nin ikinci ad\u0131m\u0131, Oberhausen&#8217;a yap\u0131lan teknik gezi ile &hellip; <a href=\"https:\/\/akdenizolaygazetesi.com\/?p=31193\" class=\"more-link\">Devam\u0131n\u0131 Oku&#8230;<\/a><\/p>\n","protected":false},"author":2,"featured_media":31219,"comment_status":"open","ping_status":"open","sticky":false,"template":"","format":"standard","meta":[],"categories":[1,2,3],"tags":[],"_links":{"self":[{"href":"https:\/\/akdenizolaygazetesi.com\/index.php?rest_route=\/wp\/v2\/posts\/31193"}],"collection":[{"href":"https:\/\/akdenizolaygazetesi.com\/index.php?rest_route=\/wp\/v2\/posts"}],"about":[{"href":"https:\/\/akdenizolaygazetesi.com\/index.php?rest_route=\/wp\/v2\/types\/post"}],"author":[{"embeddable":true,"href":"https:\/\/akdenizolaygazetesi.com\/index.php?rest_route=\/wp\/v2\/users\/2"}],"replies":[{"embeddable":true,"href":"https:\/\/akdenizolaygazetesi.com\/index.php?rest_route=%2Fwp%2Fv2%2Fcomments&post=31193"}],"version-history":[{"count":2,"href":"https:\/\/akdenizolaygazetesi.com\/index.php?rest_route=\/wp\/v2\/posts\/31193\/revisions"}],"predecessor-version":[{"id":31221,"href":"https:\/\/akdenizolaygazetesi.com\/index.php?rest_route=\/wp\/v2\/posts\/31193\/revisions\/31221"}],"wp:featuredmedia":[{"embeddable":true,"href":"https:\/\/akdenizolaygazetesi.com\/index.php?rest_route=\/wp\/v2\/media\/31219"}],"wp:attachment":[{"href":"https:\/\/akdenizolaygazetesi.com\/index.php?rest_route=%2Fwp%2Fv2%2Fmedia&parent=31193"}],"wp:term":[{"taxonomy":"category","embeddable":true,"href":"https:\/\/akdenizolaygazetesi.com\/index.php?rest_route=%2Fwp%2Fv2%2Fcategories&post=31193"},{"taxonomy":"post_tag","embeddable":true,"href":"https:\/\/akdenizolaygazetesi.com\/index.php?rest_route=%2Fwp%2Fv2%2Ftags&post=31193"}],"curies":[{"name":"wp","href":"https:\/\/api.w.org\/{rel}","templated":true}]}}