{"id":31196,"date":"2024-07-07T14:15:27","date_gmt":"2024-07-07T11:15:27","guid":{"rendered":"http:\/\/akdenizolaygazetesi.com\/?p=31196"},"modified":"2024-07-08T16:36:30","modified_gmt":"2024-07-08T13:36:30","slug":"buyuksehirin-u-11-u-12-futbol-senlik-ligi-odul-toreni-ile-son-buldu","status":"publish","type":"post","link":"https:\/\/akdenizolaygazetesi.com\/?p=31196","title":{"rendered":"B\u00dcY\u00dcK\u015eEH\u0130R&#8217;\u0130N &#8216;U-11\/U-12 FUTBOL \u015eENL\u0130K L\u0130G\u0130&#8217; \u00d6D\u00dcL T\u00d6REN\u0130 \u0130LE SON BULDU"},"content":{"rendered":"<p>\u00c7ocuklar\u0131n sporla i\u00e7 i\u00e7e olmas\u0131 i\u00e7in sportif faaliyet ve organizasyonlar d\u00fczenleyen Mersin B\u00fcy\u00fck\u015fehir Belediyesi&#8217;nin bu y\u0131l 3.&#8217;s\u00fcn\u00fc ger\u00e7ekle\u015ftirdi\u011fi&nbsp;&#8216;U-11 ve U-12 Futbol \u015eenlik Ligi&#8217;, \u00f6d\u00fcl t\u00f6reni ile sonland\u0131. 3 Haziran&#8217;da ba\u015flayan; Erdemli, Silifke, Tarsus ve merkezden 147 spor kul\u00fcb\u00fcn\u00fcn kat\u0131ld\u0131\u011f\u0131 ve 3 bin \u00e7ocu\u011fun rekabet etti\u011fi organizasyonda birinci olan tak\u0131mlara \u00f6d\u00fclleri takdim edildi.<\/p>\n<p>\u00c7ocuklar\u0131n sporla b\u00fcy\u00fcmesi ve sporla i\u00e7 i\u00e7 olmas\u0131 i\u00e7in pek \u00e7ok organizasyona ev sahipli\u011fi yapan Mersin B\u00fcy\u00fck\u015fehir Belediyesi&#8217;nin, Gen\u00e7lik ve Spor Hizmetleri Dairesi Ba\u015fkanl\u0131\u011f\u0131 b\u00fcnyesinde bu y\u0131l 3.&#8217;s\u00fcn\u00fc d\u00fczenledi\u011fi&nbsp;&#8216;U-11 ve U-12 Futbol \u015eenlik Ligi&#8217;, \u00f6d\u00fcl t\u00f6reni ile sonland\u0131.<\/p>\n<p>3 Haziran&#8217;da ba\u015flayan, T\u00fcrkiye Futbol Federasyonu ve Mersin Amat\u00f6r Spor Kul\u00fcpleri Federasyonu (ASKF) i\u015f birli\u011finde ger\u00e7ekle\u015fen \u00c7ocuk Futbol \u015eenli\u011fi&#8217;nde; Erdemli, Silifke, Tarsus ve merkezden 11 ve 12 ya\u015f grubu \u00e7ocuklar k\u0131yas\u0131ya m\u00fccadele etti. 147 spor kul\u00fcb\u00fcn\u00fcn kat\u0131ld\u0131\u011f\u0131 ve 3 bin \u00e7ocu\u011fun rekabet etti\u011fi organizasyonda, birinci olan tak\u0131mlara \u00f6d\u00fclleri d\u00fczenlenen t\u00f6renlerle takdim edildi.<\/p>\n<p>Macit \u00d6zcan Spor Tesisleri&#8217;nde ger\u00e7ekle\u015fen \u00f6d\u00fcl t\u00f6reninde aileler de yer alarak, \u00e7ocuklar\u0131n\u0131n mutluluklar\u0131na ortak oldu. \u00d6d\u00fcl t\u00f6reninde Mersin B\u00fcy\u00fck\u015fehir Belediyesi Genel Sekreteri Olcay Tok, Genel Sekreter Yard\u0131mc\u0131lar\u0131 Serdal G\u00f6kayaz ve Ali R\u0131za \u00d6zdemir, Gen\u00e7lik ve Spor Hizmetleri Dairesi Ba\u015fkan\u0131 Emrullah Ta\u015fk\u0131n ile Gen\u00e7lik ve Spor Hizmetleri \u015eube M\u00fcd\u00fcr\u00fc B\u00fcnyamin G\u00f6kayaz da yer ald\u0131.<\/p>\n<p>\u00d6d\u00fclleri takdim edilen tak\u0131mlar aras\u0131nda; U-11 A Grubu birincisi Mersin B\u00fcy\u00fck\u015fehir Belediyesi, U-11 B Grubu birincisi Kadirefe, U-11 C Grubu M. \u00c7elikspor, U-11 D Grubu birincisi Yeni\u015fehir \u0130dman Yurdu olurken; U-12 A Grubu birincisi Akdeniz Zirve, U- 12 B Grubu birincisi M. Demirspor, U-12 C Grubu birincisi Evrensel, U-12 D Grubu birincisi Toroslar Kartal oldu.<\/p>\n<p>Ba\u015far\u0131l\u0131 olan tak\u0131mlara kupalar\u0131 verildi<\/p>\n<p>Tarsus&#8217;ta ger\u00e7ekle\u015fen&nbsp;&#8216;U-11, U-12 Futbol \u015eenlik Ligi&#8217;&nbsp;4 grupta oynand\u0131. Turnuvaya ev sahipli\u011fi yapan Tarsus \u015eehir Stad\u0131&#8217;nda gruplar\u0131nda birinci, ikinci ve \u00fc\u00e7\u00fcnc\u00fc olan tak\u0131mlara, d\u00fczenlenen t\u00f6renle kupalar\u0131 verildi. Gen\u00e7 oyuncular\u0131n olduk\u00e7a heyecanl\u0131 olduklar\u0131 g\u00f6zlenen kupa t\u00f6renine, kul\u00fcp y\u00f6netici ve hocalar\u0131n\u0131n yan\u0131 s\u0131ra aileler de kat\u0131ld\u0131.<\/p>\n<p>Erdemli&#8217;de ger\u00e7ekle\u015fen&nbsp;&#8216;U-11, U-12 Futbol \u015eenlik Ligi&#8217;nde, U-11 A ve U-12 A olmak \u00fczere 2 kategoride \u00f6d\u00fcl verildi. Erdemli Stadyumu&#8217;nda ger\u00e7ekle\u015fen \u00f6d\u00fcl t\u00f6reninde U-11 A grubunda; Erdemli Belediye birinci, \u00c7e\u015fmeli \u0130dman Yurdu ikinci, Koyuncu Irmak tak\u0131mlar\u0131 \u00fc\u00e7\u00fcnc\u00fc oldu. U- 12 A grubunda ise; Erdemli Belediye birinci, E.Elit ikinci, Koyuncu Irmak tak\u0131m\u0131 \u00fc\u00e7\u00fcnc\u00fc oldu.<\/p>\n<p>Silifke Ta\u015fucu Stadyumu&#8217;nda ger\u00e7ekle\u015fen&nbsp;&#8216;U-11, U-12 Futbol \u015eenlik Ligi&#8217;&nbsp;\u00f6d\u00fcl t\u00f6reninde de ba\u015far\u0131l\u0131 sporculara \u00f6d\u00fclleri takdim edildi. 2 kategoride verilen \u00f6d\u00fcllerde U-11 A grubunda Gen\u00e7 Mut birinci, Silifke \u00c7a\u011fda\u015f ikinci, Ta\u015feli \u0130dman Yurdu \u00fc\u00e7\u00fcnc\u00fc olurken U-12 A grubunda ise Gen\u00e7 Mut birinci, Silifke \u00c7a\u011fda\u015f ikinci, Silifke Belediye tak\u0131mlar\u0131 \u00fc\u00e7\u00fcnc\u00fc oldu.<\/p>\n<p>Tok: &#8220;Organizasyona olan kat\u0131l\u0131m her sene artarak devam ediyor&#8221;<\/p>\n<p>Mersin B\u00fcy\u00fck\u015fehir Belediyesi Genel Sekreteri Olcay Tok, T\u00fcrkiye Futbol Federasyonu ve Mersin Amat\u00f6r Spor Kul\u00fcpleri Federasyonu i\u015f birli\u011fi ile bu y\u0131l&nbsp;&#8216;U-11 ve U-12 Futbol \u015eenlik Ligi&#8217;nin 3.&#8217;s\u00fcn\u00fc d\u00fczenlediklerini ifade etti. B\u00fcy\u00fck\u015fehir Belediyesi&#8217;nin spora olan deste\u011finin artarak devam edece\u011fini vurgulayan Tok,&nbsp;&#8220;Organizasyona kat\u0131l\u0131m her sene artarak, daha fazla tak\u0131m\u0131n m\u00fccadele etmesi sa\u011flan\u0131yor. Bu sene merkez il\u00e7elerimizin hepsi, Tarsus, Silifke ve Erdemli&#8217;den toplam 147 tak\u0131m ve 3 bin sporcu, aileleri ile beraber \u015fenli\u011fimize kat\u0131ld\u0131lar. Gelecekte buradan \u00e7ok ciddi y\u0131ld\u0131zlar \u00e7\u0131kacak. Ben bundan eminim, \u00e7\u00fcnk\u00fc i\u00e7lerinde \u00e7ok iyi futbolcular var&#8221;&nbsp;diyerek, organizasyonda eme\u011fi ge\u00e7en ve katk\u0131 sunan herkese te\u015fekk\u00fcr etti.<\/p>\n<p>G\u00f6kayaz: &#8220;3 bin sporcunun i\u015ftiraki ile \u00e7ok g\u00fczel bir turnuva ger\u00e7ekle\u015fti&#8221;<\/p>\n<p>Futbol \u015eenlik Ligi&#8217;nin yakla\u015f\u0131k bir ay s\u00fcrd\u00fc\u011f\u00fcn\u00fc kaydeden Gen\u00e7lik ve Spor Hizmetleri \u015eube M\u00fcd\u00fcr\u00fc B\u00fcnyamin G\u00f6kayaz,&nbsp;&#8220;Yakla\u015f\u0131k bir ay s\u00fcren turnuvaya 147 tak\u0131m\u0131m\u0131z 3 bin sporcu ile i\u015ftirak etti. Bu zaten, ad\u0131 \u00fczerinde \u015fenlik ligi. Bunun kaybedeni olmaz. Kazanan\u0131 ise hepimiziz. \u00d6n\u00fcm\u00fczdeki y\u0131llarda daha b\u00fcy\u00fck kat\u0131l\u0131mlarla, daha g\u00fczel bir organizasyon olmas\u0131n\u0131 diliyorum&#8221;&nbsp;ifadelerini kulland\u0131.<\/p>\n<p>Uzunba\u011f: &#8220;11 ve 12 ya\u015f grubu miniklerin kat\u0131ld\u0131\u011f\u0131 \u00e7ok g\u00fczel bir turnuva yap\u0131ld\u0131&#8221;<\/p>\n<p>Erdemli&#8217;de ger\u00e7ekle\u015ftirilen \u00f6d\u00fcl t\u00f6reninde konu\u015fan B\u00fcy\u00fck\u015fehir Belediyesi Erdemli Koordinat\u00f6r\u00fc Vedat Uzunba\u011f, turnuvan\u0131n g\u00fczel ge\u00e7ti\u011fini belirterek,&nbsp;&#8220;Bu futbol turnuvas\u0131n\u0131 Amat\u00f6r Spor Kul\u00fcpleri Federasyonu ve B\u00fcy\u00fck\u015fehir Belediyemiz i\u015f birli\u011fi i\u00e7erisinde tertipledi. B\u00fcy\u00fck\u015fehir Belediye Ba\u015fkan\u0131m\u0131z Say\u0131n Vahap Se\u00e7er sporun her t\u00fcrl\u00fc dallar\u0131nda bilhassa gen\u00e7lerin, \u00e7ocuklar\u0131n her zaman yan\u0131nda olmu\u015ftur. Tekrar \u00f6yle bir g\u00fcn ya\u015fad\u0131k. \u00c7ocuklar\u0131m\u0131za ba\u015far\u0131lar diliyoruz&#8221;&nbsp;dedi.<\/p>\n<p>Erta\u015f: &#8220;Anlam\u0131na yak\u0131\u015f\u0131r bir etkinlik oldu&#8221;<\/p>\n<p>Mersin Amat\u00f6r Spor Kul\u00fcpleri Federasyonu Ba\u015fkan\u0131 Mithat Erta\u015f, futbol \u015fenli\u011finin anlam\u0131na yak\u0131\u015f\u0131r bir etkinlik oldu\u011funu belirterek,&nbsp;&#8220;B\u00fcy\u00fck\u015fehir Belediyesi yine bir ilki ba\u015flatt\u0131 ve 200 adet sa\u011fl\u0131k \u00e7antas\u0131 yapt\u0131rd\u0131. Bunu da kul\u00fcplerimize hediye etti. Ba\u015fkan\u0131m\u0131z Vahap Se\u00e7er&#8217;in &#8216;Memnuniyetle Mersin&#8217;&nbsp;slogan\u0131 var. Biz de&nbsp;&#8216;Memnuniyetle spor&#8217;&nbsp;diyoruz&#8221;&nbsp;ifadelerini kulland\u0131.<\/p>\n<p>\u00c7\u0131kan: &#8220;B\u00fcy\u00fck\u015fehir, ilk g\u00fcnden itibaren her ihtiyac\u0131m\u0131za ko\u015ftu&#8221;<\/p>\n<p>3 y\u0131ld\u0131r \u00fcst \u00fcste organizasyona kat\u0131ld\u0131klar\u0131n\u0131 dile getiren Akdeniz Zirve Spor Teknik Sorumlusu Abdulkadir \u00c7\u0131kan,&nbsp;&#8220;B\u00fcy\u00fck\u015fehir Belediyesi&#8217;nin \u00e7ok de\u011ferli hocalar\u0131, ilk g\u00fcnden itibaren b\u00fct\u00fcn ihtiya\u00e7lar\u0131m\u0131za ko\u015ftular ve her konuda bize yard\u0131mc\u0131 oldular. So\u011fuk sudan saha imk\u00e2nlar\u0131na kadar destek verdiler. B\u00fcy\u00fck\u015fehir bu konuda elinden geleni sonuna kadar yap\u0131yor&#8221;&nbsp;s\u00f6zlerine yer verdi.<\/p>\n<p>\u00c7ocuklar\u0131n co\u015fkular\u0131na aileler de ortak oldu<\/p>\n<p>Velilerden Abd\u00fclselam Ta\u015f, \u00e7ocu\u011fu ile gurur duydu\u011funu s\u00f6yleyerek,&nbsp;&#8220;\u00c7ocu\u011fumun tak\u0131m\u0131 U-12 D grubunda birinci oldu. Onun i\u00e7in \u00e7ok sevin\u00e7liyiz. \u00c7ocuklar bu sayede sorumluluk ta\u015f\u0131y\u0131p okullar\u0131n\u0131 daha \u00e7ok seviyorlar ve sporla daha \u00e7ok i\u00e7 i\u00e7e oluyorlar&#8221;&nbsp;dedi.<\/p>\n<p>Velilerden Ali \u015een ise,&nbsp;&#8220;B\u00fct\u00fcn \u00e7ocuklar nas\u0131l gururland\u0131ysa, biz de veliler olarak gururland\u0131k. Zaten bir y\u0131ld\u0131r haz\u0131rlan\u0131yorlard\u0131. Hepsini tebrik ediyorum&#8221;&nbsp;ifadelerini kulland\u0131.<\/p>\n<p>U-12 D grubunda m\u00fccadele eden&nbsp;\u00e7ocuklardan Mustafa Berzan Ta\u015f, turnuvan\u0131n \u00e7ok faydal\u0131 oldu\u011funu ve bu s\u00fcre\u00e7te kendini \u00e7ok geli\u015ftirdi\u011fini aktararak,&nbsp;&#8220;Tak\u0131m\u0131m\u0131z i\u00e7in \u00e7ok g\u00fczel bir ba\u015far\u0131 bence. Herkes i\u00e7in \u00e7ok yararl\u0131yd\u0131, herkesi sporla bulu\u015fturdu. 2 g\u00fcnde bir ma\u00e7 yapt\u0131k. Sokakta ma\u00e7 yapmak yerine, burada lig ma\u00e7lar\u0131 yapt\u0131k. Bu s\u00fcrede \u00e7ok geli\u015ftim&#8221;&nbsp;diye konu\u015ftu.<\/p>\n<p>\u00c7ocuklardan Halil Ba\u015faran,&nbsp;&#8220;\u00c7ok g\u00fczel bir duygu. Birinci olduk. Di\u011fer rakiplerimizin \u00f6n\u00fcnde tamamlad\u0131k. Gelecek sene de bunu yapmak istiyoruz. Nama\u011flup bir \u015fekilde tamamlad\u0131k. Ge\u00e7en sene de U-12&#8217;deydik ve o zaman da 2. olmu\u015ftuk. Her sene daha da \u00fcst\u00fcne koyarak devam ediyoruz&#8221;&nbsp;dedi.<\/p>\n<p>\u00c7ocuklardan Eray Fatih \u015een ise,&nbsp;&#8220;Turnuva benim i\u00e7in \u00e7ok iyi ge\u00e7ti. Tak\u0131m arkada\u015flar\u0131m\u0131 da tebrik ediyorum. \u00c7ok iyi performans g\u00f6sterdik. Onlar olmasayd\u0131 kazanamayabilirdik&#8221;&nbsp;s\u00f6zlerine yer verdi.<\/p>\n","protected":false},"excerpt":{"rendered":"<p>\u00c7ocuklar\u0131n sporla i\u00e7 i\u00e7e olmas\u0131 i\u00e7in sportif faaliyet ve organizasyonlar d\u00fczenleyen Mersin B\u00fcy\u00fck\u015fehir Belediyesi&#8217;nin bu y\u0131l 3.&#8217;s\u00fcn\u00fc ger\u00e7ekle\u015ftirdi\u011fi&nbsp;&#8216;U-11 ve U-12 Futbol \u015eenlik Ligi&#8217;, \u00f6d\u00fcl t\u00f6reni ile sonland\u0131. 3 Haziran&#8217;da ba\u015flayan; &hellip; <a href=\"https:\/\/akdenizolaygazetesi.com\/?p=31196\" class=\"more-link\">Devam\u0131n\u0131 Oku&#8230;<\/a><\/p>\n","protected":false},"author":2,"featured_media":31222,"comment_status":"open","ping_status":"open","sticky":false,"template":"","format":"standard","meta":[],"categories":[1,2,3],"tags":[],"_links":{"self":[{"href":"https:\/\/akdenizolaygazetesi.com\/index.php?rest_route=\/wp\/v2\/posts\/31196"}],"collection":[{"href":"https:\/\/akdenizolaygazetesi.com\/index.php?rest_route=\/wp\/v2\/posts"}],"about":[{"href":"https:\/\/akdenizolaygazetesi.com\/index.php?rest_route=\/wp\/v2\/types\/post"}],"author":[{"embeddable":true,"href":"https:\/\/akdenizolaygazetesi.com\/index.php?rest_route=\/wp\/v2\/users\/2"}],"replies":[{"embeddable":true,"href":"https:\/\/akdenizolaygazetesi.com\/index.php?rest_route=%2Fwp%2Fv2%2Fcomments&post=31196"}],"version-history":[{"count":2,"href":"https:\/\/akdenizolaygazetesi.com\/index.php?rest_route=\/wp\/v2\/posts\/31196\/revisions"}],"predecessor-version":[{"id":31223,"href":"https:\/\/akdenizolaygazetesi.com\/index.php?rest_route=\/wp\/v2\/posts\/31196\/revisions\/31223"}],"wp:featuredmedia":[{"embeddable":true,"href":"https:\/\/akdenizolaygazetesi.com\/index.php?rest_route=\/wp\/v2\/media\/31222"}],"wp:attachment":[{"href":"https:\/\/akdenizolaygazetesi.com\/index.php?rest_route=%2Fwp%2Fv2%2Fmedia&parent=31196"}],"wp:term":[{"taxonomy":"category","embeddable":true,"href":"https:\/\/akdenizolaygazetesi.com\/index.php?rest_route=%2Fwp%2Fv2%2Fcategories&post=31196"},{"taxonomy":"post_tag","embeddable":true,"href":"https:\/\/akdenizolaygazetesi.com\/index.php?rest_route=%2Fwp%2Fv2%2Ftags&post=31196"}],"curies":[{"name":"wp","href":"https:\/\/api.w.org\/{rel}","templated":true}]}}