{"id":31199,"date":"2024-07-07T14:19:05","date_gmt":"2024-07-07T11:19:05","guid":{"rendered":"http:\/\/akdenizolaygazetesi.com\/?p=31199"},"modified":"2024-07-07T14:19:05","modified_gmt":"2024-07-07T11:19:05","slug":"ekmen-ak-parti-egitim-ve-kultur-politikalarinda-neden-basarisiz-oluyor","status":"publish","type":"post","link":"https:\/\/akdenizolaygazetesi.com\/?p=31199","title":{"rendered":"Ekmen: \u201cAK Parti e\u011fitim ve k\u00fclt\u00fcr politikalar\u0131nda neden ba\u015far\u0131s\u0131z oluyor?\u201d"},"content":{"rendered":"<p>DEVA Partisi Genel Ba\u015fkan Yard\u0131mc\u0131s\u0131 ve Mersin Milletvekili Mehmet Emin Ekmen, \u00d6\u011fretmenlik Meslek Kanunu Teklifini g\u00f6r\u00fc\u015fmek \u00fczere 28. D\u00f6nemde ilk defa toplanan Milli E\u011fitim, K\u00fclt\u00fcr, Gen\u00e7lik ve Spor Komisyonu toplant\u0131s\u0131na kat\u0131ld\u0131. Ekmen, toplant\u0131da Milli E\u011fitim ile K\u00fclt\u00fcr ve Turizm politikalar\u0131 konular\u0131nda ele\u015ftirilerini dile getirdi.<\/p>\n<p>\u201cMill\u00ee E\u011fitim Bakan say\u0131s\u0131 2002&#8217;den bu yana tam 9 kere de\u011fi\u015fmi\u015f.\u201d<\/p>\n<p>\u201cAK Parti\u2019nin ba\u015far\u0131l\u0131 ve ba\u015far\u0131s\u0131z oldu\u011fu alanlar var.\u201d diyen Ekmen, \u201c22 y\u0131ll\u0131k bir iktidar\u0131n sonunda AK Partili arkada\u015flar\u0131m\u0131za bir soru sormak istiyorum.\u201d diyerek \u015f\u00f6yle devam etti:<\/p>\n<p>\u201c\u015eimdi, acaba Mill\u00ee E\u011fitim ve K\u00fclt\u00fcr Bakanl\u0131\u011f\u0131n\u0131n yirmi iki y\u0131ll\u0131k karnesine biz nas\u0131l bir not verebiliriz? Bir defa, herhangi bir alanda ba\u015far\u0131 elde edebilmek i\u00e7in yar\u0131m, eksik ve yanl\u0131\u015f dahi olsa o alanda bir istikrar g\u00f6rmemiz laz\u0131m arkada\u015flar. Mesela \u015f\u00f6yle d\u00f6n\u00fcp bir bak\u0131yorum, Mill\u00ee E\u011fitim Bakan say\u0131s\u0131 2002&#8217;den bu yana tam 9 kere de\u011fi\u015fmi\u015f. Alt\u0131 ay Bakanl\u0131k yapan arkada\u015f\u0131m\u0131z var, bir y\u0131l alt\u0131 ay, bir y\u0131l on ay Bakanl\u0131k yapan arkada\u015flar\u0131m\u0131z var. Burada ne gibi bir sorun var da ortalama iki y\u0131l d\u00f6rt ayda bir bakan de\u011fi\u015fiyor? Ni\u00e7in bir istikrar yok? Ni\u00e7in b\u00fct\u00e7eli bakanl\u0131klarda sekiz y\u0131l, dokuz y\u0131l, on y\u0131l devam eden ve rekor k\u0131ran i\u015fler Mill\u00ee E\u011fitim Bakanl\u0131\u011f\u0131nda ve K\u00fclt\u00fcr Bakanl\u0131\u011f\u0131nda yok?\u201d<\/p>\n<p>\u201cBen de dahil, \u00e7ocuklar\u0131m devlet okullar\u0131nda okudu.\u201d<\/p>\n<p>Kendisi ve \u00e7ocuklar\u0131n\u0131n da devlet okullar\u0131nda okudu\u011funu belirten Ekmen, e\u011fitim sisteminin halini \u015f\u00f6yle ifade etti:<\/p>\n<p>\u201cBen kendi e\u011fitim hayat\u0131m\u0131n tamam\u0131n\u0131 sadece devlet okullar\u0131nda okudum. 3 \u00e7ocu\u011fum var, 3&#8217;\u00fc de sadece devlet okullar\u0131nda okudu ve okuyorlar. Do\u011frusu, mill\u00ee e\u011fitim sistemine \u00e7ok g\u00fcvendi\u011fim i\u00e7in de\u011fil, \u00e7ocuklar\u0131m\u0131n sosyal hayattan kopmamas\u0131, bir fanusa girmemesi i\u00e7in devlet okullar\u0131n\u0131 tercih ediyorum. Memnunum. ilk o\u011flum \u0130stanbul Hukuktan mezun oldu, ikinci k\u0131z\u0131m Cerrahpa\u015fa T\u0131pta okuyor; o zaman Mill\u00ee E\u011fitimin de hakk\u0131n\u0131 yemeyelim yani oradan ald\u0131klar\u0131 e\u011fitimle gelmi\u015fler, bu ba\u015far\u0131l\u0131 okullardan da mezun olmu\u015flar. T\u00fcrkiye&#8217;de derece yapan okullar aras\u0131nda \u00fcniversiteye kabulde, liseye kabulde bir\u00e7ok mill\u00ee e\u011fitim mezunu \u00f6\u011frencimiz var. Dolay\u0131s\u0131yla, makul bir yerden yakla\u015fmam\u0131z laz\u0131m ama bug\u00fcn biz &#8220;\u00c7ocu\u011fumu Mill\u00ee E\u011fitime teslim ederim ve g\u00f6z\u00fcm\u00fc kapat\u0131r\u0131m, onun e\u011fitimini ister de\u011ferler e\u011fitimi boyutuyla ister maddi e\u011fitim boyutuyla herhangi bir \u015fekilde desteklemem.&#8221; diyemiyorsak o zaman burada bir ba\u015far\u0131 hik\u00e2yesinden bahsedemeyiz. Tabii ki uluslararas\u0131 derecelerdeki T\u00fcrkiye&#8217;nin h\u00e2li, y\u00fckselen ve \u00e7o\u011funlukla d\u00fc\u015fen grafi\u011fi de zaten bir \u00f6l\u00e7\u00fc.\u201d<\/p>\n<p>\u201cNi\u00e7in di\u011fer bakanl\u0131klardaki bakan istikrar\u0131n\u0131 AK Parti, Mill\u00ee E\u011fitim ve K\u00fclt\u00fcr Bakanl\u0131\u011f\u0131nda g\u00f6sterememi\u015ftir?\u201d<\/p>\n<p>Ekmen, s\u00f6zlerinin devam\u0131nda K\u00fclt\u00fcr ve Turizm Bakanl\u0131\u011f\u0131n\u0131 da \u00f6rnek vererek neden bu iki bakanl\u0131\u011f\u0131n faaliyetlerine dikkat \u00e7ekti\u011fini \u015fu s\u00f6zlerle a\u00e7\u0131klad\u0131:<\/p>\n<p>\u201c\u015eimdi, en \u00e7ok ifade edilen \u015fey ne? Yerli ve mill\u00ee bir iktidar, yerli ve mill\u00ee bir anlay\u0131\u015f. Yerli ve mill\u00ee bir anlay\u0131\u015f\u0131n arka plan\u0131 ne? De\u011ferler e\u011fitimi. \u015eimdi, itiraz ediliyor, hangi veri var? En az 10 tane ara\u015ft\u0131rma var ki elimizde son on y\u0131lda ateizm, deizm ve inan\u00e7s\u0131zl\u0131k y\u00fczde 10&#8217;lara varan rakamlarda artm\u0131\u015ft\u0131r. 22 y\u0131ll\u0131k bir iktidar\u0131n sonucunda AK Parti e\u011fer artan ateizm, deizm ve inan\u00e7s\u0131zl\u0131k kar\u015f\u0131s\u0131nda kendi Mill\u00ee E\u011fitim Bakanl\u0131k s\u00fcre\u00e7lerini, kendi K\u00fclt\u00fcr Bakanl\u0131\u011f\u0131 s\u00fcre\u00e7lerini ba\u015far\u0131l\u0131 addediliyorsa o zaman bir diyece\u011fim yoktur.\u201d<\/p>\n<p>\u201cK\u00fclt\u00fcr Bakanl\u0131\u011f\u0131nda durum ne olmu\u015f arkada\u015flar? Mill\u00ee E\u011fitimden farkl\u0131 de\u011fil, yirmi iki y\u0131lda 10 kere K\u00fclt\u00fcr Bakan\u0131 de\u011fi\u015fmi\u015f. On ay K\u00fclt\u00fcr Bakanl\u0131\u011f\u0131 yapan arkada\u015f\u0131m\u0131z var. 2 K\u00fclt\u00fcr Bakan\u0131m\u0131z be\u015f y\u0131l\u0131 devirmi\u015f, birisi Say\u0131n Ertu\u011frul G\u00fcnay, bir di\u011feri g\u00f6revdeki Mehmet Nuri Ersoy. \u00c7ok iddial\u0131, k\u00fclt\u00fcr politikalar\u0131na dair arka plan\u0131 olan Say\u0131n Mahir \u00dcnal bile dokuz ay Bakanl\u0131k yapabilmi\u015f K\u00fclt\u00fcr Bakanl\u0131\u011f\u0131nda.\u201d<\/p>\n<p>\u201cNi\u00e7in bir Ula\u015ft\u0131rma Bakanl\u0131\u011f\u0131ndaki, bir Enerji Bakanl\u0131\u011f\u0131ndaki, hatta bir Sa\u011fl\u0131k Bakanl\u0131\u011f\u0131\u2019ndaki bakan istikrar\u0131n\u0131 AK Parti, Mill\u00ee E\u011fitim ve K\u00fclt\u00fcr Bakanl\u0131\u011f\u0131nda g\u00f6sterememi\u015ftir?\u201d diye soran Ekmen, K\u00fclt\u00fcr ve Turizm Bakan\u0131\u2019n\u0131 da \u015fu s\u00f6zlerle ele\u015ftirdi:<\/p>\n<p>\u201cT\u0130KA&#8217;n\u0131n, Vak\u0131flar Genel M\u00fcd\u00fcrl\u00fc\u011f\u00fcn\u00fcn ve dahi bir\u00e7ok k\u00fclt\u00fcrle ilgili kurumun b\u00fcy\u00fck bir g\u00fc\u00e7le cumhuriyet tarihinde ilk defa K\u00fclt\u00fcr Bakanl\u0131\u011f\u0131\u2019na ba\u011fland\u0131\u011f\u0131 bir d\u00f6nemde siz k\u00fclt\u00fcr de\u011fil, turizm bakan\u0131 atamay\u0131 tercih etmi\u015fsiniz ve Say\u0131n Turizm Bakan\u0131\u2019n\u0131n en b\u00fcy\u00fck becerisi plaj turizmini canland\u0131rmak ve g\u00fc\u00e7lendirmektir. Turizm Geli\u015ftirme Fonunun faaliyetlerine bak\u0131n\u0131z, Bakanl\u0131\u011f\u0131n faaliyetlerine bak\u0131n\u0131z&#8230;\u201d<\/p>\n","protected":false},"excerpt":{"rendered":"<p>DEVA Partisi Genel Ba\u015fkan Yard\u0131mc\u0131s\u0131 ve Mersin Milletvekili Mehmet Emin Ekmen, \u00d6\u011fretmenlik Meslek Kanunu Teklifini g\u00f6r\u00fc\u015fmek \u00fczere 28. D\u00f6nemde ilk defa toplanan Milli E\u011fitim, K\u00fclt\u00fcr, Gen\u00e7lik ve Spor Komisyonu toplant\u0131s\u0131na &hellip; <a href=\"https:\/\/akdenizolaygazetesi.com\/?p=31199\" class=\"more-link\">Devam\u0131n\u0131 Oku&#8230;<\/a><\/p>\n","protected":false},"author":2,"featured_media":31178,"comment_status":"open","ping_status":"open","sticky":false,"template":"","format":"standard","meta":[],"categories":[1,2,3],"tags":[],"_links":{"self":[{"href":"https:\/\/akdenizolaygazetesi.com\/index.php?rest_route=\/wp\/v2\/posts\/31199"}],"collection":[{"href":"https:\/\/akdenizolaygazetesi.com\/index.php?rest_route=\/wp\/v2\/posts"}],"about":[{"href":"https:\/\/akdenizolaygazetesi.com\/index.php?rest_route=\/wp\/v2\/types\/post"}],"author":[{"embeddable":true,"href":"https:\/\/akdenizolaygazetesi.com\/index.php?rest_route=\/wp\/v2\/users\/2"}],"replies":[{"embeddable":true,"href":"https:\/\/akdenizolaygazetesi.com\/index.php?rest_route=%2Fwp%2Fv2%2Fcomments&post=31199"}],"version-history":[{"count":1,"href":"https:\/\/akdenizolaygazetesi.com\/index.php?rest_route=\/wp\/v2\/posts\/31199\/revisions"}],"predecessor-version":[{"id":31200,"href":"https:\/\/akdenizolaygazetesi.com\/index.php?rest_route=\/wp\/v2\/posts\/31199\/revisions\/31200"}],"wp:featuredmedia":[{"embeddable":true,"href":"https:\/\/akdenizolaygazetesi.com\/index.php?rest_route=\/wp\/v2\/media\/31178"}],"wp:attachment":[{"href":"https:\/\/akdenizolaygazetesi.com\/index.php?rest_route=%2Fwp%2Fv2%2Fmedia&parent=31199"}],"wp:term":[{"taxonomy":"category","embeddable":true,"href":"https:\/\/akdenizolaygazetesi.com\/index.php?rest_route=%2Fwp%2Fv2%2Fcategories&post=31199"},{"taxonomy":"post_tag","embeddable":true,"href":"https:\/\/akdenizolaygazetesi.com\/index.php?rest_route=%2Fwp%2Fv2%2Ftags&post=31199"}],"curies":[{"name":"wp","href":"https:\/\/api.w.org\/{rel}","templated":true}]}}