{"id":31208,"date":"2024-07-07T14:36:44","date_gmt":"2024-07-07T11:36:44","guid":{"rendered":"http:\/\/akdenizolaygazetesi.com\/?p=31208"},"modified":"2024-07-08T16:42:20","modified_gmt":"2024-07-08T13:42:20","slug":"yaz-dostum-konserleri-yaz-aksamlarinin-eslikcisi-olmayi-surduruyor","status":"publish","type":"post","link":"https:\/\/akdenizolaygazetesi.com\/?p=31208","title":{"rendered":"YAZ DOSTUM KONSERLER\u0130, YAZ AK\u015eAMLARININ E\u015eL\u0130K\u00c7\u0130S\u0130 OLMAYI S\u00dcRD\u00dcR\u00dcYOR"},"content":{"rendered":"<p>Kent genelinde k\u00fclt\u00fcr ve sanat etkinliklerinin daha ula\u015f\u0131labilir olmas\u0131 i\u00e7in faaliyetlerini s\u00fcrd\u00fcren Mersin B\u00fcy\u00fck\u015fehir Belediyesi,&nbsp;&#8216;Yaz Dostum&#8217;&nbsp;konserleri ile kentlilere m\u00fczik ziyafeti ya\u015fatmay\u0131 bu sene de s\u00fcrd\u00fcr\u00fcyor.<\/p>\n<p>Bu sezon klasik m\u00fczik dinletisi ile start veren Kent Orkestras\u0131&#8217;n\u0131n yeni dura\u011f\u0131 K\u00fclt\u00fcr Park oldu. Son d\u00f6nemin sevilen par\u00e7alar\u0131n\u0131 akustik bir versiyonla \u00e7alan orkestra,&nbsp;&nbsp;hem herkese keyifli anlar ya\u015fatt\u0131 hem de sergiledi\u011fi performans ile m\u00fczikseverlerden tam not ald\u0131.<\/p>\n<p>Yaz mevsiminin gelmesi ile birlikte y\u00fcz\u00fcn\u00fc cadde ve sokaklara, meydanlara \u00e7eviren Mersin B\u00fcy\u00fck\u015fehir Belediyesi Kent Orkestras\u0131 yaz ak\u015famlar\u0131n\u0131n en g\u00fczel e\u015flik\u00e7isi olmaya devam ediyor. Ge\u00e7ti\u011fimiz y\u0131llarda K\u00fclt\u00fcr ve Sosyal \u0130\u015fler Dairesi Ba\u015fkanl\u0131\u011f\u0131 koordinesinde ba\u015flat\u0131lan &#8216;Yaz Dostum&#8217;&nbsp;konserleri ile B\u00fcy\u00fck\u015fehir, kentlilere m\u00fczik ziyafeti ya\u015fatmay\u0131 bu sene de s\u00fcrd\u00fcr\u00fcyor.<\/p>\n<p>Klasik m\u00fczik, akustik, yayla konserleri gibi birbirinden farkl\u0131 tarzlarla m\u00fczikseverlerle bulu\u015fan ve bu sezon klasik m\u00fczik dinletisi ile start veren Kent Orkestras\u0131&#8217;n\u0131n yeni dura\u011f\u0131 K\u00fclt\u00fcr Park oldu. Son d\u00f6nemin sevilen par\u00e7alar\u0131n\u0131 akustik bir versiyonla \u00e7alan orkestra, vatanda\u015flara zaman zaman duygulu anlar ya\u015fat\u0131rken zaman zaman keyifli anlar ya\u015fatt\u0131. Deniz manzaras\u0131 e\u015fli\u011finde herkesin hep bir a\u011f\u0131zdan \u015fark\u0131 s\u00f6yledi\u011fi ve e\u011flenceli dakikalar ge\u00e7irdi\u011fi konserde, orkestran\u0131n sergiledi\u011fi performans m\u00fczikseverlerden tam not ald\u0131.<\/p>\n<p>Matyar: &#8220;Vatanda\u015flar\u0131m\u0131z yaz boyunca m\u00fczik ve sanata doyacak&#8221;<\/p>\n<p>K\u00fclt\u00fcr ve Sosyal \u0130\u015fler Dairesi Ba\u015fkanl\u0131\u011f\u0131 K\u00fclt\u00fcr Hizmetleri ve Sanat Topluluklar\u0131 \u015eube M\u00fcd\u00fcr\u00fc Eylem Matyar, B\u00fcy\u00fck\u015fehir Belediyesi olarak vatanda\u015flar\u0131 yaz boyunca m\u00fczik ve sanata doyuracaklar\u0131n\u0131 ifade etti Matyar,&nbsp;&#8220;Yaz boyunca planlad\u0131\u011f\u0131m\u0131z konserlerimiz olarak akustik, klasik sahne konserlerimiz ve yaylalar\u0131m\u0131zda T\u00fcrk halk m\u00fczi\u011fi konserlerimiz olacak. B\u00fct\u00fcn halk\u0131m\u0131z\u0131 sanat ve m\u00fczikle doyurmay\u0131 planl\u0131yoruz ve herkesi bekliyoruz&#8221;&nbsp;dedi.<\/p>\n<p>B\u00fcy\u00fckten k\u00fc\u00e7\u00fc\u011fe herkes konserde keyifli zaman ge\u00e7irdi<\/p>\n<p>Etkinli\u011fe arkada\u015f\u0131yla birlikte kat\u0131lan Dilek B\u00f6ke, konseri \u00e7ok be\u011fendi\u011fini belirterek,&nbsp;&#8220;Konsere ilk defa geldik ama \u00e7ok memnun kald\u0131k. Orkestra \u00e7ok g\u00fczel. \u00c7ok e\u011flendik&#8221;&nbsp;dedi.<\/p>\n<p>Konseri dinlemeye gelen Destan Leblebici de&nbsp;&#8220;Mersin&#8217;de ya\u015f\u0131yoruz ve d\u00f6nem d\u00f6nem konserlere denk geliyoruz. \u00c7ok keyifli ve e\u011flenceli. Son d\u00f6nemlerde ya\u015fanan olumsuz olaylardan sonra insanlar mutlu oluyor ve sosyalle\u015fiyor&#8221;&nbsp;diye konu\u015ftu.<\/p>\n<p>Konsere karde\u015fi ile gelen m\u00fczik \u00f6\u011fretmeni \u0130pek Y\u0131ld\u0131z,&nbsp;&#8220;Solistin sesi \u00e7ok g\u00fczel. Orkestra sanat\u00e7\u0131lar\u0131 da \u00e7ok kaliteli. \u00c7ok keyif ald\u0131k. Hem e\u015flik ettik hem dinledik. \u00c7ok memnun kald\u0131k&#8221;&nbsp;derken m\u00fczik \u00f6\u011fretmeni olan bir di\u011fer karde\u015f \u00d6zlem Y\u0131ld\u0131z ise,&nbsp;&#8220;\u00c7ok keyifli bir ak\u015fam oldu. Hem solistin sesi hem de \u00e7alan orkestra \u00e7ok kaliteli. \u0130nsanlarla beraber i\u00e7 i\u00e7e olmak, ayn\u0131 co\u015fkuyu, ayn\u0131 duyguyu payla\u015fmak benim i\u00e7in \u00e7ok keyifli. \u0130nsanlara moral oluyor. Yaz\u0131n yapacak hi\u00e7bir \u015fey olmuyor ve bu \u015fekilde g\u00fczel zaman ge\u00e7iriyoruz. Daha \u00f6nceki yap\u0131lan konsere tek gitmi\u015ftim tek gitti\u011fimde bile keyif ald\u0131m. \u00c7ok g\u00fczel d\u00fc\u015f\u00fcn\u00fclm\u00fc\u015f&#8221;&nbsp;ifadelerini kulland\u0131.<\/p>\n<p>Vatanda\u015flardan Mehmet Sur konserin \u00e7ok g\u00fczel ge\u00e7ti\u011fini s\u00f6yleyerek,&nbsp;&#8220;Her kesimden insan\u0131n e\u011flenebilece\u011fi d\u00fczeyde d\u00fczenlenmi\u015f bir konser olmu\u015f. A\u00e7\u0131k havada e\u011flenmesi \u00e7ok ho\u015f bir \u015fey oldu. Hem romantik hem otantik bir ortam. Bu ekonomik darbo\u011fazda sosyalle\u015fmenin \u00e7ok \u00f6tesine gitmi\u015f. \u0130nsanlar bu t\u00fcr etkinliklerle sosyalle\u015fiyor. Bizde rahat bir nefes ald\u0131k. Mersin zaten ba\u015fl\u0131 ba\u015f\u0131na g\u00fczel. B\u00f6yle etkinliklerin olmas\u0131 daha da g\u00fczelle\u015ftiriyor olay\u0131&#8221;&nbsp;s\u00f6zlerine yer verdi.<\/p>\n","protected":false},"excerpt":{"rendered":"<p>Kent genelinde k\u00fclt\u00fcr ve sanat etkinliklerinin daha ula\u015f\u0131labilir olmas\u0131 i\u00e7in faaliyetlerini s\u00fcrd\u00fcren Mersin B\u00fcy\u00fck\u015fehir Belediyesi,&nbsp;&#8216;Yaz Dostum&#8217;&nbsp;konserleri ile kentlilere m\u00fczik ziyafeti ya\u015fatmay\u0131 bu sene de s\u00fcrd\u00fcr\u00fcyor. Bu sezon klasik m\u00fczik dinletisi &hellip; <a href=\"https:\/\/akdenizolaygazetesi.com\/?p=31208\" class=\"more-link\">Devam\u0131n\u0131 Oku&#8230;<\/a><\/p>\n","protected":false},"author":2,"featured_media":31228,"comment_status":"open","ping_status":"open","sticky":false,"template":"","format":"standard","meta":[],"categories":[1,2,3],"tags":[],"_links":{"self":[{"href":"https:\/\/akdenizolaygazetesi.com\/index.php?rest_route=\/wp\/v2\/posts\/31208"}],"collection":[{"href":"https:\/\/akdenizolaygazetesi.com\/index.php?rest_route=\/wp\/v2\/posts"}],"about":[{"href":"https:\/\/akdenizolaygazetesi.com\/index.php?rest_route=\/wp\/v2\/types\/post"}],"author":[{"embeddable":true,"href":"https:\/\/akdenizolaygazetesi.com\/index.php?rest_route=\/wp\/v2\/users\/2"}],"replies":[{"embeddable":true,"href":"https:\/\/akdenizolaygazetesi.com\/index.php?rest_route=%2Fwp%2Fv2%2Fcomments&post=31208"}],"version-history":[{"count":2,"href":"https:\/\/akdenizolaygazetesi.com\/index.php?rest_route=\/wp\/v2\/posts\/31208\/revisions"}],"predecessor-version":[{"id":31229,"href":"https:\/\/akdenizolaygazetesi.com\/index.php?rest_route=\/wp\/v2\/posts\/31208\/revisions\/31229"}],"wp:featuredmedia":[{"embeddable":true,"href":"https:\/\/akdenizolaygazetesi.com\/index.php?rest_route=\/wp\/v2\/media\/31228"}],"wp:attachment":[{"href":"https:\/\/akdenizolaygazetesi.com\/index.php?rest_route=%2Fwp%2Fv2%2Fmedia&parent=31208"}],"wp:term":[{"taxonomy":"category","embeddable":true,"href":"https:\/\/akdenizolaygazetesi.com\/index.php?rest_route=%2Fwp%2Fv2%2Fcategories&post=31208"},{"taxonomy":"post_tag","embeddable":true,"href":"https:\/\/akdenizolaygazetesi.com\/index.php?rest_route=%2Fwp%2Fv2%2Ftags&post=31208"}],"curies":[{"name":"wp","href":"https:\/\/api.w.org\/{rel}","templated":true}]}}