{"id":31212,"date":"2024-07-07T14:41:04","date_gmt":"2024-07-07T11:41:04","guid":{"rendered":"http:\/\/akdenizolaygazetesi.com\/?p=31212"},"modified":"2024-07-08T16:43:57","modified_gmt":"2024-07-08T13:43:57","slug":"baskan-yildiz-pazarci-esnafiyla-bulustu","status":"publish","type":"post","link":"https:\/\/akdenizolaygazetesi.com\/?p=31212","title":{"rendered":"BA\u015eKAN YILDIZ, PAZARCI ESNAFIYLA BULU\u015eTU"},"content":{"rendered":"<p>Pazarc\u0131lar, emek\u00e7iler sabah karanl\u0131\u011f\u0131nda ba\u015flay\u0131p, ak\u015fam karanl\u0131\u011f\u0131nda biten mesaileri ile herkesin ortak tan\u0131d\u0131klar\u0131 onlar.<\/p>\n<p>Toroslar Belediye Ba\u015fkan\u0131 Abdurrahman Y\u0131ld\u0131z, Akbelen Mahallesi&#8217;nde kurulan semt pazar\u0131 yerinde pazarc\u0131 esnaf\u0131yla bulu\u015ftu, pazar al\u0131\u015fveri\u015fi yapan vatanda\u015flarla sohbet etti. Esnaf ile kahvalt\u0131 yapan Ba\u015fkan Y\u0131ld\u0131z, taleplerini ve beklentilerini dinledi.<\/p>\n<p>&#8220;\u0130L\u00c7EM\u0130ZDE PAZAR K\u00dcLT\u00dcR\u00dc VAR&#8221;<\/p>\n<p>Mersin Pazarc\u0131lar Esnaf Odas\u0131 Ba\u015fkan\u0131 Abdulhalim Batur ve mahalle muhtar\u0131 Merve Meral \u0130nce&#8217;nin de kat\u0131ld\u0131\u011f\u0131 pazar ziyaretinde yo\u011fun ilgiyle kar\u015f\u0131lanan Ba\u015fkan Y\u0131ld\u0131z, &#8220;Bu g\u00fczel Halil \u0130brahim Sofras\u0131 i\u00e7in t\u00fcm esnaf karde\u015flerime te\u015fekk\u00fcr ediyorum. Allah hepinizden raz\u0131 olsun. Pazar meselesi, Toroslar&#8217;da bir k\u00fclt\u00fcrel meseledir. Toroslar&#8217;da pazar kurmak, pazardan al\u0131\u015fveri\u015f yapmak ekonomik durumu ne oldu\u011funa bakmaks\u0131z\u0131n \u00f6nemli. Pazar\u0131 gezerken Mezitli ve Yeni\u015fehir il\u00e7elerinden gelen yurtta\u015flar\u0131m\u0131zla kar\u015f\u0131la\u015ft\u0131m. Buradaki pazar k\u00fclt\u00fcr\u00fc de onlar\u0131n ho\u015funa gidiyor. \u00dcr\u00fcnlerin taze olmas\u0131, ekonomik olarak da uygun olmas\u0131ndan dolay\u0131 pazarlar\u0131m\u0131z b\u00fcy\u00fck ra\u011fbet g\u00f6r\u00fcyor. Pazarlar\u0131, hem esnaf\u0131m\u0131z hem yurtta\u015flar\u0131m\u0131z a\u00e7\u0131s\u0131ndan daha konforlu, daha kullan\u0131labilir hale getirmek i\u00e7in elimizden geleni yapaca\u011f\u0131z. \u0130nsanlar\u0131m\u0131z\u0131n temiz hizmet ald\u0131\u011f\u0131, esnaf\u0131m\u0131z\u0131n da kolay hizmet sundu\u011fu alanlar olu\u015fturaca\u011f\u0131z&#8221; dedi.<\/p>\n<p>&#8220;PAZAR ESNAFININ YANINDA OLAN BA\u015eKANIMIZA TE\u015eEKK\u00dcR EDER\u0130Z&#8221;<\/p>\n<p>Mersin Pazarc\u0131lar Esnaf Odas\u0131 Ba\u015fkan\u0131 Abdulhalim Batur da esnaf\u0131n yan\u0131nda olan Toroslar Belediye Ba\u015fkan\u0131 Abdurrahman Y\u0131ld\u0131z&#8217;a te\u015fekk\u00fcr ederek, pazar esnaf\u0131 ad\u0131na \u00e7i\u00e7ek takdim etti.<\/p>\n<p>Oda Ba\u015fkan\u0131 Batur, &#8220;Toroslar halk\u0131na hizmet eden bu de\u011ferli karde\u015flerimizi en k\u0131sa zamanda hak etti\u011fi konuma getirece\u011finize inan\u0131yoruz. Kahvalt\u0131 program\u0131m\u0131za kat\u0131ld\u0131\u011f\u0131n\u0131z i\u00e7in te\u015fekk\u00fcr ediyoruz&#8221; ifadelerini kulland\u0131.<\/p>\n","protected":false},"excerpt":{"rendered":"<p>Pazarc\u0131lar, emek\u00e7iler sabah karanl\u0131\u011f\u0131nda ba\u015flay\u0131p, ak\u015fam karanl\u0131\u011f\u0131nda biten mesaileri ile herkesin ortak tan\u0131d\u0131klar\u0131 onlar. Toroslar Belediye Ba\u015fkan\u0131 Abdurrahman Y\u0131ld\u0131z, Akbelen Mahallesi&#8217;nde kurulan semt pazar\u0131 yerinde pazarc\u0131 esnaf\u0131yla bulu\u015ftu, pazar al\u0131\u015fveri\u015fi &hellip; <a href=\"https:\/\/akdenizolaygazetesi.com\/?p=31212\" class=\"more-link\">Devam\u0131n\u0131 Oku&#8230;<\/a><\/p>\n","protected":false},"author":2,"featured_media":31230,"comment_status":"open","ping_status":"open","sticky":false,"template":"","format":"standard","meta":[],"categories":[1,2,3],"tags":[],"_links":{"self":[{"href":"https:\/\/akdenizolaygazetesi.com\/index.php?rest_route=\/wp\/v2\/posts\/31212"}],"collection":[{"href":"https:\/\/akdenizolaygazetesi.com\/index.php?rest_route=\/wp\/v2\/posts"}],"about":[{"href":"https:\/\/akdenizolaygazetesi.com\/index.php?rest_route=\/wp\/v2\/types\/post"}],"author":[{"embeddable":true,"href":"https:\/\/akdenizolaygazetesi.com\/index.php?rest_route=\/wp\/v2\/users\/2"}],"replies":[{"embeddable":true,"href":"https:\/\/akdenizolaygazetesi.com\/index.php?rest_route=%2Fwp%2Fv2%2Fcomments&post=31212"}],"version-history":[{"count":1,"href":"https:\/\/akdenizolaygazetesi.com\/index.php?rest_route=\/wp\/v2\/posts\/31212\/revisions"}],"predecessor-version":[{"id":31214,"href":"https:\/\/akdenizolaygazetesi.com\/index.php?rest_route=\/wp\/v2\/posts\/31212\/revisions\/31214"}],"wp:featuredmedia":[{"embeddable":true,"href":"https:\/\/akdenizolaygazetesi.com\/index.php?rest_route=\/wp\/v2\/media\/31230"}],"wp:attachment":[{"href":"https:\/\/akdenizolaygazetesi.com\/index.php?rest_route=%2Fwp%2Fv2%2Fmedia&parent=31212"}],"wp:term":[{"taxonomy":"category","embeddable":true,"href":"https:\/\/akdenizolaygazetesi.com\/index.php?rest_route=%2Fwp%2Fv2%2Fcategories&post=31212"},{"taxonomy":"post_tag","embeddable":true,"href":"https:\/\/akdenizolaygazetesi.com\/index.php?rest_route=%2Fwp%2Fv2%2Ftags&post=31212"}],"curies":[{"name":"wp","href":"https:\/\/api.w.org\/{rel}","templated":true}]}}