{"id":31347,"date":"2024-07-17T11:07:20","date_gmt":"2024-07-17T08:07:20","guid":{"rendered":"http:\/\/akdenizolaygazetesi.com\/?p=31347"},"modified":"2024-07-17T11:07:20","modified_gmt":"2024-07-17T08:07:20","slug":"meski-mersin-atik-su-yonetimi-ve-ekolojik-denge-projesi-kapsaminda-sweco-tarafindan-ziyaret-edildi","status":"publish","type":"post","link":"https:\/\/akdenizolaygazetesi.com\/?p=31347","title":{"rendered":"MESK\u0130, &#8216;MERS\u0130N ATIK SU Y\u00d6NET\u0130M\u0130 VE EKOLOJ\u0130K DENGE PROJES\u0130&#8217; KAPSAMINDA SWECO TARAFINDAN Z\u0130YARET ED\u0130LD\u0130"},"content":{"rendered":"<p>MESK\u0130, &#8216;Mersin At\u0131k Su Y\u00f6netimi ve Ekolojik Denge Projesi&#8217; kapsam\u0131nda, Avrupa \u0130mar ve Kalk\u0131nma Bankas\u0131 (EBRD) taraf\u0131ndan g\u00f6revlendirilen dan\u0131\u015fmanl\u0131k firmas\u0131 SWECO taraf\u0131ndan ziyaret edildi. Ziyaret kapsam\u0131nda \u00e7e\u015fitli saha g\u00f6zlemleri yap\u0131larak, projelerin ilerleyi\u015fine dair de\u011ferlendirme toplant\u0131lar\u0131 d\u00fczenlendi. SWECO, Pamukluk Baraj\u0131 \u0130\u00e7me Suyu Ar\u0131tma Tesisi Projesi ve G\u00fclnar Il\u0131su \u0130\u00e7me Suyu \u0130sale Hatt\u0131 Projesi kapsam\u0131nda da saha g\u00f6zlemleri ger\u00e7ekle\u015ftirdi. MESK\u0130, bu projeler ile Mersin&#8217;in geli\u015fiminde ekolojik dengenin korunmas\u0131 ad\u0131na \u00f6nemli bir ad\u0131m daha atm\u0131\u015f oldu.<\/p>\n<p>Mersin B\u00fcy\u00fck\u015fehir Belediyesi Mersin Su ve Kanalizasyon \u0130daresi (MESK\u0130) Genel M\u00fcd\u00fcrl\u00fc\u011f\u00fc, &#8216;Mersin At\u0131k Su Y\u00f6netimi ve Ekolojik Denge Projesi&#8217; kapsam\u0131nda, Avrupa \u0130mar ve Kalk\u0131nma Bankas\u0131 (EBRD) taraf\u0131ndan g\u00f6revlendirilen dan\u0131\u015fmanl\u0131k firmas\u0131 SWECO taraf\u0131ndan ziyaret edildi. Ziyaret kapsam\u0131nda \u00e7e\u015fitli saha g\u00f6zlemleri yap\u0131larak, projenin ilerleyi\u015fine dair de\u011ferlendirme toplant\u0131lar\u0131 d\u00fczenlendi.<\/p>\n<p>Pamukluk Baraj\u0131 \u0130\u00e7me Suyu Ar\u0131tma Tesisi ile G\u00fclnar Il\u0131su \u0130\u00e7me Suyu \u0130sale Hatt\u0131 Projelerinde a\u015fama kaydediliyor<\/p>\n<p>SWECO ve ACE, MESK\u0130&#8217;nin Pamukluk Baraj\u0131 \u0130\u00e7me Suyu Ar\u0131tma Tesisi Projesi ve G\u00fclnar Il\u0131su \u0130\u00e7me Suyu \u0130sale Hatt\u0131 Projesi kapsam\u0131nda da saha g\u00f6zlemleri ger\u00e7ekle\u015ftirdi. SWECO&#8217;nun uzman ekibi sahada yapt\u0131\u011f\u0131 g\u00f6zlemlerle, mevcut altyap\u0131 ve \u00e7evresel \u015fartlar\u0131 detayl\u0131 bir \u015fekilde analiz ederek, projelerin s\u00fcrd\u00fcr\u00fclebilirli\u011fi ve etkinli\u011fi konular\u0131nda \u00f6nemli tespitlerde bulundu. Bu ziyaret, MESK\u0130&#8217;nin projelerinin hayata ge\u00e7irilmesinde kritik bir ad\u0131m olan fizibilite \u00e7al\u0131\u015fmalar\u0131n\u0131n tamamlanmas\u0131na da b\u00fcy\u00fck katk\u0131 sa\u011flad\u0131. MESK\u0130 de\u011ferlendirme toplant\u0131lar\u0131nda; projenin bug\u00fcne kadar kaydetti\u011fi ilerlemeler ele al\u0131narak, kar\u015f\u0131la\u015f\u0131lan zorluklar ve bunlar\u0131n \u00e7\u00f6z\u00fcm\u00fcne y\u00f6nelik stratejiler g\u00f6r\u00fc\u015f\u00fcld\u00fc.<\/p>\n<p>Ziyaret kapsam\u0131nda d\u00fczenlenen S\u00fcrd\u00fcr\u00fclebilirlik \u00c7al\u0131\u015ftay\u0131&#8217;nda ise ekolojik denge ve s\u00fcrd\u00fcr\u00fclebilir kalk\u0131nma hedefleri \u00fczerinde durularak, bu konularda fark\u0131ndal\u0131\u011f\u0131n art\u0131r\u0131lmas\u0131 ama\u00e7land\u0131. Bu \u00e7al\u0131\u015ftay, MESK\u0130&#8217;nin projelerinin s\u00fcrd\u00fcr\u00fclebilir geli\u015fimi i\u00e7in at\u0131lan \u00f6nemli bir ad\u0131m oldu.<\/p>\n<p>MESK\u0130, kad\u0131n \u00e7al\u0131\u015fanlar\u0131n\u0131n i\u015f hayat\u0131nda cinsiyet ve f\u0131rsat e\u015fitli\u011fi konular\u0131nda g\u00f6r\u00fc\u015flerini ald\u0131<\/p>\n<p>MESK\u0130, i\u015f hayat\u0131nda cinsiyet ve f\u0131rsat e\u015fitli\u011fini sa\u011flama konusunda da kararl\u0131l\u0131kla \u00e7al\u0131\u015fmaya devam ediyor. SWECO&#8217;nun ziyaretleri s\u0131ras\u0131nda; hem MESK\u0130 hem de Mersin B\u00fcy\u00fck\u015fehir Belediyesi&#8217;nin her kademeden kad\u0131n \u00e7al\u0131\u015fanlar\u0131yla i\u015f hayat\u0131nda cinsiyet ve f\u0131rsat e\u015fitli\u011fi konular\u0131nda toplant\u0131lar yap\u0131larak, bu alandaki stratejiler ve iyile\u015ftirme f\u0131rsatlar\u0131 \u00fczerinde duruldu. Kad\u0131n \u00e7al\u0131\u015fanlar\u0131n katk\u0131lar\u0131 ve g\u00f6r\u00fc\u015fleri, bu s\u00fcre\u00e7te de\u011ferli geri bildirimler sa\u011flad\u0131.<\/p>\n<p>MESK\u0130, 9 b\u00fcy\u00fck proje i\u00e7in \u00e7al\u0131\u015fmalar\u0131na durmaks\u0131z\u0131n devam ediyor<\/p>\n<p>MESK\u0130, &#8216;Mersin At\u0131k Su Y\u00f6netimi ve Ekolojik Denge Projesi&#8217; kapsam\u0131ndaki; Silifke 2. Kademe At\u0131k Su Ar\u0131tma Tesisi, Karaduvar 2. Kademe At\u0131k Su Ar\u0131tma Tesisi, Tarsus 2. Kademe At\u0131k Su Ar\u0131tma Tesisi, Ye\u015filovac\u0131k At\u0131k Su Ar\u0131tma Tesisi, Yenice At\u0131k Su Ar\u0131tma Tesisi, Atakent-Atayurt-Arkum Ortak At\u0131k Su Ar\u0131tma Tesisi ve Derin Deniz De\u015farj\u0131 ile \u00c7e\u015fmeli-Karg\u0131p\u0131nar\u0131 Derin Deniz De\u015farj\u0131, K\u0131zkalesi Derin Deniz De\u015farj\u0131 ve Bozyaz\u0131 Derin Deniz De\u015farj\u0131 projeleri \u00e7al\u0131\u015fmalar\u0131na aral\u0131ks\u0131z devam ediyor.<\/p>\n<p>Romail: &#8220;Halk\u0131n kat\u0131l\u0131m\u0131 ve bilin\u00e7lendirilmesi \u00e7ok \u00f6nemli&#8221;<\/p>\n<p>\u00c7evre Haftas\u0131 kapsam\u0131nda \u00e7evre bilincini art\u0131rmak i\u00e7in kurumlara \u00f6nerilerde bulunan SWECO temsilcisi Elena Romail, e\u011fitimin \u00f6nemine vurgu yaparak, &#8220;Kurum \u00e7al\u0131\u015fanlar\u0131 i\u00e7in bilin\u00e7 olu\u015fturmak ve \u00f6zellikle halk kat\u0131l\u0131m\u0131n\u0131 sa\u011flamak \u00f6nemlidir. \u00d6zellikle kurulu\u015flarda bu bilinci sa\u011flamak i\u00e7in, \u00e7al\u0131\u015fanlar\u0131n e\u011fitilmesi sa\u011flanabilir. \u00c7evre bilinci sa\u011flamak \u00fczere at\u00f6lyeler organize edilebilir. \u0130klim de\u011fi\u015fikli\u011fi kaynakl\u0131 olu\u015fabilecek sorunlar\u0131n hafifletilmesi konusunda halk\u0131n kat\u0131l\u0131m\u0131 ve bilin\u00e7lendirilmesi \u00e7ok \u00f6nemli&#8221; ifadelerini kulland\u0131.<\/p>\n<p>Hvid, \u00e7evresel s\u00fcrd\u00fcr\u00fclebilirlik ad\u0131na \u00f6nerilerde bulundu<\/p>\n<p>SWECO heyetinden Camilla Hvid ise \u00e7evrenin korunmas\u0131 a\u00e7\u0131s\u0131ndan tavsiyelerini ileterek; bireyin \u00f6nce kendi yapt\u0131klar\u0131n\u0131 anlamas\u0131 gerekti\u011fini, daha sonra da bunu etraf\u0131ndaki insanlara yayarak onlarda da bu \u00e7evre bilincinin sa\u011flanmas\u0131 konusunda tavsiyelerde bulundu. Hvid, &#8220;\u00d6rne\u011fin \u00e7evremizdeki insanlara kendi de\u011fi\u015ftirdi\u011fimiz ya\u015fam tarz\u0131n\u0131 g\u00f6sterip, bunlar\u0131 a\u015f\u0131lamak \u015feklinde de onlar\u0131 isteklendirebiliriz. \u00c7al\u0131\u015f\u0131yorsan\u0131z i\u015fyerinizde, okuyorsan\u0131z okulunuzda \u00e7evresel s\u00fcrd\u00fcr\u00fclebilirlik ad\u0131na neler yap\u0131ld\u0131\u011f\u0131na bak\u0131larak, bunlardan feyz al\u0131nabilir. Belki de \u00e7al\u0131\u015ft\u0131\u011f\u0131n\u0131z yerde veya okulunuzda, \u00e7evresel s\u00fcrd\u00fcr\u00fclebilirlik ekibi ya da komitesi olabilir. E\u011fer yoksa bile kendi \u00e7al\u0131\u015ft\u0131\u011f\u0131n\u0131z yerde bu bilinci art\u0131rmak ad\u0131na, siz de \u00e7al\u0131\u015fmalar yapabilirsiniz. Bunlar\u0131 sa\u011flarsak, birey olarak \u00e7evresel s\u00fcrd\u00fcr\u00fclebilirlik ad\u0131na g\u00fczel bir etkiniz olacakt\u0131r&#8221; diye konu\u015ftu.<\/p>\n","protected":false},"excerpt":{"rendered":"<p>MESK\u0130, &#8216;Mersin At\u0131k Su Y\u00f6netimi ve Ekolojik Denge Projesi&#8217; kapsam\u0131nda, Avrupa \u0130mar ve Kalk\u0131nma Bankas\u0131 (EBRD) taraf\u0131ndan g\u00f6revlendirilen dan\u0131\u015fmanl\u0131k firmas\u0131 SWECO taraf\u0131ndan ziyaret edildi. Ziyaret kapsam\u0131nda \u00e7e\u015fitli saha g\u00f6zlemleri yap\u0131larak, &hellip; <a href=\"https:\/\/akdenizolaygazetesi.com\/?p=31347\" class=\"more-link\">Devam\u0131n\u0131 Oku&#8230;<\/a><\/p>\n","protected":false},"author":2,"featured_media":31348,"comment_status":"open","ping_status":"open","sticky":false,"template":"","format":"standard","meta":[],"categories":[1,2,3],"tags":[],"_links":{"self":[{"href":"https:\/\/akdenizolaygazetesi.com\/index.php?rest_route=\/wp\/v2\/posts\/31347"}],"collection":[{"href":"https:\/\/akdenizolaygazetesi.com\/index.php?rest_route=\/wp\/v2\/posts"}],"about":[{"href":"https:\/\/akdenizolaygazetesi.com\/index.php?rest_route=\/wp\/v2\/types\/post"}],"author":[{"embeddable":true,"href":"https:\/\/akdenizolaygazetesi.com\/index.php?rest_route=\/wp\/v2\/users\/2"}],"replies":[{"embeddable":true,"href":"https:\/\/akdenizolaygazetesi.com\/index.php?rest_route=%2Fwp%2Fv2%2Fcomments&post=31347"}],"version-history":[{"count":1,"href":"https:\/\/akdenizolaygazetesi.com\/index.php?rest_route=\/wp\/v2\/posts\/31347\/revisions"}],"predecessor-version":[{"id":31349,"href":"https:\/\/akdenizolaygazetesi.com\/index.php?rest_route=\/wp\/v2\/posts\/31347\/revisions\/31349"}],"wp:featuredmedia":[{"embeddable":true,"href":"https:\/\/akdenizolaygazetesi.com\/index.php?rest_route=\/wp\/v2\/media\/31348"}],"wp:attachment":[{"href":"https:\/\/akdenizolaygazetesi.com\/index.php?rest_route=%2Fwp%2Fv2%2Fmedia&parent=31347"}],"wp:term":[{"taxonomy":"category","embeddable":true,"href":"https:\/\/akdenizolaygazetesi.com\/index.php?rest_route=%2Fwp%2Fv2%2Fcategories&post=31347"},{"taxonomy":"post_tag","embeddable":true,"href":"https:\/\/akdenizolaygazetesi.com\/index.php?rest_route=%2Fwp%2Fv2%2Ftags&post=31347"}],"curies":[{"name":"wp","href":"https:\/\/api.w.org\/{rel}","templated":true}]}}