{"id":31392,"date":"2024-07-25T12:12:53","date_gmt":"2024-07-25T09:12:53","guid":{"rendered":"http:\/\/akdenizolaygazetesi.com\/?p=31392"},"modified":"2024-07-25T12:12:53","modified_gmt":"2024-07-25T09:12:53","slug":"deva-partili-ekmen-bu-kanunla-sokaklar-guvenli-hale-gelmeyecek","status":"publish","type":"post","link":"https:\/\/akdenizolaygazetesi.com\/?p=31392","title":{"rendered":"DEVA Partili Ekmen: \u201cBu kanunla sokaklar g\u00fcvenli hale gelmeyecek\u201d"},"content":{"rendered":"<p>DEVA Partisi Genel Ba\u015fkan Yard\u0131mc\u0131s\u0131 ve Mersin Milletvekili Mehmet Emin Ekmen, TBMM Tar\u0131m, Orman ve K\u00f6yi\u015fleri Komisyonunda yapt\u0131\u011f\u0131 konu\u015fmada, sokak g\u00fcvenli\u011fi ve hayvan haklar\u0131 yasas\u0131na dair \u00f6nemli de\u011ferlendirmelerde bulundu. Ekmen, payda\u015flarla i\u015fbirli\u011fi yap\u0131lmadan \u00e7\u00f6z\u00fcme ula\u015f\u0131lamayaca\u011f\u0131n\u0131 vurgulad\u0131.<\/p>\n<p>Konu\u015fmas\u0131nda, yasa teklifinin sokak g\u00fcvenli\u011fi ve toplumun genel g\u00fcvenli\u011fini sa\u011flama iddias\u0131yla getirildi\u011fini ancak bu haliyle bunun imk\u00e2ns\u0131z oldu\u011funu belirten Ekmen, eksikleri giderilmedi\u011fi m\u00fcddet\u00e7e bunun sadece bir aldatmacadan ibaret olaca\u011f\u0131n\u0131 ifade etti.<\/p>\n<p>\u201cKimsenin, oyun oynanamayan, y\u00fcr\u00fcnemeyen sokaklar\u0131 ve mahalleleri savunacak hali yoktur\u201d <\/p>\n<p>Teklifin Meclise gelme nedeninin, sokaklar\u0131n insanlar i\u00e7in g\u00fcvenli hale getirilmesi oldu\u011funu hat\u0131rlatan Ekmen, payda\u015flarla i\u015fbirli\u011fi yap\u0131lmad\u0131\u011f\u0131 i\u00e7in teklifin bu haliyle problemi \u00e7\u00f6zemeyece\u011fini s\u00f6yledi. Ekmen, &#8220;Bu teklifin buraya sunulmas\u0131n\u0131n sebebi sokaklar\u0131n \u00fc\u00e7 d\u00f6rt y\u0131ld\u0131r,   \u00e7ocuklar, anneler, ya\u015fl\u0131lar ve hastalar i\u00e7in g\u00fcvenli olmaktan \u00e7\u0131kmas\u0131d\u0131r.  Bu yasaya muhalefet eden hi\u00e7bir milletvekilinin Tunahan i\u00e7in, Mustafa i\u00e7in, Mahra i\u00e7in oynanamaz h\u00e2le gelen sokaklar\u0131, Hac\u0131 amcan\u0131n sabah namaz\u0131nda camiye giderken ge\u00e7ilemez olan sokaklar\u0131, Ay\u015fe veya Fatma teyze i\u00e7in evinin etraf\u0131nda bir tur at\u0131lamaz h\u00e2le gelen mahalleleri savunacak h\u00e2li yoktur.\u201d dedi. <\/p>\n<p>\u201cKamuoyuna medya g\u00fcc\u00fcyle farkl\u0131 bir resim verilmi\u015ftir\u201d <\/p>\n<p>Medya g\u00fcc\u00fc kullan\u0131larak muhalefetin yasa teklifine sadece hayvan haklar\u0131 a\u00e7\u0131s\u0131ndan itiraz ediyor gibi g\u00f6sterildi\u011fine dikkat \u00e7eken Ekmen, \u015funlar\u0131 s\u00f6yledi:\u201cBu meseleyi k\u00f6k\u00fcnden \u00e7\u00f6zecek bir teklif getirilmi\u015ftir de muhalefet buna sadece hayvan haklar\u0131 a\u00e7\u0131s\u0131ndan itiraz ediyor alg\u0131s\u0131 kamuoyuna verilmi\u015ftir, bu b\u00fcy\u00fck bir aldatmacad\u0131r. Muhalefetin en \u00f6nemli itiraz\u0131 bu teklifin ger\u00e7ek\u00e7i ve uygulanabilir olmamas\u0131ndad\u0131r.\u201d<\/p>\n<p>\u201cPayda\u015flarla i\u015fbirli\u011fi \u015fart\u201d<\/p>\n<p>\u201cBu teklifin en b\u00fcy\u00fck sorunu asl\u0131nda AK Parti&#8217;nin son on y\u0131lda her ge\u00e7en g\u00fcn artan bir \u015fekilde, usul\u00fcn esasa mukaddem olmas\u0131 ilkesinin \u00e7i\u011fnenmi\u015f olmas\u0131d\u0131r; bu bir mecelle kural\u0131d\u0131r, herhangi bir konu g\u00fcndeme gelece\u011fi zaman bununla ilgili haz\u0131rl\u0131klar\u0131n gereklili\u011fine i\u015faret eder.\u201d<\/p>\n<p>S\u00f6z konusu g\u00fcvenlik sorununun payda\u015flarla i\u015fbirli\u011fi yap\u0131lmadan \u00e7\u00f6z\u00fclemeyece\u011finin alt\u0131n\u0131 \u00e7izen Ekmen, &#8220;Bu mesele payda\u015flarla konu\u015fulmadan, sorunun taraflar\u0131yla konu\u015fulmadan, uzla\u015f\u0131 sa\u011flanmadan sadece kanun \u00e7\u0131kartmakla \u00e7\u00f6z\u00fclecek bir mesele de\u011fildir. E\u011fer talimat veya kanun yeterli olsayd\u0131, Say\u0131n Cumhurba\u015fkan\u0131n\u0131n talimat\u0131yla Merkez Bankas\u0131n\u0131n faizi d\u00fc\u015f\u00fcrmesiyle birlikte ekonomik sorunlar\u0131m\u0131z biterdi, T\u00dc\u0130K&#8217;in enflasyonu d\u00fc\u015f\u00fck g\u00f6stermesiyle birlikte emekli rahat nefes al\u0131rd\u0131. Say\u0131n Cumhurba\u015fkan\u0131 yirmi y\u0131ld\u0131r gitti\u011fi her yerde en az 3 \u00e7ocuk \u00f6neriyor, do\u011furganl\u0131k h\u0131z\u0131 tarihin en d\u00fc\u015f\u00fck noktas\u0131na gelmi\u015f. Demek ki kanun \u00e7\u0131kartarak, talimat vererek, kampanya yaparak sorunlar \u00e7\u00f6z\u00fclmez; sorunlar ancak ger\u00e7ek\u00e7i bir \u00e7\u00f6z\u00fcmle, b\u00fct\u00fcn payda\u015flarla birlikte ele al\u0131narak \u00e7\u00f6z\u00fcl\u00fcr.&#8221; diye konu\u015ftu. <\/p>\n<p>\u201cCHP\u2019liler uygulam\u0131yor mu diyeceksiniz?\u201d<\/p>\n<p> &#8220;CHP&#8217;li belediyeler, yasa bu haliyle \u00e7\u0131kt\u0131\u011f\u0131nda bunu uygulamayacaklar\u0131n\u0131 belirtiyor. Belediyelerin y\u00fczde 60&#8217;\u0131n\u0131n uygulamad\u0131\u011f\u0131 bir yasa \u00e7\u0131kacak, sonra AK PART\u0130 topluma &#8216;Ben yasay\u0131 \u00e7\u0131kartt\u0131m ama CHP&#8217;liler uygulam\u0131yor, sorun bunlarda.&#8217; m\u0131 diyecek? Belediyeleri meselenin tart\u0131\u015fmas\u0131na katmayan bir yakla\u015f\u0131mla, yirmi iki y\u0131ll\u0131k zamanda \u00f6zellikle sokakta k\u00f6pek n\u00fcfusunun art\u0131\u015f\u0131yla ilgili muhasebe yapmayan bir yakla\u015f\u0131mla bu sorun \u00e7\u00f6z\u00fclebilir mi?&#8221; diye sordu. <\/p>\n<p>\u201cPayda\u015f komisyonlar\u0131n dahi s\u00fcrece kat\u0131l\u0131m\u0131 yok\u201d <\/p>\n<p>Yasa teklifinin ele al\u0131n\u0131\u015f \u015feklinin Meclisin \u0130\u00e7 T\u00fcz\u00fc\u011f\u00fc&#8217;ne de ayk\u0131r\u0131 oldu\u011funu kaydeden Ekmen, s\u00f6zlerini \u015f\u00f6yle s\u00fcrd\u00fcrd\u00fc: &#8220;5199 say\u0131l\u0131 Kanun ile 5996 say\u0131l\u0131 Kanun&#8217;a s\u00fcrekli referans veriliyor, biri Hayvanlar\u0131 Koruma Kanunu, di\u011feri Veterinerlik Kanunu. Her ikisi de buraya geldi\u011finde, biri \u00c7evre Komisyonunda, \u0130\u00e7i\u015fleri ve Adalet Komisyonuyla birlikte g\u00f6r\u00fc\u015f\u00fclm\u00fc\u015f; di\u011feri, Tar\u0131m Komisyonunda, Avrupa Birli\u011fi Uyum Komisyonu ile \u00c7evre Komisyonuyla birlikte g\u00f6r\u00fc\u015f\u00fclm\u00fc\u015f. Bu yasa ise sadece tar\u0131m komisyonunda g\u00f6r\u00fc\u015f\u00fcl\u00fcyor, alt komisyona sevk etmekten vazge\u00e7tik, di\u011fer payda\u015f komisyonlar\u0131n dahi s\u00fcrece kat\u0131l\u0131m\u0131 yok.&#8221; <\/p>\n<p>\u201cYasa Ak Parti\u2019nin i\u00e7inde bile tart\u0131\u015f\u0131lmam\u0131\u015ft\u0131r\u201d<\/p>\n<p>Uygulanabilir, sokaklar\u0131 ger\u00e7ekten g\u00fcvenli hale getirecek bir yasa i\u00e7in \u00e7aba sarf edilmesi gerekti\u011fini dile getiren Ekmen, &#8220;Bu yasa y\u00fcr\u00fcrl\u00fc\u011fe girdi\u011fi anda, de\u011fil k\u0131sa bir s\u00fcrede, uzunca bir s\u00fcre i\u00e7erisinde dahi sokaklar\u0131 g\u00fcvenli h\u00e2le getiremeyecektir. Madem ki insan can\u0131n\u0131 esas almakla birlikte, Allah&#8217;\u0131n yaratt\u0131\u011f\u0131 di\u011fer b\u00fct\u00fcn canlar\u0131 da \u00f6nemsiyoruz; o zaman gelin, Meclisin uzatmalar\u0131 oynad\u0131\u011f\u0131 bir g\u00fcnde yirmi \u00fc\u00e7 saat \u00e7al\u0131\u015fma yaparak, \u00f6nce AK PART\u0130 dinamiklerinin kendi i\u00e7inde, sonra di\u011fer payda\u015flarla, sonra Meclisin b\u00fct\u00fcn komisyonlar\u0131yla birlikte sa\u011fl\u0131kl\u0131 bir s\u00fcre\u00e7 y\u00fcr\u00fct\u00fclerek yap\u0131lacak bir yasa i\u00e7in \u00e7aba sarf edelim.&#8221; ifadelerini kulland\u0131.<\/p>\n","protected":false},"excerpt":{"rendered":"<p>DEVA Partisi Genel Ba\u015fkan Yard\u0131mc\u0131s\u0131 ve Mersin Milletvekili Mehmet Emin Ekmen, TBMM Tar\u0131m, Orman ve K\u00f6yi\u015fleri Komisyonunda yapt\u0131\u011f\u0131 konu\u015fmada, sokak g\u00fcvenli\u011fi ve hayvan haklar\u0131 yasas\u0131na dair \u00f6nemli de\u011ferlendirmelerde bulundu. Ekmen, &hellip; <a href=\"https:\/\/akdenizolaygazetesi.com\/?p=31392\" class=\"more-link\">Devam\u0131n\u0131 Oku&#8230;<\/a><\/p>\n","protected":false},"author":2,"featured_media":31178,"comment_status":"open","ping_status":"open","sticky":false,"template":"","format":"standard","meta":[],"categories":[1,2,3],"tags":[],"_links":{"self":[{"href":"https:\/\/akdenizolaygazetesi.com\/index.php?rest_route=\/wp\/v2\/posts\/31392"}],"collection":[{"href":"https:\/\/akdenizolaygazetesi.com\/index.php?rest_route=\/wp\/v2\/posts"}],"about":[{"href":"https:\/\/akdenizolaygazetesi.com\/index.php?rest_route=\/wp\/v2\/types\/post"}],"author":[{"embeddable":true,"href":"https:\/\/akdenizolaygazetesi.com\/index.php?rest_route=\/wp\/v2\/users\/2"}],"replies":[{"embeddable":true,"href":"https:\/\/akdenizolaygazetesi.com\/index.php?rest_route=%2Fwp%2Fv2%2Fcomments&post=31392"}],"version-history":[{"count":1,"href":"https:\/\/akdenizolaygazetesi.com\/index.php?rest_route=\/wp\/v2\/posts\/31392\/revisions"}],"predecessor-version":[{"id":31393,"href":"https:\/\/akdenizolaygazetesi.com\/index.php?rest_route=\/wp\/v2\/posts\/31392\/revisions\/31393"}],"wp:featuredmedia":[{"embeddable":true,"href":"https:\/\/akdenizolaygazetesi.com\/index.php?rest_route=\/wp\/v2\/media\/31178"}],"wp:attachment":[{"href":"https:\/\/akdenizolaygazetesi.com\/index.php?rest_route=%2Fwp%2Fv2%2Fmedia&parent=31392"}],"wp:term":[{"taxonomy":"category","embeddable":true,"href":"https:\/\/akdenizolaygazetesi.com\/index.php?rest_route=%2Fwp%2Fv2%2Fcategories&post=31392"},{"taxonomy":"post_tag","embeddable":true,"href":"https:\/\/akdenizolaygazetesi.com\/index.php?rest_route=%2Fwp%2Fv2%2Ftags&post=31392"}],"curies":[{"name":"wp","href":"https:\/\/api.w.org\/{rel}","templated":true}]}}