{"id":3144,"date":"2020-11-04T18:23:36","date_gmt":"2020-11-04T15:23:36","guid":{"rendered":"http:\/\/mersinekonomipolitikagazetesi.com\/?p=3144"},"modified":"2020-11-04T18:23:36","modified_gmt":"2020-11-04T15:23:36","slug":"mersin-havalimani-icin-neden-bekliyor","status":"publish","type":"post","link":"https:\/\/akdenizolaygazetesi.com\/?p=3144","title":{"rendered":"MERS\u0130N HAVAL\u0130MANI  \u0130\u00c7\u0130N NEDEN BEKL\u0130YOR?"},"content":{"rendered":"<p>Mersin\u2019in OSB-Otoban ba\u011flant\u0131s\u0131 neden yap\u0131lmaz? Nedir bu kadar b\u00fcy\u00fck engel?<br \/>\nTurizm b\u00f6lgeleri, liman kav\u015fa\u011f\u0131 vs, vs, ger\u00e7ekten art\u0131k bu kent bu yat\u0131r\u0131mlar\u0131 duymaktan b\u0131kt\u0131.<br \/>\n\u0130\u015fin daha k\u00f6t\u00fc yan\u0131 ise t\u00fcm bu yat\u0131r\u0131mlar i\u00e7in kimileri siyaseti su\u00e7luyor ve bunlar\u0131n kente verilen bir ceza oldu\u011funu iddia ediyor..!<\/p>\n<p>Mersin\u2019in \u00fclkesine ald\u0131\u011f\u0131nd\u0131n fazlas\u0131n\u0131 veren bir kent oldu\u011funu vurgulayan Mersin Ticaret ve Sanayi Odas\u0131 Y\u00f6netim Kurulu Ba\u015fkan\u0131 Ayhan K\u0131z\u0131ltan, Mersin\u2019in ekonomik geli\u015fiminin \u00f6n\u00fcnde engel gibi duran baz\u0131 temel kamu yat\u0131r\u0131mlar\u0131n\u0131n hayata ge\u00e7mesini beklemekten yoruldu\u011funu vurgulad\u0131. \u00a0<\/p>\n<p>Mersin kamuoyunun ayn\u0131 yat\u0131r\u0131mlar\u0131n \u201ctemeli at\u0131ld\u0131, ihalesi verildi, in\u015faat\u0131 devam ediyor\u201d \u00a0gibi haber ve m\u00fcjdelerini dinlemek istemedi\u011fi belirten Ayhan K\u0131z\u0131ltan: \u201c\u015eunun alt\u0131n\u0131 \u00e7izerek vurgulamak isterim ki; Bu yat\u0131r\u0131mlar Mersin\u2019den daha \u00e7ok T\u00fcrkiye\u2019nin ekonomik geli\u015fmesini, \u00fclkenin ihracat\u0131n\u0131, \u00fclke ihracat\u0131n\u0131n lojisti\u011fini ve kalk\u0131nmas\u0131n\u0131 ilerletecek yat\u0131r\u0131mlard\u0131r. Yani, zarar g\u00f6ren sadece Mersin de\u011fil, T\u00fcrkiye\u2019dir. \u00dclkemizin \u00a0ve kentimizin t\u00fcm realiteleri g\u00f6z \u00f6n\u00fcnde tutuldu\u011funda, bu yat\u0131r\u0131mlar\u0131n hayata ge\u00e7memesini gerektirecek hi\u00e7 bir ak\u0131lc\u0131 neden g\u00f6remiyoruz. Bu da t\u00fcm Mersinlileri bir a\u00e7\u0131klama bekleme durumuna getiriyor.\u201d diye konu\u015ftu.<\/p>\n<p>\u201c\u0130\u015flevsiz yat\u0131r\u0131mlar beklemiyoruz, gerekli olan yap\u0131ls\u0131n\u201d<\/p>\n<p>Mersin\u2019in temel ihtiya\u00e7 olmayan, i\u015flevsiz, dekoratif yat\u0131r\u0131mlar beklemedi\u011fini ifade eden Ayhan K\u0131z\u0131ltan: \u201cO \u015fehirde var, bizim de olsun gibi bir beklentimiz yok. Aksine gerekli olan yap\u0131ls\u0131n diyoruz. T\u00fcrkiye\u2019nin katma de\u011ferli tar\u0131m \u00fcr\u00fcnlerini \u00fcreten, \u00fclkenin katma de\u011ferli sanayi \u00fcr\u00fcnlerini \u00fcreten, \u00fclkenin alternatif turizm hedefi ile ba\u015flay\u0131p bunu daha da uluslararas\u0131 bir turizm \u015fekline \u00e7evirme potansiyeli Antalya\u2019ya e\u015f olan bir Mersin\u2019in havaliman\u0131n\u0131n bitmesi sadece Mersin i\u00e7in mi, yoksa \u00fclkemiz i\u00e7in mi \u00f6nemli? Ger\u00e7ekte kazanan kim, kaybeden kim? Bu soruyu herkes kendisine sormal\u0131d\u0131r. \u00dclkenin bir\u00e7ok yerinde acil ihtiya\u00e7 olmayan havalimanlar\u0131na, kullan\u0131lmayan lojistik merkezlere pay ayr\u0131l\u0131rken, ekonomiye an\u0131nda d\u00f6n\u00fc\u015f yapacak Mersin neden bekliyor? Kaybeden sadece ve sadece Mersin diyenlere \u015funu s\u00f6ylemek isterim: Mersin kendi g\u00f6bek ba\u011f\u0131n\u0131 kendisi kesmeye al\u0131\u015fk\u0131n bir kenttir, farkl\u0131 bir k\u00fclt\u00fcr vard\u0131r. Biz kendimize yeni bir yol buluruz. Ama bu yat\u0131r\u0131mlar\u0131n hayata ge\u00e7memesinden dolay\u0131 kaybeden \u00fclkemizdir diyorsan\u0131z; o halde sorun daha b\u00fcy\u00fck demektir.\u201d \u015feklinde konu\u015ftu.\u201cT\u00fcrkiye\u2019nin lojistik merkezi dedi\u011finiz bir kentin lojistik merkezi olmaz m\u0131?\u201dMersin\u2019in ger\u00e7ek\u00e7i bir kent oldu\u011funu, zor zamanlarda bile a\u011flamayan, talep etmeyen bir kent olarak \u00fclkemizin zor zamanlar\u0131nda da fedakarl\u0131k yapmay\u0131 bilen, \u00e7ok \u015fey talep etmeyen bir kent oldu\u011funun alt\u0131n\u0131 \u00e7izen K\u0131z\u0131ltan: \u201cAma \u00fclke kaynaklar\u0131 \u00f6ncelik s\u0131ras\u0131na g\u00f6re acil ihtiya\u00e7 gerekmeyen yerlerde yat\u0131r\u0131ma d\u00f6n\u00fc\u015f\u00fcrken, ger\u00e7ek yat\u0131r\u0131m noktas\u0131 olan ve hem b\u00f6lgeye hem de \u00fclkeye hizmet edecek nokta olan Mersin\u2019de rafa kald\u0131r\u0131l\u0131nca elbette bu Mersinlilerde hakl\u0131 bir tepkiye d\u00f6n\u00fc\u015fmektedir. San\u0131r\u0131m Mersin\u2019in bu konudaki sessizli\u011fi birileri taraf\u0131ndan yanl\u0131\u015f alg\u0131land\u0131. Bu anlamda umar\u0131m bu yaz\u0131 Mersin\u2019in ortak duygusu olarak alg\u0131lan\u0131r.<\/p>\n<p>Tek tek isim vermeye gerek yok. Ayn\u0131 yat\u0131r\u0131m konular\u0131n\u0131 o kadar \u00e7ok dile getirdik ki, art\u0131k yorulduk. Sokaktaki herhangi bir vatanda\u015fa sorulsa her Mersinli bu sorunlar\u0131, bekleyen yat\u0131r\u0131mlar\u0131 sayabilir. T\u00fcrkiye\u2019nin lojistik merkezi dedi\u011finiz bir kentin lojistik merkezi olmaz m\u0131? Hatta kendi finansman\u0131n\u0131 sa\u011flayan, devletten bir \u015fey beklemeyen bir lojistik merkez yat\u0131r\u0131m\u0131na y\u0131llarca neden izin verilmedi ve bir yerel kamu kurumunun raporuna kurban edildi? Kim kazand\u0131, kim kaybetti? \u00dclkenin katma de\u011ferli sanayi \u00fcr\u00fcnlerini \u00fcreten bir sanayi kenti Mersin\u2019in OSB-Otoban ba\u011flant\u0131s\u0131 neden yap\u0131lmaz? Nedir bu kadar b\u00fcy\u00fck engel? Turizm b\u00f6lgeleri, liman kav\u015fa\u011f\u0131 vs, vs, ger\u00e7ekten art\u0131k bu kent bu yat\u0131r\u0131mlar\u0131 duymaktan b\u0131kt\u0131. \u0130\u015fin daha k\u00f6t\u00fc yan\u0131 ise t\u00fcm bu yat\u0131r\u0131mlar\u0131n hayata ge\u00e7memesi bir \u00e7ok dedi kodu, yanl\u0131\u015f alg\u0131 ve ayr\u0131mc\u0131l\u0131\u011f\u0131 da beraberinde getiriyor. Kimi daha kolayc\u0131l\u0131k yaparak hi\u00e7bir icra g\u00fcc\u00fc olmayan Odalara su\u00e7u at\u0131yor, kimileri yerel y\u00f6netimleri su\u00e7luyor \u2013ki yerel y\u00f6netimler kamu kadar olmasa da icra g\u00fcc\u00fc vard\u0131r ve sorumlulu\u011fu vard\u0131r- kimileri siyaseti su\u00e7luyor ve bunlar\u0131n kente verilen bir ceza oldu\u011funu iddia ediyor vs. Her su\u00e7laman\u0131n hakl\u0131 veya haks\u0131z k\u0131s\u0131mlar\u0131 olabilir. Ama bu yat\u0131r\u0131mlar anlams\u0131z ve mant\u0131ks\u0131z olarak bekledik\u00e7e bu s\u00f6ylentiler b\u00fcy\u00fcyerek devam edecektir. Bunlar\u0131 durdurmak ise icra g\u00fcc\u00fc olanlar\u0131n i\u015fidir. Uyumlu bir kamu ve yerel y\u00f6netim \u00e7abas\u0131 ve iradesi gerekir. Biz \u00f6zel sekt\u00f6r olarak, \u00a0kentin STK\u2019lar\u0131 olarak her zaman Mersin\u2019e bir \u00e7ivi \u00e7akan\u0131n yan\u0131nday\u0131z.\u201d diyerek konu\u015fmas\u0131n\u0131 s\u00fcrd\u00fcrd\u00fc.\u201cMersin Ba\u015fkan\u0131ndan ne bekliyor?\u201dYak\u0131n zamanda yerel y\u00f6netim se\u00e7imlerin yap\u0131laca\u011f\u0131n\u0131 bu konu ile ilgili \u201cMersin Ba\u015fkan\u0131ndan ne bekliyor?\u201d \u00a0sorusunu soran bir Arama Konferans\u0131 d\u00fczenlediklerini hat\u0131rlatan Ba\u015fkan Ayhan K\u0131z\u0131ltan: \u201cSonu\u00e7lar\u0131n\u0131 ayr\u0131ca bir STK\u2019lar bulu\u015fmas\u0131 ile daha derinlemesine inceleyip, bu sonu\u00e7 ve beklentilerin toplumun daha geni\u015f \u00e7apl\u0131 bir incelemesine tabi tutaca\u011f\u0131z. Elden ge\u00e7en bu sonu\u00e7lara gereken ilaveler yap\u0131larak tamamlan\u0131p t\u00fcm Mersinlilerle payla\u015f\u0131lacak. Amac\u0131m\u0131z kentin beklentilerini adaylara do\u011fru \u015fekilde bildirmek ve bir yol haritas\u0131 olu\u015fturmakt\u0131r. Bizlerin g\u00f6revi budur. Hayata ge\u00e7irmek onlar\u0131n\u2026 Ancak ge\u00e7mi\u015fin olumsuz tecr\u00fcbeleri zaman zaman bu \u00e7abalar\u0131m\u0131z\u0131 anlams\u0131z hale getiriyor.\u00a0<\/p>\n<p>Sonu\u00e7 olarak bekleyen yat\u0131r\u0131mlara d\u00f6nersek: Mersin art\u0131k gelinen bu noktada bir a\u00e7\u0131klama bekliyor\u2026 Ama icraat, yat\u0131r\u0131mlar\u0131n h\u0131zlanmas\u0131 ve bunun topluma g\u00f6sterilmesi en anlaml\u0131 ve en etkin a\u00e7\u0131klama olacakt\u0131r\u2026 T\u00fcm yetkililere sesleniyoruz. Mersin\u2019i ikinci plana atmay\u0131n; \u00e7\u00fcnk\u00fc Mersin ald\u0131\u011f\u0131ndan fazlas\u0131n\u0131 \u00fclkesine veren bir kenttir, Mersin \u00fclkemizin ekonomik zenginli\u011fidir, toplumsal huzurudur. Gelin bu zenginli\u011fi, bu huzuru y\u00fcceltelim.&#8221; \u015feklinde konu\u015ftu.\u00a0<\/p>\n","protected":false},"excerpt":{"rendered":"<p>Mersin\u2019in OSB-Otoban ba\u011flant\u0131s\u0131 neden yap\u0131lmaz? Nedir bu kadar b\u00fcy\u00fck engel? Turizm b\u00f6lgeleri, liman kav\u015fa\u011f\u0131 vs, vs, ger\u00e7ekten art\u0131k bu kent bu yat\u0131r\u0131mlar\u0131 duymaktan b\u0131kt\u0131. \u0130\u015fin daha k\u00f6t\u00fc yan\u0131 ise t\u00fcm &hellip; <a href=\"https:\/\/akdenizolaygazetesi.com\/?p=3144\" class=\"more-link\">Devam\u0131n\u0131 Oku&#8230;<\/a><\/p>\n","protected":false},"author":1,"featured_media":0,"comment_status":"open","ping_status":"open","sticky":false,"template":"","format":"standard","meta":[],"categories":[],"tags":[],"_links":{"self":[{"href":"https:\/\/akdenizolaygazetesi.com\/index.php?rest_route=\/wp\/v2\/posts\/3144"}],"collection":[{"href":"https:\/\/akdenizolaygazetesi.com\/index.php?rest_route=\/wp\/v2\/posts"}],"about":[{"href":"https:\/\/akdenizolaygazetesi.com\/index.php?rest_route=\/wp\/v2\/types\/post"}],"author":[{"embeddable":true,"href":"https:\/\/akdenizolaygazetesi.com\/index.php?rest_route=\/wp\/v2\/users\/1"}],"replies":[{"embeddable":true,"href":"https:\/\/akdenizolaygazetesi.com\/index.php?rest_route=%2Fwp%2Fv2%2Fcomments&post=3144"}],"version-history":[{"count":0,"href":"https:\/\/akdenizolaygazetesi.com\/index.php?rest_route=\/wp\/v2\/posts\/3144\/revisions"}],"wp:attachment":[{"href":"https:\/\/akdenizolaygazetesi.com\/index.php?rest_route=%2Fwp%2Fv2%2Fmedia&parent=3144"}],"wp:term":[{"taxonomy":"category","embeddable":true,"href":"https:\/\/akdenizolaygazetesi.com\/index.php?rest_route=%2Fwp%2Fv2%2Fcategories&post=3144"},{"taxonomy":"post_tag","embeddable":true,"href":"https:\/\/akdenizolaygazetesi.com\/index.php?rest_route=%2Fwp%2Fv2%2Ftags&post=3144"}],"curies":[{"name":"wp","href":"https:\/\/api.w.org\/{rel}","templated":true}]}}