{"id":31508,"date":"2024-08-01T13:58:24","date_gmt":"2024-08-01T10:58:24","guid":{"rendered":"http:\/\/akdenizolaygazetesi.com\/?p=31508"},"modified":"2024-08-01T13:58:24","modified_gmt":"2024-08-01T10:58:24","slug":"chpli-kis-akpnin-amaci-chpli-belediyelerin-vatandasa-hizmetinin-onunu-kesmek","status":"publish","type":"post","link":"https:\/\/akdenizolaygazetesi.com\/?p=31508","title":{"rendered":"CHP\u2019L\u0130 KI\u015e: \u201cAKP\u2019N\u0130N AMACI CHP\u2019L\u0130 BELED\u0130YELER\u0130N VATANDA\u015eA H\u0130ZMET\u0130N\u0130N \u00d6N\u00dcN\u00dc KESMEK\u201d"},"content":{"rendered":"<p>CHP&#8217;L\u0130 KI\u015e: &#8220;AKP&#8217;N\u0130N AMACI CHP&#8217;L\u0130 BELED\u0130YELER\u0130N VATANDA\u015eA H\u0130ZMET\u0130N\u0130N \u00d6N\u00dcN\u00dc KESMEK&#8221;<\/p>\n<p>Cumhurba\u015fkan\u0131 Erdo\u011fan&#8217;\u0131n AKP Grup Toplant\u0131s\u0131nda CHP&#8217;li belediyeleri hedef alarak bor\u00e7lar\u0131n\u0131 \u00f6demeyen belediyelerin kaynaklar\u0131n\u0131n kesilece\u011fi y\u00f6n\u00fcnde a\u00e7\u0131klama yapmas\u0131n\u0131n ard\u0131ndan CHP i\u00e7erisinden pe\u015f pe\u015fe tepkiler geldi.<br \/>\nCHP Mersin Milletvekili G\u00fclcan K\u0131\u015f, TBMM Genel Kurulu&#8217;nda yapt\u0131\u011f\u0131 konu\u015fmada Cumhurba\u015fkan\u0131&#8217;n\u0131n belediyeleri hedef almas\u0131n\u0131 sert bir \u015fekilde ele\u015ftirdi.<br \/>\nK\u0131\u015f, 31 Mart Yerel Se\u00e7imlerine kadar belediyelerin bor\u00e7lar\u0131n\u0131 tahsil etmeyen AKP&#8217;nin, Belediyelerin CHP&#8217;ye ge\u00e7mesi ile b\u00f6yle bir karar ald\u0131\u011f\u0131n\u0131 vurgulad\u0131.<br \/>\nCHP&#8217;li K\u0131\u015f, AKP&#8217;nin ekonomik krizin k\u00f6t\u00fcye gidi\u015fat\u0131n\u0131 g\u00fcndem de\u011fi\u015ftirerek CHP&#8217;li belediyelerden \u00e7\u0131kard\u0131\u011f\u0131n\u0131, ifade etti.<br \/>\nGenel Kurul&#8217;da s\u00f6z alan K\u0131\u015f, &#8220;SGK prim bor\u00e7lar\u0131n\u0131 g\u00f6nderdi\u011fimiz paralardan kesece\u011fiz&#8221; diye tehdit eden AKPiktidar\u0131n\u0131n amac\u0131n\u0131n belediyelerin hizmetini engellemeye y\u00f6nelik oldu\u011funu vurgulad\u0131.<br \/>\nK\u0131\u015f konu\u015fmas\u0131na \u015f\u00f6yle devam etti: &#8221; AKP&#8217;li belediyelerin ge\u00e7mi\u015ften gelen ve y\u0131llarca biriken bor\u00e7lar\u0131n\u0131, CHP yerelde iktidar olunca almaya kalkmak, olsa olsa vatanda\u015f\u0131 cezaland\u0131rmakt\u0131r. Yerel se\u00e7imlerde Hatay&#8217;da vatanda\u015flar\u0131 tehdit eden Erdo\u011fan&#8217;\u0131n &#8220;oy vermezseniz hizmet yok&#8221;anlay\u0131\u015f\u0131 hayata ge\u00e7irilmi\u015ftir.  \u00c7\u00fcnk\u00fc, Korku da\u011flar\u0131 sarm\u0131\u015ft\u0131r. \u00c7abalar\u0131n\u0131z nafile! Cumhuriyet Halk Partisi iktidar\u0131 geliyor. CHP&#8217;li beledilerin hi\u00e7birinden &#8220;param\u0131z yok, hizmet yok&#8221;diye bir c\u00fcmle duyamayacaks\u0131n\u0131z. Cumhuriyet Halk Partisi halktan ald\u0131\u011f\u0131 g\u00fc\u00e7le hizmet vermeye devam edecektir.<\/p>\n<p>Mersin B\u00fcy\u00fck\u015fehir Belediyesi&#8217;nin hesaplar\u0131na haciz konulmas\u0131 sonras\u0131 da a\u00e7\u0131klama yapan K\u0131\u015f,<br \/>\nCumhurba\u015fkan\u0131 Erdo\u011fan&#8217;\u0131n talimat\u0131 ile hi\u00e7 vakit kaybetmeden harekete ge\u00e7ildi\u011fini vurgulad\u0131. <\/p>\n<p>K\u0131\u015f, konu hakk\u0131nda \u015fu a\u00e7\u0131klamay\u0131 yapt\u0131: &#8220;Tarihi oy rekoruyla Mersin B\u00fcy\u00fck\u015fehir Belediye Ba\u015fkan\u0131 se\u00e7ilen Say\u0131n Vahap Se\u00e7er, bu konuda gerekli a\u00e7\u0131klamay\u0131 yapm\u0131\u015ft\u0131r. Ne hizmette, ne de \u00e7al\u0131\u015fmalarda bir aksama olmadan g\u00f6revimizin ba\u015f\u0131nday\u0131z demi\u015ftir.<br \/>\nAKP&#8217;nin amac\u0131 kamu hizmetine engel olmakt\u0131r.<br \/>\nMersin B\u00fcy\u00fck\u015fehir Belediyemiz 2019 y\u0131l\u0131ndan bu yana \u00e7al\u0131\u015fmalar\u0131yla, hizmeti ile en g\u00f6zde Belediyelerimizdendir.<br \/>\nT\u00fcrkiye&#8217;ye \u00f6rnek olacak projelere imza atm\u0131\u015ft\u0131r.<br \/>\nMersin, ilklerin hayata ge\u00e7irildi\u011fi bir kent  olmu\u015ftur. <\/p>\n<p>Ben de Mersinimiz i\u00e7in y\u0131llarca B\u00fcy\u00fck\u015fehir Belediyesinde Ba\u015fkan\u0131m\u0131zla omuz omuza \u00e7al\u0131\u015ft\u0131m.<br \/>\nOnun,  kriz y\u00f6netme becerisinin en yak\u0131n tan\u0131\u011f\u0131y\u0131m.<br \/>\nBelediyemiz mali disiplini olan g\u00fc\u00e7l\u00fc bir belediyedir.<br \/>\nSay\u0131n Se\u00e7er, her t\u00fcrl\u00fc zorlu\u011fun \u00fcstesinden ekibiyle ve halk\u0131n deste\u011fi ile beraber gelecektir.<br \/>\nKentimizin kamu yat\u0131r\u0131mlar\u0131n\u0131 tamamlamayanlar, projeleri yar\u0131m b\u0131rakanlar, B\u00fcy\u00fck\u015fehir Belediyemizin hizmetlerini engellemek \u00fczere zora sokanlar, \u015funu net bir \u015fekilde g\u00f6rs\u00fcnler ki;<br \/>\nBug\u00fcn bu kentte hi\u00e7bir parti ayr\u0131m\u0131 olmaks\u0131z\u0131n t\u00fcm Mersinliler Ba\u015fkan\u0131m\u0131z Vahap Se\u00e7er&#8217;in etraf\u0131nda kenetlenmi\u015ftir.<br \/>\n\u00c7\u00fcnk\u00fc, Mersin Mutlu, Mersin Memnun.<\/p>\n","protected":false},"excerpt":{"rendered":"<p>CHP&#8217;L\u0130 KI\u015e: &#8220;AKP&#8217;N\u0130N AMACI CHP&#8217;L\u0130 BELED\u0130YELER\u0130N VATANDA\u015eA H\u0130ZMET\u0130N\u0130N \u00d6N\u00dcN\u00dc KESMEK&#8221; Cumhurba\u015fkan\u0131 Erdo\u011fan&#8217;\u0131n AKP Grup Toplant\u0131s\u0131nda CHP&#8217;li belediyeleri hedef alarak bor\u00e7lar\u0131n\u0131 \u00f6demeyen belediyelerin kaynaklar\u0131n\u0131n kesilece\u011fi y\u00f6n\u00fcnde a\u00e7\u0131klama yapmas\u0131n\u0131n ard\u0131ndan CHP i\u00e7erisinden &hellip; <a href=\"https:\/\/akdenizolaygazetesi.com\/?p=31508\" class=\"more-link\">Devam\u0131n\u0131 Oku&#8230;<\/a><\/p>\n","protected":false},"author":2,"featured_media":31509,"comment_status":"open","ping_status":"open","sticky":false,"template":"","format":"standard","meta":[],"categories":[1,2,3],"tags":[],"_links":{"self":[{"href":"https:\/\/akdenizolaygazetesi.com\/index.php?rest_route=\/wp\/v2\/posts\/31508"}],"collection":[{"href":"https:\/\/akdenizolaygazetesi.com\/index.php?rest_route=\/wp\/v2\/posts"}],"about":[{"href":"https:\/\/akdenizolaygazetesi.com\/index.php?rest_route=\/wp\/v2\/types\/post"}],"author":[{"embeddable":true,"href":"https:\/\/akdenizolaygazetesi.com\/index.php?rest_route=\/wp\/v2\/users\/2"}],"replies":[{"embeddable":true,"href":"https:\/\/akdenizolaygazetesi.com\/index.php?rest_route=%2Fwp%2Fv2%2Fcomments&post=31508"}],"version-history":[{"count":1,"href":"https:\/\/akdenizolaygazetesi.com\/index.php?rest_route=\/wp\/v2\/posts\/31508\/revisions"}],"predecessor-version":[{"id":31510,"href":"https:\/\/akdenizolaygazetesi.com\/index.php?rest_route=\/wp\/v2\/posts\/31508\/revisions\/31510"}],"wp:featuredmedia":[{"embeddable":true,"href":"https:\/\/akdenizolaygazetesi.com\/index.php?rest_route=\/wp\/v2\/media\/31509"}],"wp:attachment":[{"href":"https:\/\/akdenizolaygazetesi.com\/index.php?rest_route=%2Fwp%2Fv2%2Fmedia&parent=31508"}],"wp:term":[{"taxonomy":"category","embeddable":true,"href":"https:\/\/akdenizolaygazetesi.com\/index.php?rest_route=%2Fwp%2Fv2%2Fcategories&post=31508"},{"taxonomy":"post_tag","embeddable":true,"href":"https:\/\/akdenizolaygazetesi.com\/index.php?rest_route=%2Fwp%2Fv2%2Ftags&post=31508"}],"curies":[{"name":"wp","href":"https:\/\/api.w.org\/{rel}","templated":true}]}}