{"id":31511,"date":"2024-08-01T13:59:35","date_gmt":"2024-08-01T10:59:35","guid":{"rendered":"http:\/\/akdenizolaygazetesi.com\/?p=31511"},"modified":"2024-08-01T13:59:35","modified_gmt":"2024-08-01T10:59:35","slug":"deva-partili-ekmenden-yerlikayaya-sinan-ates-sorusu","status":"publish","type":"post","link":"https:\/\/akdenizolaygazetesi.com\/?p=31511","title":{"rendered":"DEVA Partili Ekmen\u2019den Yerlikaya\u2019ya Sinan Ate\u015f sorusu"},"content":{"rendered":"<p>DEVA Partisi Genel Ba\u015fkan Yard\u0131mc\u0131s\u0131 ve Mersin Milletvekili Mehmet Emin Ekmen, \u0130nsan Haklar\u0131 Komisyonunda Sinan Ate\u015f cinayetinin azmettiricisi Do\u011fukan \u00c7ep\u2019in yurt i\u00e7i hareketlili\u011fine dikkat \u00e7ekerek, Emniyet g\u00f6revlerinin bir zafiyeti olup olmad\u0131\u011f\u0131n\u0131 \u0130\u00e7i\u015fleri Bakan\u0131 Ali Yerlikaya\u2019ya sordu. Ekmen ayr\u0131ca, Bah\u00e7eli\u2019nin elini \u00f6pen \u00f6zel harekat polislerinin tutumlar\u0131yla da ilgili \u00f6nemli sorular y\u00f6neltti.<\/p>\n<p>Do\u011fukan \u00c7ep&#8217;in 35 Y\u0131l 4 ay kesin h\u00fckm\u00fcne ra\u011fmen yakalanmamas\u0131:<\/p>\n<p>Ekmen, Sinan Ate\u015f&#8217;in katillerinden Do\u011fukan \u00c7ep&#8217;in 35 y\u0131l 4 ay kesin h\u00fckm\u00fc olmas\u0131na ra\u011fmen be\u015f y\u0131l boyunca yakalanmamas\u0131n\u0131n nedenlerini sorgulad\u0131: &#8220;Do\u011fukan \u00c7ep, yarg\u0131n\u0131n \u00f6n\u00fcnde, &#8216;Otuz be\u015f y\u0131l d\u00f6rt ay kesin h\u00fckm\u00fcm vard\u0131, be\u015f y\u0131l boyunca her y\u0131l Bodrum&#8217;a tatile gittim. Polisleri g\u00f6rd\u00fc\u011f\u00fcmde Ayet\u2019el K\u00fcrs\u00ee okuyordum, onlar y\u00f6nlerini de\u011fi\u015ftiriyorlard\u0131,&#8217; dedi. Sinan Ate\u015f d\u0131\u015f\u0131nda uyu\u015fturucuyla m\u00fccadele eden Hasan Ferit Gedik ve arkada\u015flar\u0131n\u0131 \u00f6ld\u00fcren ve bu su\u00e7uyla bir devlet g\u00f6revini icra etmi\u015f gibi \u00f6v\u00fcnen Do\u011fukan \u00c7ep&#8217;in bu s\u00fcre i\u00e7erisindeki yurt i\u00e7i hareketlili\u011fi incelendi\u011finde, emniyet g\u00f6revlilerinin bir zafiyeti olup olmad\u0131\u011f\u0131na dair tefti\u015f s\u00fcreci i\u015fletilmi\u015f midir?&#8221;<\/p>\n<p>\u00d6zel Harekat Polisi ve Bozkurt \u0130\u015fareti:<\/p>\n<p>Son olarak Ekmen, \u00d6zel Harekat Daire Ba\u015fkan\u0131n\u0131n MHP lideri Bah\u00e7eli\u2019ye g\u00f6sterdi\u011fi abart\u0131l\u0131 el \u00f6pme hareketi ile polis te\u015fkilat\u0131nda yayg\u0131n olarak kullan\u0131lan ve bir siyasi partinin simgesi olarak bilinen el hareketi ve b\u0131y\u0131k \u015feklinin toplumda tedirginlik yaratt\u0131\u011f\u0131n\u0131 da dile getirdi. Ekmen, \u201c\u00d6zel Harekat Daire Ba\u015fkan\u0131n\u0131n, Say\u0131n Devlet Bah\u00e7eli&#8217;ye g\u00f6sterdi\u011fi abart\u0131l\u0131 sayg\u0131 ve el \u00f6pme hareketinin bir\u00e7ok vatanda\u015fta tedirginlik yaratt\u0131\u011f\u0131 malumunuzdur. Bununla ba\u011flant\u0131l\u0131 olarak bir siyasi partiye ait oldu\u011fu a\u00e7\u0131k\u00e7a belli olan b\u0131y\u0131k \u015fekli ve el hareketinin polis te\u015fkilat\u0131nda uzunca bir s\u00fcredir, ortak bir i\u015faret ya da simge olarak kullan\u0131ld\u0131\u011f\u0131n\u0131 biliyoruz. Bunun vatanda\u015flarda bir tedirginlik yarat\u0131p yaratmad\u0131\u011f\u0131 hususunda kanaatiniz nedir?\u201d ifadelerini kulland\u0131.<\/p>\n","protected":false},"excerpt":{"rendered":"<p>DEVA Partisi Genel Ba\u015fkan Yard\u0131mc\u0131s\u0131 ve Mersin Milletvekili Mehmet Emin Ekmen, \u0130nsan Haklar\u0131 Komisyonunda Sinan Ate\u015f cinayetinin azmettiricisi Do\u011fukan \u00c7ep\u2019in yurt i\u00e7i hareketlili\u011fine dikkat \u00e7ekerek, Emniyet g\u00f6revlerinin bir zafiyeti olup &hellip; <a href=\"https:\/\/akdenizolaygazetesi.com\/?p=31511\" class=\"more-link\">Devam\u0131n\u0131 Oku&#8230;<\/a><\/p>\n","protected":false},"author":2,"featured_media":31178,"comment_status":"open","ping_status":"open","sticky":false,"template":"","format":"standard","meta":[],"categories":[1,2,3],"tags":[],"_links":{"self":[{"href":"https:\/\/akdenizolaygazetesi.com\/index.php?rest_route=\/wp\/v2\/posts\/31511"}],"collection":[{"href":"https:\/\/akdenizolaygazetesi.com\/index.php?rest_route=\/wp\/v2\/posts"}],"about":[{"href":"https:\/\/akdenizolaygazetesi.com\/index.php?rest_route=\/wp\/v2\/types\/post"}],"author":[{"embeddable":true,"href":"https:\/\/akdenizolaygazetesi.com\/index.php?rest_route=\/wp\/v2\/users\/2"}],"replies":[{"embeddable":true,"href":"https:\/\/akdenizolaygazetesi.com\/index.php?rest_route=%2Fwp%2Fv2%2Fcomments&post=31511"}],"version-history":[{"count":1,"href":"https:\/\/akdenizolaygazetesi.com\/index.php?rest_route=\/wp\/v2\/posts\/31511\/revisions"}],"predecessor-version":[{"id":31512,"href":"https:\/\/akdenizolaygazetesi.com\/index.php?rest_route=\/wp\/v2\/posts\/31511\/revisions\/31512"}],"wp:featuredmedia":[{"embeddable":true,"href":"https:\/\/akdenizolaygazetesi.com\/index.php?rest_route=\/wp\/v2\/media\/31178"}],"wp:attachment":[{"href":"https:\/\/akdenizolaygazetesi.com\/index.php?rest_route=%2Fwp%2Fv2%2Fmedia&parent=31511"}],"wp:term":[{"taxonomy":"category","embeddable":true,"href":"https:\/\/akdenizolaygazetesi.com\/index.php?rest_route=%2Fwp%2Fv2%2Fcategories&post=31511"},{"taxonomy":"post_tag","embeddable":true,"href":"https:\/\/akdenizolaygazetesi.com\/index.php?rest_route=%2Fwp%2Fv2%2Ftags&post=31511"}],"curies":[{"name":"wp","href":"https:\/\/api.w.org\/{rel}","templated":true}]}}