{"id":31581,"date":"2024-08-08T13:15:22","date_gmt":"2024-08-08T10:15:22","guid":{"rendered":"http:\/\/akdenizolaygazetesi.com\/?p=31581"},"modified":"2024-08-08T13:15:22","modified_gmt":"2024-08-08T10:15:22","slug":"avrupa-dijital-inovasyon-merkezleri-arasina-mtso-da-katildi","status":"publish","type":"post","link":"https:\/\/akdenizolaygazetesi.com\/?p=31581","title":{"rendered":"Avrupa Dijital \u0130novasyon Merkezleri aras\u0131na MTSO da kat\u0131ld\u0131"},"content":{"rendered":"<p>Avrupa Dijital \u0130novasyon Merkezleri\u2019nin (AD\u0130M) \u00fclkemizde kurulmas\u0131na y\u00f6nelik Avrupa Komisyonu taraf\u0131ndan a\u00e7\u0131lan \u00e7a\u011fr\u0131n\u0131n sonu\u00e7lar\u0131 belli oldu. Yap\u0131lan de\u011ferlendirmeler sonucu \u00fclkemizden toplam 5 konsorsiyum desteklenmeye hak kazand\u0131. Ba\u015far\u0131l\u0131 olan konsorsiyumlardan biri de Mersin Ticaret ve Sanayi Odas\u0131\u2019n\u0131n da yer ald\u0131\u011f\u0131 AgrInnovat\u0131ve EDIH oldu. <\/p>\n<p>Ulusal e\u015fg\u00fcd\u00fcm\u00fcn\u00fc Sanayi ve Teknoloji Bakanl\u0131\u011f\u0131 ile Cumhurba\u015fkanl\u0131\u011f\u0131 Dijital D\u00f6n\u00fc\u015f\u00fcm Ofisi\u2019nin yapt\u0131\u011f\u0131 Dijital Avrupa Program\u0131\u2019n\u0131n en \u00f6nemli mekanizmalar\u0131ndan biri olan ve \u00fclkemiz sanayisinin, KOB\u0130\u2019lerinin ve kamu kurumlar\u0131n\u0131n dijital d\u00f6n\u00fc\u015f\u00fcm\u00fcndeki \u00f6nemli akt\u00f6rlerden birisi olacak olan AD\u0130M temsilcileri belli oldu. Avrupa Komisyonu\u2019nun \u00e7a\u011fr\u0131s\u0131 sonucunda, AB \u00e7ap\u0131ndaki 151 merkezden olu\u015fan AD\u0130M a\u011f\u0131na \u00fclkemizden 5 konsorsiyum dahil olmaya hak kazand\u0131. 1 Ocak 2025 tarihinden itibaren hizmet vermeye ba\u015flayacak bu merkezler 48 ay boyunca bulunduklar\u0131 b\u00f6lgede ba\u015fta KOB\u0130\u2019ler ve kamu kurumlar\u0131n\u0131n dijital d\u00f6n\u00fc\u015f\u00fcmlerine \u00f6nderlik edecek.<br \/>\nBu merkezlerden bir tanesi olan AgrInnovat\u0131ve EDIH\u2019in proje ortaklar\u0131 aras\u0131nda Mersin Ticaret ve Sanayi Odas\u0131 da yer ald\u0131. Koordinat\u00f6rl\u00fc\u011f\u00fcn\u00fc ITTM Tar\u0131m Teknolojileri A.\u015e.\u2019nin yapaca\u011f\u0131 merkez, Avrupa\u2019da faaliyet g\u00f6steren 151 AD\u0130M\u2019le ayn\u0131 a\u011fda yer alarak AB \u00e7ap\u0131ndaki \u00e7al\u0131\u015fmalara kat\u0131l\u0131m sa\u011flayacak. <\/p>\n<p>Dijital d\u00f6n\u00fc\u015f\u00fcme \u00f6nc\u00fcl\u00fck edecekler<br \/>\nAvrupa Birli\u011fi taraf\u0131ndan verilecek 4,5 milyon Avro\u2019luk hibe ile beraber toplam 9 milyon Avro b\u00fcy\u00fckl\u00fckte yat\u0131r\u0131mla kurulacak bu be\u015f merkez, Avrupa\u2019da faaliyet g\u00f6steren 151 AD\u0130M\u2019le ayn\u0131 a\u011fda yer alacak. \u00d6zellikle yat\u0131r\u0131m \u00f6ncesi test, yat\u0131r\u0131mc\u0131 bulma deste\u011fi, e\u011fitim deste\u011fi ve inovasyon ekosistemine eri\u015fim olmak \u00fczere d\u00f6rt ba\u015fl\u0131kta hizmet verilecek.<br \/>\nProgram kapsam\u0131nda sanayinin, KOB\u0130\u2019lerin ve kamu kurumlar\u0131n\u0131n dijital d\u00f6n\u00fc\u015f\u00fcm\u00fcn\u00fc desteklemek amac\u0131yla Avrupa Dijital \u0130novasyon Merkezleri\u2019nin ve bu merkezlerden olu\u015fan AB ve Asosiye \u00fclkelerin t\u00fcm b\u00f6lgelerini kapsayan bir a\u011f yap\u0131s\u0131n\u0131n kurulmas\u0131 \u00f6ng\u00f6r\u00fcl\u00fcyor. AD\u0130M\u2019lerin, sanayi ve KOB\u0130 politikalar\u0131 ba\u015fta olmak \u00fczere AB politikalar\u0131n\u0131n hayata ge\u00e7irilmesinde, \u015firketlerin ve kamu sekt\u00f6r\u00fcn\u00fcn ye\u015fil ve dijital d\u00f6n\u00fc\u015f\u00fcm\u00fcn\u00fcn desteklenmesinde \u00f6nemli bir ara\u00e7 olmas\u0131 bekleniyor.  <\/p>\n<p>Kimler yer al\u0131yor?<br \/>\n\u0130TTM Tar\u0131m Teknolojileri Giri\u015fim A.\u015e. liderli\u011finde kurulan AgrInnovate EDIH konsorsiyumun ortaklar\u0131 aras\u0131nda Mersin Ticaret ve Sanayi Odas\u0131, \u0130zmir Ticaret Borsas\u0131, T\u00fcrk Tar\u0131m Alet ve Makinalar\u0131 \u0130malat\u00e7\u0131lar\u0131 Birli\u011fi (TARMAKB\u0130R), Ya\u015far \u00dcniversitesi \u0130mecemobil Tar\u0131m Platformu Elektronik Hizmetler Tic. A.\u015e., Neohub Teknoloji Yaz\u0131l\u0131m Pazarlama ve Dan\u0131\u015fmanl\u0131k A.\u015e., Yaz\u0131l\u0131m Sanayicileri Derne\u011fi (YASAD) ve \u0130zmir Kalk\u0131nma Ajans\u0131 yer al\u0131yor.<\/p>\n","protected":false},"excerpt":{"rendered":"<p>Avrupa Dijital \u0130novasyon Merkezleri\u2019nin (AD\u0130M) \u00fclkemizde kurulmas\u0131na y\u00f6nelik Avrupa Komisyonu taraf\u0131ndan a\u00e7\u0131lan \u00e7a\u011fr\u0131n\u0131n sonu\u00e7lar\u0131 belli oldu. Yap\u0131lan de\u011ferlendirmeler sonucu \u00fclkemizden toplam 5 konsorsiyum desteklenmeye hak kazand\u0131. Ba\u015far\u0131l\u0131 olan konsorsiyumlardan biri &hellip; <a href=\"https:\/\/akdenizolaygazetesi.com\/?p=31581\" class=\"more-link\">Devam\u0131n\u0131 Oku&#8230;<\/a><\/p>\n","protected":false},"author":2,"featured_media":31582,"comment_status":"open","ping_status":"open","sticky":false,"template":"","format":"standard","meta":[],"categories":[1,2,3],"tags":[],"_links":{"self":[{"href":"https:\/\/akdenizolaygazetesi.com\/index.php?rest_route=\/wp\/v2\/posts\/31581"}],"collection":[{"href":"https:\/\/akdenizolaygazetesi.com\/index.php?rest_route=\/wp\/v2\/posts"}],"about":[{"href":"https:\/\/akdenizolaygazetesi.com\/index.php?rest_route=\/wp\/v2\/types\/post"}],"author":[{"embeddable":true,"href":"https:\/\/akdenizolaygazetesi.com\/index.php?rest_route=\/wp\/v2\/users\/2"}],"replies":[{"embeddable":true,"href":"https:\/\/akdenizolaygazetesi.com\/index.php?rest_route=%2Fwp%2Fv2%2Fcomments&post=31581"}],"version-history":[{"count":1,"href":"https:\/\/akdenizolaygazetesi.com\/index.php?rest_route=\/wp\/v2\/posts\/31581\/revisions"}],"predecessor-version":[{"id":31583,"href":"https:\/\/akdenizolaygazetesi.com\/index.php?rest_route=\/wp\/v2\/posts\/31581\/revisions\/31583"}],"wp:featuredmedia":[{"embeddable":true,"href":"https:\/\/akdenizolaygazetesi.com\/index.php?rest_route=\/wp\/v2\/media\/31582"}],"wp:attachment":[{"href":"https:\/\/akdenizolaygazetesi.com\/index.php?rest_route=%2Fwp%2Fv2%2Fmedia&parent=31581"}],"wp:term":[{"taxonomy":"category","embeddable":true,"href":"https:\/\/akdenizolaygazetesi.com\/index.php?rest_route=%2Fwp%2Fv2%2Fcategories&post=31581"},{"taxonomy":"post_tag","embeddable":true,"href":"https:\/\/akdenizolaygazetesi.com\/index.php?rest_route=%2Fwp%2Fv2%2Ftags&post=31581"}],"curies":[{"name":"wp","href":"https:\/\/api.w.org\/{rel}","templated":true}]}}