{"id":31584,"date":"2024-08-08T13:19:13","date_gmt":"2024-08-08T10:19:13","guid":{"rendered":"http:\/\/akdenizolaygazetesi.com\/?p=31584"},"modified":"2024-08-08T13:19:13","modified_gmt":"2024-08-08T10:19:13","slug":"baskan-cakir-mersin-firmalarini-istanbul-kuresel-e-ihracat-zirvesine-davet-etti","status":"publish","type":"post","link":"https:\/\/akdenizolaygazetesi.com\/?p=31584","title":{"rendered":"Ba\u015fkan \u00c7ak\u0131r Mersin firmalar\u0131n\u0131 \u2018\u0130stanbul K\u00fcresel E-\u0130hracat Zirvesi\u2019ne davet etti"},"content":{"rendered":"<p>\u0130stanbul, 4-5 Eyl\u00fcl g\u00fcnlerinde d\u00fczenlenecek \u2018\u0130stanbul K\u00fcresel E-\u0130hracat Zirvesi\u2019 ile k\u00fcresel pazar liderleri, e-ticaret sat\u0131c\u0131lar\u0131, perakendeciler, distrib\u00fct\u00f6rler, entegrat\u00f6rler ve e-ihracat konsorsiyumlar\u0131 dahil olmak \u00fczere \u00e7ok \u00e7e\u015fitli kat\u0131l\u0131mc\u0131lara ev sahipli\u011fi yapacak. Organizasyonun firmalara k\u00fcresel pazarda rekabet g\u00fcc\u00fcn\u00fc art\u0131rmak ve e-ihracat kapasitelerini en \u00fcst d\u00fczeye \u00e7\u0131karmak i\u00e7in \u00f6nemli bir f\u0131rsat sunaca\u011f\u0131na i\u015faret eden MTSO Y\u00f6netim Kurulu Ba\u015fkan\u0131 Hakan Sefa \u00c7ak\u0131r, t\u00fcm Mersin firmalar\u0131n\u0131 yaln\u0131zca profesyonellere a\u00e7\u0131k olacak bu b\u00fcy\u00fck organizasyona kat\u0131lmaya davet etti. <\/p>\n<p>Ticaret Bakanl\u0131\u011f\u0131 himayesi, T\u00fcrkiye \u0130hracat\u00e7\u0131lar Meclisi (T\u0130M)  i\u015f birli\u011fiyle, Elektronik Ticaret \u0130\u015fletmecileri Derne\u011fi (ET\u0130D) taraf\u0131ndan 4-5 Eyl\u00fcl g\u00fcnlerinde, Hali\u00e7 Kongre Merkezi\u2019nde, \u0130stanbul K\u00fcresel E-\u0130hracat Zirvesi d\u00fczenlenecek. Konuyla ilgili olarak Mersin Ticaret ve Sanayi Odas\u0131 (MTSO) ile Akdeniz \u0130hracat\u00e7\u0131 Birli\u011fi (AK\u0130B) i\u015fbirli\u011finde Ticaret Bakanl\u0131\u011f\u0131 E-\u0130hracat Daire Ba\u015fkan\u0131 Hasan \u00d6nal\u2019\u0131n kat\u0131l\u0131m\u0131yla b\u00f6lgedeki firmalara y\u00f6nelik online bilgilendirme toplant\u0131s\u0131 d\u00fczenlendi. Toplant\u0131da organizasyon hakk\u0131nda bilgi payla\u015fan \u00d6nal, Walmart Ba\u015fkan Vekilinden PayPal Genel M\u00fcd\u00fcr\u00fcne kadar k\u00fcresel pazarlardaki lider isimleri, yenilik\u00e7i giri\u015fimcileri, end\u00fcstri liderlerini ve dijital ticaretteki en iyi profesyonelleri bir araya getireceklerini s\u00f6yledi. Ulusal ve uluslararas\u0131 100\u2019den fazla konu\u015fmac\u0131n\u0131n yer alaca\u011f\u0131n\u0131 ifade eden \u00d6nal, kat\u0131l\u0131mc\u0131lara sekt\u00f6r\u00fcn gelece\u011fini \u015fekillendirecek trendler, stratejiler ve teknolojiler hakk\u0131nda derinlemesine bilgi aktar\u0131laca\u011f\u0131na i\u015faret edip e-ihracat ekosisteminin geli\u015ftirilmesine dair \u00f6nemli bir ad\u0131m at\u0131lm\u0131\u015f olaca\u011f\u0131n\u0131 vurgulad\u0131. D\u00fczenlenecek B2B ve B2C\u2019lerle firmalara a\u011f kurma f\u0131rsat\u0131 sunulaca\u011f\u0131n\u0131, etkile\u015fimli panellerle i\u015f stratejileri geli\u015ftirilmesine olanak tan\u0131naca\u011f\u0131n\u0131 kaydeden \u00d6nal, benzersiz bir e-ihracat deneyimi sunulaca\u011f\u0131n\u0131 dile getirdi. <\/p>\n<p>\u00c7ak\u0131r: \u201cYa seyreden ya oyuncu olaca\u011f\u0131z\u201d<br \/>\nDe\u011fi\u015fen d\u00fcnya ticaretine uyum ad\u0131na etkinli\u011fi \u00e7ok \u00f6nemsediklerini vurgulayan MTSO Y\u00f6netim Kurulu Ba\u015fkan\u0131 Hakan Sefa \u00c7ak\u0131r, \u201cD\u00fcnya ticareti merkezinde yapay zeka olan teknolojilerle tahmin edilemez bir gelece\u011fe do\u011fru h\u0131zla gidiyor. Hangi sekt\u00f6rde g\u00fc\u00e7l\u00fc oldu\u011fumuz de\u011fil, hangi sekt\u00f6r olursa olsun bu sekt\u00f6rleri y\u00fcksek teknolojiyle dijital d\u00fcnyaya nas\u0131l entegre edebilece\u011fimiz \u00f6nem kazan\u0131yor. E\u011fer dijital d\u00f6n\u00fc\u015f\u00fcme do\u011fru entegre olamazsak d\u00fcnya ekonomilerinde kaybetmek zorunda kalabiliriz\u201d dedi.<br \/>\nGelecek projeksiyonunda bug\u00fcn\u00fcn klasik d\u0131\u015f ticaret mant\u0131\u011f\u0131n\u0131n da yok olaca\u011f\u0131na dikkat \u00e7eken \u00c7ak\u0131r, \u201cBu zirvenin program i\u00e7eri\u011fi, kat\u0131l\u0131mc\u0131lar\u0131n\u0131n \u00e7e\u015fitlili\u011fi bizi gelece\u011fe haz\u0131rlay\u0131p fark\u0131ndal\u0131k yaratman\u0131n \u00f6tesinde somut ad\u0131m atmam\u0131z i\u00e7in tasarland\u0131. Bu zirveyi \u00e7ok \u00f6nemsiyoruz ve firmalar\u0131m\u0131z\u0131n kat\u0131l\u0131m\u0131n\u0131 bekliyoruz\u201d ifadelerini kulland\u0131.<br \/>\nGeli\u015fime uyum sa\u011flanmas\u0131 halinde firmalar\u0131n hayatta kalabilece\u011fini vurgulad\u0131\u011f\u0131 konu\u015fmas\u0131n\u0131 \u00c7ak\u0131r, \u015f\u00f6yle tamamlad\u0131:<br \/>\n\u201cK\u00fcresel ticarette ya seyreden ya da oyun i\u00e7inde bir oyuncu olaca\u011f\u0131z. T\u00fcm bunlar dijitalle\u015fme trenini yakalamaya ba\u011fl\u0131. \u00dclkemiz sanayi devrimlerinde birka\u00e7 y\u00fczy\u0131l kaybetti. Bu kez y\u00fczy\u0131llar\u0131n eksi\u011fini k\u0131sa s\u00fcrede telafi f\u0131rsat\u0131 var \u0131skalamamal\u0131y\u0131z. Kaynaklar\u0131m\u0131z\u0131 bu i\u015fin ekonomik sisteminin kurulmas\u0131na ay\u0131rmal\u0131y\u0131z. Ticaret Bakanl\u0131\u011f\u0131m\u0131z\u0131n \u00f6nc\u00fc vizyonu i\u015f d\u00fcnyas\u0131n\u0131n g\u00fc\u00e7l\u00fc fark\u0131ndal\u0131\u011f\u0131 umut veriyor. Bu zirvenin s\u00fcreci h\u0131zland\u0131raca\u011f\u0131na inanc\u0131m\u0131zla MTSO olarak her t\u00fcrl\u00fc deste\u011fe haz\u0131r\u0131z.\u201d <\/p>\n<p>\u00d6NEML\u0130 NOT: T\u0130M koordinasyonunda d\u00fczenlenecek B2B g\u00f6r\u00fc\u015fmelerde kat\u0131l\u0131mc\u0131 firmalar, d\u00fcnyan\u0131n \u00f6nde gelen pazaryerleriyle birebir g\u00f6r\u00fc\u015fme imk\u00e2n\u0131 bulacaklard\u0131r. Bu imk\u00e2ndan yararlanmak isteyen firmalar\u0131n, www.igexx.com  \u00fczerinden \u201cB2B 4 B2C\u201d b\u00f6l\u00fcm\u00fcnde yer alan kat\u0131l\u0131mc\u0131 kay\u0131t formunu doldurmalar\u0131 gerekmektedir. Etkinli\u011fin sadece profesyonellere a\u00e7\u0131k olmas\u0131 ile \u00f6nemli i\u015f a\u011flar\u0131 sa\u011flayacakt\u0131r.<\/p>\n","protected":false},"excerpt":{"rendered":"<p>\u0130stanbul, 4-5 Eyl\u00fcl g\u00fcnlerinde d\u00fczenlenecek \u2018\u0130stanbul K\u00fcresel E-\u0130hracat Zirvesi\u2019 ile k\u00fcresel pazar liderleri, e-ticaret sat\u0131c\u0131lar\u0131, perakendeciler, distrib\u00fct\u00f6rler, entegrat\u00f6rler ve e-ihracat konsorsiyumlar\u0131 dahil olmak \u00fczere \u00e7ok \u00e7e\u015fitli kat\u0131l\u0131mc\u0131lara ev sahipli\u011fi yapacak. &hellip; <a href=\"https:\/\/akdenizolaygazetesi.com\/?p=31584\" class=\"more-link\">Devam\u0131n\u0131 Oku&#8230;<\/a><\/p>\n","protected":false},"author":2,"featured_media":31585,"comment_status":"open","ping_status":"open","sticky":false,"template":"","format":"standard","meta":[],"categories":[1,2,3],"tags":[],"_links":{"self":[{"href":"https:\/\/akdenizolaygazetesi.com\/index.php?rest_route=\/wp\/v2\/posts\/31584"}],"collection":[{"href":"https:\/\/akdenizolaygazetesi.com\/index.php?rest_route=\/wp\/v2\/posts"}],"about":[{"href":"https:\/\/akdenizolaygazetesi.com\/index.php?rest_route=\/wp\/v2\/types\/post"}],"author":[{"embeddable":true,"href":"https:\/\/akdenizolaygazetesi.com\/index.php?rest_route=\/wp\/v2\/users\/2"}],"replies":[{"embeddable":true,"href":"https:\/\/akdenizolaygazetesi.com\/index.php?rest_route=%2Fwp%2Fv2%2Fcomments&post=31584"}],"version-history":[{"count":1,"href":"https:\/\/akdenizolaygazetesi.com\/index.php?rest_route=\/wp\/v2\/posts\/31584\/revisions"}],"predecessor-version":[{"id":31586,"href":"https:\/\/akdenizolaygazetesi.com\/index.php?rest_route=\/wp\/v2\/posts\/31584\/revisions\/31586"}],"wp:featuredmedia":[{"embeddable":true,"href":"https:\/\/akdenizolaygazetesi.com\/index.php?rest_route=\/wp\/v2\/media\/31585"}],"wp:attachment":[{"href":"https:\/\/akdenizolaygazetesi.com\/index.php?rest_route=%2Fwp%2Fv2%2Fmedia&parent=31584"}],"wp:term":[{"taxonomy":"category","embeddable":true,"href":"https:\/\/akdenizolaygazetesi.com\/index.php?rest_route=%2Fwp%2Fv2%2Fcategories&post=31584"},{"taxonomy":"post_tag","embeddable":true,"href":"https:\/\/akdenizolaygazetesi.com\/index.php?rest_route=%2Fwp%2Fv2%2Ftags&post=31584"}],"curies":[{"name":"wp","href":"https:\/\/api.w.org\/{rel}","templated":true}]}}