{"id":31588,"date":"2024-08-09T14:58:01","date_gmt":"2024-08-09T11:58:01","guid":{"rendered":"http:\/\/akdenizolaygazetesi.com\/?p=31588"},"modified":"2024-08-09T14:58:01","modified_gmt":"2024-08-09T11:58:01","slug":"yenisehir-belediyesi-yas-almis-vatandaslari-yalniz-birakmiyor","status":"publish","type":"post","link":"https:\/\/akdenizolaygazetesi.com\/?p=31588","title":{"rendered":"Yeni\u015fehir Belediyesi, ya\u015f alm\u0131\u015f vatanda\u015flar\u0131 yaln\u0131z b\u0131rakm\u0131yor"},"content":{"rendered":"<p>Mersin Yeni\u015fehir Belediyesi Kad\u0131n ve Aile Hizmetleri M\u00fcd\u00fcrl\u00fc\u011f\u00fc ekipleri, Mersin\u2019deki \u0130yilik ve Yard\u0131m Vakf\u0131 sakinlerini ziyaret etti. D\u00fczenlenen programda vatanda\u015flara a\u015fure ikram edildi, ebru sanat\u0131 ve drama etkinlikleri yap\u0131ld\u0131.<br \/>\nYeni\u015fehir Belediyesi ile \u0130yilik \u00c7emberi Lions Kul\u00fcb\u00fc, \u0130yilik ve Yard\u0131m Vakf\u0131\u2019nda konaklayan ya\u015f alm\u0131\u015f vatanda\u015flara y\u00f6nelik renkli bir etkinlik program\u0131 haz\u0131rlad\u0131.  At\u00f6lye \u00e7al\u0131\u015fmalar\u0131 ve renkli etkinlikler, vak\u0131f sakinlerine moral kayna\u011f\u0131 oldu. Ebru sanat\u0131 ile suyun \u00fczerinde renklerle oynayarak kendi eserlerini olu\u015fturan vatanda\u015flar,  ayr\u0131ca drama etkinlikleriyle enerjik ve keyif dolu anlar ya\u015fad\u0131. Yeni\u015fehir Belediyesi bu etkinliklerle ya\u015f alm\u0131\u015f bireylerin hem bedensel hem de zihinsel olarak aktif kalmalar\u0131na katk\u0131 sa\u011fl\u0131yor.<br \/>\nToplumsal dayan\u0131\u015fman\u0131n ve yard\u0131mla\u015fman\u0131n \u00f6nemine dikkat \u00e7eken Yeni\u015fehir Belediye Ba\u015fkan\u0131 Abdullah \u00d6zyi\u011fit, Kad\u0131n ve Aile Hizmetleri M\u00fcd\u00fcrl\u00fc\u011f\u00fc b\u00fcnyesinde d\u00fczenledikleri programlar\u0131n ya\u015f alm\u0131\u015f bireylerin ya\u015fam kalitesini art\u0131rmada \u00f6nemli bir rol oynad\u0131\u011f\u0131n\u0131 vurgulayarak, toplumun her kesimine ula\u015fmay\u0131 hedeflediklerini belirtti.  \u0130yilik \u00c7emberi Lions Kul\u00fcb\u00fc temsilcileri ise, b\u00f6yle bir i\u015f birli\u011finin par\u00e7as\u0131 olmaktan duyduklar\u0131 memnuniyeti dile getirerek, benzer sosyal sorumluluk projelerinde yer almaya devam edeceklerini ifade etti.<\/p>\n","protected":false},"excerpt":{"rendered":"<p>Mersin Yeni\u015fehir Belediyesi Kad\u0131n ve Aile Hizmetleri M\u00fcd\u00fcrl\u00fc\u011f\u00fc ekipleri, Mersin\u2019deki \u0130yilik ve Yard\u0131m Vakf\u0131 sakinlerini ziyaret etti. D\u00fczenlenen programda vatanda\u015flara a\u015fure ikram edildi, ebru sanat\u0131 ve drama etkinlikleri yap\u0131ld\u0131. Yeni\u015fehir &hellip; <a href=\"https:\/\/akdenizolaygazetesi.com\/?p=31588\" class=\"more-link\">Devam\u0131n\u0131 Oku&#8230;<\/a><\/p>\n","protected":false},"author":2,"featured_media":31589,"comment_status":"open","ping_status":"open","sticky":false,"template":"","format":"standard","meta":[],"categories":[1,2,3],"tags":[],"_links":{"self":[{"href":"https:\/\/akdenizolaygazetesi.com\/index.php?rest_route=\/wp\/v2\/posts\/31588"}],"collection":[{"href":"https:\/\/akdenizolaygazetesi.com\/index.php?rest_route=\/wp\/v2\/posts"}],"about":[{"href":"https:\/\/akdenizolaygazetesi.com\/index.php?rest_route=\/wp\/v2\/types\/post"}],"author":[{"embeddable":true,"href":"https:\/\/akdenizolaygazetesi.com\/index.php?rest_route=\/wp\/v2\/users\/2"}],"replies":[{"embeddable":true,"href":"https:\/\/akdenizolaygazetesi.com\/index.php?rest_route=%2Fwp%2Fv2%2Fcomments&post=31588"}],"version-history":[{"count":1,"href":"https:\/\/akdenizolaygazetesi.com\/index.php?rest_route=\/wp\/v2\/posts\/31588\/revisions"}],"predecessor-version":[{"id":31590,"href":"https:\/\/akdenizolaygazetesi.com\/index.php?rest_route=\/wp\/v2\/posts\/31588\/revisions\/31590"}],"wp:featuredmedia":[{"embeddable":true,"href":"https:\/\/akdenizolaygazetesi.com\/index.php?rest_route=\/wp\/v2\/media\/31589"}],"wp:attachment":[{"href":"https:\/\/akdenizolaygazetesi.com\/index.php?rest_route=%2Fwp%2Fv2%2Fmedia&parent=31588"}],"wp:term":[{"taxonomy":"category","embeddable":true,"href":"https:\/\/akdenizolaygazetesi.com\/index.php?rest_route=%2Fwp%2Fv2%2Fcategories&post=31588"},{"taxonomy":"post_tag","embeddable":true,"href":"https:\/\/akdenizolaygazetesi.com\/index.php?rest_route=%2Fwp%2Fv2%2Ftags&post=31588"}],"curies":[{"name":"wp","href":"https:\/\/api.w.org\/{rel}","templated":true}]}}