{"id":31642,"date":"2024-08-13T14:05:32","date_gmt":"2024-08-13T11:05:32","guid":{"rendered":"http:\/\/akdenizolaygazetesi.com\/?p=31642"},"modified":"2024-08-13T14:05:32","modified_gmt":"2024-08-13T11:05:32","slug":"deva-partili-ekmenden-enflasyon-muhasebesi-uyarisi-mali-musavirler-adil-olmayan-ucret-tarifesi-altinda-eziliyor","status":"publish","type":"post","link":"https:\/\/akdenizolaygazetesi.com\/?p=31642","title":{"rendered":"DEVA Partili Ekmen\u2019den enflasyon muhasebesi uyar\u0131s\u0131: Mali M\u00fc\u015favirler adil olmayan \u00fccret tarifesi alt\u0131nda eziliyor"},"content":{"rendered":"<p>Deva Partisi Genel Ba\u015fkan Yard\u0131mc\u0131s\u0131 ve Mersin Milletvekili Mehmet Emin Ekmen, mali m\u00fc\u015favirlerin, yeminli mali m\u00fc\u015favirlerin, serbest muhasebecilerin \u00f6l\u00e7\u00fcs\u00fcz bir i\u015f y\u00fck\u00fc ve adil olmayan bir \u00fccret tarifesi alt\u0131nda ezildi\u011fini s\u00f6yledi. Maliye Bakan\u0131 Mehmet \u015eim\u015fek\u2019e \u00e7a\u011fr\u0131da bulunan Ekmen, enflasyon muhasebesiyle ilgili konunun derhal g\u00f6zden ge\u00e7irilmesi gerekti\u011fini ifade etti. <\/p>\n<p>T\u00fcrkiye B\u00fcy\u00fck Millet Meclisinde (TBMM) bas\u0131n toplant\u0131s\u0131 d\u00fczenleyen Deva Partisi Mersin Milletvekili Mehmet Emin Ekmen, T\u00fcrkiye Mali M\u00fc\u015favirler Odas\u0131 Odalar\u0131 Birli\u011fi (T\u00dcRMOB), siyaset\u00e7ilerin ve meslek mensuplar\u0131n\u0131n kat\u0131l\u0131m\u0131yla Ankara\u2019da yap\u0131lan mitingleri hat\u0131rlatarak, mitingde 12 ba\u015fl\u0131kta mali m\u00fc\u015favirlerin, muhasebecilerin sorunlar\u0131 ifade edildi\u011fini belirtti. Mali m\u00fc\u015favirler ve muhasebecilerin sorunlar\u0131yla ilgili Hazine ve Maliye Bakan\u0131 Mehmet \u015eim\u015fek ve Gelir \u0130daresi Ba\u015fkanl\u0131\u011f\u0131 yetkilileri ba\u015fta olmak \u00fczere b\u00fcrokratlar\u0131n harekete ge\u00e7mesini gerekti\u011fini dile getiren Ekmen, mali m\u00fc\u015favirler, yeminli mali m\u00fc\u015favirlerin ve muhasebecilerin \u00e7ok ciddi problemlerinin oldu\u011funa dikkat \u00e7ekti. <\/p>\n<p>\u201cADL\u0130 TAT\u0130L VAR AMA MAL\u0130 TAT\u0130L YOK\u201d<\/p>\n<p>Mali m\u00fc\u015favirlerin bir\u00e7ok sorunla bo\u011fu\u015ftu\u011funa vurgu yapan Ekmen, \u015f\u00f6yle devam etti; \u201cMali m\u00fc\u015favirlerin bug\u00fcn itibariyle enflasyon d\u00fczeltmesiyle ilgili aktif bir sorunlar\u0131 d\u0131\u015f\u0131nda genel olarak mesle\u011fin y\u0131llara sahip birikmi\u015f sorunlar\u0131na dair talepleri var. Mesleki y\u00fckten kaynaklanan, ailelerini ihmal eden, sa\u011fl\u0131klar\u0131n\u0131 ihmal eden, hatta bu y\u00fck nedeniyle intihara kadar varan birikmi\u015f sorunlar\u0131 var. Adli tatil var ama bir mali tatil yok. Mali m\u00fc\u015favirlerin ger\u00e7ek bir mali tatil uygulamas\u0131 talebi var.\u201d<\/p>\n<p>E-DEVLET ALTYAPISI G\u00dc\u00c7LEND\u0130R\u0130LMEL\u0130 <\/p>\n<p>Ekmen, mali m\u00fc\u015favirlerle ilgili gerekli altyap\u0131n\u0131n g\u00fc\u00e7lendirilmesi gerekti\u011finin alt\u0131n\u0131 \u00e7izerek, \u201cYine hem kay\u0131t d\u0131\u015f\u0131yla m\u00fccadelede hem de mesleki y\u00fck\u00fcn azalt\u0131lmas\u0131 noktas\u0131nda basit usul kald\u0131r\u0131lmal\u0131. Mali m\u00fc\u015favirlerimizin bir\u00e7ok bildirim sorumlulu\u011fu var. SGK&#8217;ya bildirimde bulunuyorlar, T\u00dc\u0130K&#8217;e bildirimde bulunuyorlar, Ticaret ve Sanayi Bakanl\u0131\u011f\u0131na bildirimde bulunuyorlar. Oysa ger\u00e7ekten kuvvetli bir e-devlet altyap\u0131m\u0131z var. Bu e-devlet altyap\u0131s\u0131nda kurumlar birbiriyle sa\u011fl\u0131kl\u0131 bir \u015fekilde ili\u015fkilendirildi\u011finde bir bildirime gerek kalmadan bu verilerin sisteminden \u00e7ekilme imkan\u0131 var. Dolay\u0131s\u0131yla elektronik altyap\u0131 sisteminin g\u00fc\u00e7lendirilerek mali m\u00fc\u015favirlerin bildirim sorumlulu\u011funun da azalt\u0131lmas\u0131 talepleri var. Bunu yine veri payla\u015f\u0131m sistemlerinin de desteklenmesini istiyorlar. Ve beyan ve bildirim usullerinin hem basitle\u015ftirilmesini hem sadele\u015ftirilmesini kurumlar aras\u0131ndaki koordinasyon ile bunlar\u0131n mali m\u00fc\u015favirler \u00fczerinden bu y\u00fck\u00fc kald\u0131r\u0131lmas\u0131na y\u00f6nelik talepleri var.\u201d ifadelerini kulland\u0131. <\/p>\n<p>\u201cARABULUCULUK YETK\u0130S\u0130 TALEPLER\u0130 VAR\u201d<\/p>\n<p>Mali m\u00fc\u015favirlerin bir\u00e7ok haktan faydalanamad\u0131\u011f\u0131na dikkati \u00e7eken Ekmen, \u201cMesleki sorumlulu\u011fun gere\u011fi, yani bir mali m\u00fc\u015favir yapt\u0131\u011f\u0131 bir hata nedeniyle bazen m\u00fckellefinin milyonlarca, belki milyarlarca lira \u00f6demesine sebep olabilir. Ama bir mali m\u00fc\u015favir sa\u011fl\u0131kl\u0131 bir \u015fekilde i\u015fini yapam\u0131yorsa, bir s\u00fcr\u00fc gereksiz k\u0131rtasiyecilikle u\u011fra\u015f\u0131yorsa ve \u00fczerine hak etti\u011fi de \u00fccreti alm\u0131yorsa o zaman hata pay\u0131 tabii ki artacakt\u0131r. Bir arabuluculuk yetkisi talepleri var. \u00d6zellikle mali hukuka ili\u015fkin konularda arabuluculuk yetkisinin tan\u0131mlanmas\u0131n\u0131 Adalet Bakanl\u0131\u011f\u0131m\u0131z ciddiyetle ele almal\u0131 ve incelemelidir. Ye\u015fil pasaport talepleri var. Biliyorsunuz belli kademin \u00fczerinde avukatlar ve devlet memurlar\u0131yla ilgili b\u00f6yle bir ye\u015fil pasaport hakk\u0131 var. Mali m\u00fc\u015favirler i\u00e7inde bu hakk\u0131n tan\u0131nmas\u0131 \u015f\u00fcphesiz onlar\u0131n meslek onurunu ve haysiyetini art\u0131racak bir giri\u015fim olacakt\u0131r. KOSGEB desteklerinden faydalanam\u0131yorlar. Deprem s\u00fcreleri b\u00f6lgesindeki m\u00fccbir sebep s\u00fcrelerinin g\u00fcncellenmesini istiyorlar.\u201d ifadelerini kulland\u0131. <\/p>\n<p>STK VE ODALARIN TALEB\u0130N\u0130 G\u00dcNDEME GET\u0130RD\u0130 <\/p>\n<p>Ekmen, Mersin Serbest Muhasebeci ve Mali M\u00fc\u015favirler Odas\u0131 Ba\u015fkan\u0131 Emin Levent T\u00fcrkili ile Mersin Ekonomik Platformu Ba\u015fkan\u0131 Servet \u00d6zkaya, Mersin Perakendeci \u0130\u015f \u0130nsanlar\u0131 Derne\u011fi Ba\u015fkan\u0131 \u00d6zcan Demir, \u00c7ukurova Gen\u00e7 Giri\u015fimci \u0130\u015f \u0130nsanlar\u0131 Derne\u011fi Ba\u015fkan\u0131 Sibel Gelgun, Mersin G\u00fcmr\u00fck M\u00fc\u015favirleri Derne\u011fi Ba\u015fkan\u0131 Cebrail Orman ve Anadolu Y\u00f6netim Dan\u0131\u015fmalar\u0131 Derne\u011fi Ba\u015fkan\u0131 Feridun G\u00fcnd\u00fcz&#8217;\u00fcn yap\u0131lmas\u0131 gereken d\u00fczenleme taleplerini g\u00fcndeme getirdi.<\/p>\n<p>ENFLASYON D\u00dcZELT\u0130LMES\u0130NE \u0130HT\u0130YA\u00c7 VAR<\/p>\n<p>M\u00fckelleflerin neyle kar\u015f\u0131la\u015facaklar\u0131na dair bir fark\u0131ndal\u0131klar\u0131n olmad\u0131\u011f\u0131n\u0131 aktaran Ekmen, \u201cEnflasyon muhasebesiyle ger\u00e7ekte olmayan kazanc\u0131n yarataca\u011f\u0131 bir vergi y\u00fck\u00fcyle kar\u015f\u0131la\u015faca\u011f\u0131n\u0131, bunun vergi adaletiyle ba\u011fda\u015fmayaca\u011f\u0131n\u0131, enflasyon muhasebesinin d\u00f6nemlik de\u011fil, y\u0131ll\u0131k olmas\u0131 gerekti\u011fi ve enflasyon miktar\u0131n\u0131n \u00fczerindeki fark\u0131n vergilendirilmesi gerekti\u011fi yani ortaya enflasyon muhasebesi nedeniyle bilan\u00e7oda b\u00fct\u00fcn varl\u0131klar\u0131n yeniden de\u011ferlenmesi yap\u0131lacak. Mevcut uygulama b\u00f6yle devam ederse; 3 ayda bir yap\u0131lacak yani ge\u00e7ici vergi d\u00f6nemlerinde ortada olmayan sanal bir kar ortaya \u00e7\u0131kacak. Bu sanal kar da vergi olarak geri d\u00f6necek. Zaten zor durumda olan ba\u015fta KOSGEB olmak \u00fczere en k\u00fc\u00e7\u00fck esnaf\u0131ndan en b\u00fcy\u00fck yat\u0131r\u0131mc\u0131s\u0131ndan kadar herkesi bir bumerang gibi adeta vuracak. Mersin Serbest Muhasebeci ve Mali M\u00fc\u015favirler Odam\u0131z\u0131n b\u00fct\u00fcn meslek \u00f6rg\u00fctlerinde duyarl\u0131l\u0131k yaratmaya \u00e7al\u0131\u015ft\u0131\u011f\u0131 konu bu. Enflasyon d\u00fczeltmesinin do\u011fru bir \u015fekilde yap\u0131lmas\u0131, enflasyon d\u00fczeltmesine ihtiya\u00e7 var.\u201d \u015feklinde konu\u015ftu. <\/p>\n<p>\u0130FLASA VARAN SORUNLAR YA\u015eANACAK <\/p>\n<p>Ekmen, enflasyon muhasebesi d\u00fczenlemesine de\u011finerek, \u015f\u00f6yle devam etti; \u201cBu i\u015f, 2003 y\u0131l\u0131nda vergi sistemine dahil oldu. 2004 y\u0131l\u0131nda bir kez uyguland\u0131. Hat\u0131rlarsan\u0131z, Genel Ba\u015fkan\u0131m\u0131z Ali Babacan&#8217;\u0131n ekonomiyi y\u00f6netti\u011fi d\u00f6nemlerden bahsediyoruz. 2015 ve bunun etkisiyle 2017-2018 ba\u015fkanl\u0131k sistemine kadar T\u00fcrkiye&#8217;de enflasyon bazen tek hane ama \u00e7o\u011funlukla y\u00fczde 20&#8217;nin alt\u0131ndayd\u0131 ve dolay\u0131s\u0131yla bir enflasyon muhasebesine ihtiya\u00e7 yoktu. 2021&#8217;de vergilendirmeden ba\u011f\u0131ms\u0131z bir \u015fekilde g\u00fcndeme gelmesi, sisteme dahil edilmesi konu\u015fulmu\u015f, ertelenmi\u015f. 2023&#8217;te tekrar g\u00fcndeme gelmi\u015ftir ama tekrar g\u00fcndeme geli\u015finin iki temel sorunu var. Birincisi, bunun ge\u00e7ici vergi d\u00f6nemlerinde yap\u0131lmas\u0131. Bu durumda muhasebeciler, mali m\u00fc\u015favirler ba\u015fka bir i\u015f yapmayacak arkada\u015flar. Bir\u00e7ok \u015firketin zaten b\u00f6yle bir altyap\u0131s\u0131 yok. Bunlar\u0131 d\u00fczenli olarak bu bir bilan\u00e7oya esas olan envanter \u00e7\u0131kartma i\u015flemlerine esas olacak bilgi ak\u0131\u015f\u0131, veri toplamas\u0131 ne teknolojik altyap\u0131da var ne de personel altyap\u0131s\u0131nda var. Bir s\u00fcre sonra bunlar\u0131n hepsi maliye nezdinde i\u015fini d\u00fczg\u00fcn yapmayan, cezayla tedip edilmesi gereken i\u015fletmelere d\u00f6n\u00fc\u015febilir. Enflasyon muhasebesinde enflasyon oran\u0131 kadar vergilendirmeden muafiyet getirmezsek bir s\u00fcre sonra \u015firketler, ticari i\u015fletmeler olmayan bir kazanc\u0131n vergisini \u00f6demek zorunda kalabilirler. Ve burada bir balon olu\u015facak. Zaten y\u00fcksek enflasyon alt\u0131nda ve zaten ekonomi so\u011futma, efendim talebi k\u0131sma politikalar\u0131 alt\u0131nda ezilen bir\u00e7ok esnaf, bir\u00e7ok sanayici, bir\u00e7ok i\u015f adam\u0131 bu kez bu ciddi vergi y\u00fck\u00fc alt\u0131nda y\u00fcksek enflasyona kaynaklanan vergi etkisi nedeniyle iflasa varan sorunlar ya\u015fayacaklar.\u201d<\/p>\n<p>\u0130LAVE SORUMLULUKLAR OLU\u015eTURACAK<\/p>\n<p>Ekmen, Mali M\u00fc\u015favirler Odas\u0131\u2019n\u0131n taleplerini s\u0131ralayarak, \u201cMali m\u00fc\u015favirler odas\u0131 diyor ki; enflasyon d\u00fczeltmesi sonucu olu\u015fan kar \u00fczerinden vergi hesaplanmamal\u0131. Zarar olu\u015fmas\u0131 halindeyse zarar olarak kabul edilmemesi gerekmektedir. \u015eimdi, Mali M\u00fc\u015favirler Mersin Odam\u0131z, 1 Ocak ve 31 Aral\u0131k mali tablolar\u0131n\u0131 bir b\u00fct\u00fcn olarak kabul edip, ge\u00e7ici belge d\u00f6nemlerinde enflasyon d\u00fczeltmesi yap\u0131lmamas\u0131, bunun yap\u0131lmas\u0131 halinde ortaya \u00e7\u0131kan \u015firket kanunlar\u0131nda ortaya \u00e7\u0131kacak ani ve beklenmedik de\u011fi\u015fikliklerin yat\u0131r\u0131mc\u0131lar ve payda\u015flar i\u00e7in belirsizlik yarataca\u011f\u0131na dikkat \u00e7ekiyorlar. Ve bunun hakk\u0131yla yap\u0131labilmesi i\u00e7in muhasebe ve finans departmanlar\u0131na ilave i\u015f g\u00fcc\u00fcne ihtiya\u00e7 oldu\u011funu, zaten herkesin i\u015f\u00e7i \u00e7\u0131kartt\u0131\u011f\u0131, personel \u00e7\u0131kartt\u0131\u011f\u0131 bir d\u00f6nemde bu departman\u0131n personeliyle g\u00fc\u00e7lendirmesinin ilave sorumluluklar yarataca\u011f\u0131n\u0131 ifade ediyorlar. Y\u0131lda bir kez uygulanmas\u0131 ve bu \u015fekilde ortaya \u00e7\u0131kan yani enflasyon art\u0131\u015f\u0131 nedeniyle sanal balon olarak ortaya \u00e7\u0131kan kar art\u0131\u015flar\u0131n\u0131n vergilendirilmemesi gerekti\u011fini talep ediyorlar.\u201d dedi.<\/p>\n<p>\u201cENFLASYON MUHASEBES\u0130 G\u00d6ZDEN GE\u00c7\u0130R\u0130LMEL\u0130\u201d <\/p>\n<p>Mali m\u00fc\u015favirlerin, yeminli mali m\u00fc\u015favirlerin, serbest muhasebecilerin \u00f6l\u00e7\u00fcs\u00fcz bir i\u015f y\u00fck\u00fc ve adil olmayan bir \u00fccret tarifesi alt\u0131nda ezildi\u011fini s\u00f6yleyen Ekmen, \u015funlar\u0131 kaydetti:<\/p>\n<p> \u201c20 y\u0131l sonra g\u00fcndeme gelen ve ekonominin k\u00f6t\u00fc y\u00f6netiminin bir sonucu olan ve bu nedenle hem mali m\u00fc\u015favirler, muhasebeciler hem de m\u00fckellefler \u00fczerinde \u00f6ng\u00f6r\u00fclmeyen bir y\u00fck olu\u015fturan bu uygulaman\u0131n yeniden ele al\u0131nmas\u0131n\u0131 ge\u00e7ici vergi beyanname kapsam\u0131ndan \u00e7\u0131kart\u0131larak ba\u015fta stoklar olmak \u00fczere fiili envanter i\u015flemi gibi bilan\u00e7onun sahici bir \u015fekilde \u00e7\u0131kart\u0131lmas\u0131, bir\u00e7ok konuda bir\u00e7ok m\u00fckellefin ger\u00e7ekle\u015ftiremeyece\u011fi taleplerden vazge\u00e7ilmesini savunuyorlar. Ben de ba\u015fta Maliye Bakan\u0131m\u0131z Mehmet \u015eim\u015fek olmak \u00fczere Maliye Bakanl\u0131\u011f\u0131\u2019n\u0131n b\u00fcrokratlar\u0131n\u0131 enflasyon muhasebesiyle ilgili konu g\u00f6zden ge\u00e7irmelerini, bunun vergisel bir sonu\u00e7 do\u011furmadan uygulanmas\u0131n\u0131 \u00e7a\u011fr\u0131s\u0131nda bulunuyorum.\u201d<\/p>\n","protected":false},"excerpt":{"rendered":"<p>Deva Partisi Genel Ba\u015fkan Yard\u0131mc\u0131s\u0131 ve Mersin Milletvekili Mehmet Emin Ekmen, mali m\u00fc\u015favirlerin, yeminli mali m\u00fc\u015favirlerin, serbest muhasebecilerin \u00f6l\u00e7\u00fcs\u00fcz bir i\u015f y\u00fck\u00fc ve adil olmayan bir \u00fccret tarifesi alt\u0131nda ezildi\u011fini &hellip; <a href=\"https:\/\/akdenizolaygazetesi.com\/?p=31642\" class=\"more-link\">Devam\u0131n\u0131 Oku&#8230;<\/a><\/p>\n","protected":false},"author":2,"featured_media":31178,"comment_status":"open","ping_status":"open","sticky":false,"template":"","format":"standard","meta":[],"categories":[1,2,3],"tags":[],"_links":{"self":[{"href":"https:\/\/akdenizolaygazetesi.com\/index.php?rest_route=\/wp\/v2\/posts\/31642"}],"collection":[{"href":"https:\/\/akdenizolaygazetesi.com\/index.php?rest_route=\/wp\/v2\/posts"}],"about":[{"href":"https:\/\/akdenizolaygazetesi.com\/index.php?rest_route=\/wp\/v2\/types\/post"}],"author":[{"embeddable":true,"href":"https:\/\/akdenizolaygazetesi.com\/index.php?rest_route=\/wp\/v2\/users\/2"}],"replies":[{"embeddable":true,"href":"https:\/\/akdenizolaygazetesi.com\/index.php?rest_route=%2Fwp%2Fv2%2Fcomments&post=31642"}],"version-history":[{"count":1,"href":"https:\/\/akdenizolaygazetesi.com\/index.php?rest_route=\/wp\/v2\/posts\/31642\/revisions"}],"predecessor-version":[{"id":31643,"href":"https:\/\/akdenizolaygazetesi.com\/index.php?rest_route=\/wp\/v2\/posts\/31642\/revisions\/31643"}],"wp:featuredmedia":[{"embeddable":true,"href":"https:\/\/akdenizolaygazetesi.com\/index.php?rest_route=\/wp\/v2\/media\/31178"}],"wp:attachment":[{"href":"https:\/\/akdenizolaygazetesi.com\/index.php?rest_route=%2Fwp%2Fv2%2Fmedia&parent=31642"}],"wp:term":[{"taxonomy":"category","embeddable":true,"href":"https:\/\/akdenizolaygazetesi.com\/index.php?rest_route=%2Fwp%2Fv2%2Fcategories&post=31642"},{"taxonomy":"post_tag","embeddable":true,"href":"https:\/\/akdenizolaygazetesi.com\/index.php?rest_route=%2Fwp%2Fv2%2Ftags&post=31642"}],"curies":[{"name":"wp","href":"https:\/\/api.w.org\/{rel}","templated":true}]}}