{"id":31644,"date":"2024-08-13T14:08:14","date_gmt":"2024-08-13T11:08:14","guid":{"rendered":"http:\/\/akdenizolaygazetesi.com\/?p=31644"},"modified":"2024-08-13T14:08:14","modified_gmt":"2024-08-13T11:08:14","slug":"cukurova-havalimani-ve-devlet-bankalari-kredileri-tbmm-gundeminde","status":"publish","type":"post","link":"https:\/\/akdenizolaygazetesi.com\/?p=31644","title":{"rendered":"\u00c7UKUROVA HAVAL\u0130MANI VE DEVLET BANKALARI KRED\u0130LER\u0130 TBMM G\u00dcNDEM\u0130NDE"},"content":{"rendered":"<p>CHP Mersin Milletvekili G\u00fclcan K\u0131\u015f, Ula\u015ft\u0131rma ve Altyap\u0131 Bakan\u0131 Abdulkadir Uralo\u011flu&#8217;nun yan\u0131tlamas\u0131 istemiyle T\u00fcrkiye B\u00fcy\u00fck Millet Meclisi Ba\u015fkanl\u0131\u011f\u0131&#8217;na bir soru \u00f6nergesi sundu. \u00d6nergede, \u00c7ukurova Havaliman\u0131 projesinin ihale s\u00fcreci, y\u00fcklenici firmaya sa\u011flanan te\u015fvik ve garantiler, devlet bankalar\u0131ndan kullan\u0131lan krediler ve Cumhuriyet Halk Partisi&#8217;ne ba\u011fl\u0131 belediyelere sa\u011flanan krediler hakk\u0131nda \u00f6nemli sorular y\u00f6neltiliyor.<\/p>\n<p>\u00c7ukurova Havaliman\u0131 \u0130halesi ve Y\u00fcklenici Firma Detaylar\u0131<\/p>\n<p>Milletvekili G\u00fclcan K\u0131\u015f, \u00c7ukurova Havaliman\u0131&#8217;n\u0131n yap-i\u015flet-devret modeli \u00e7er\u00e7evesinde ihalesinin hangi \u015fartlar alt\u0131nda ger\u00e7ekle\u015ftirildi\u011fini ve bu modelin uygulanmas\u0131nda y\u00fcklenici firmaya sa\u011flanan te\u015fvik ve garantilerin neler oldu\u011funu sordu. Ayr\u0131ca, y\u00fcklenici firman\u0131n projeyi hayata ge\u00e7irmek i\u00e7in devlet bankalar\u0131ndan kredi kullan\u0131p kullanmad\u0131\u011f\u0131, e\u011fer kulland\u0131ysa bu kredilerin toplam miktar\u0131, \u015fartlar\u0131 ve hangi bankalardan sa\u011fland\u0131\u011f\u0131 gibi \u00f6nemli detaylar da soru \u00f6nergesinde yer ald\u0131.<\/p>\n<p>Proje S\u00fcreci ve Belediyelere Sa\u011flanan Krediler<\/p>\n<p>\u00d6nergenin bir di\u011fer \u00f6nemli maddesi, \u00c7ukurova Havaliman\u0131&#8217;n\u0131n in\u015faat s\u00fcreci ve a\u00e7\u0131l\u0131\u015f tarihi planlamas\u0131na ne \u00f6l\u00e7\u00fcde uyuldu\u011fu, bu s\u00fcre\u00e7te herhangi bir gecikme ya da b\u00fct\u00e7e a\u015f\u0131m\u0131 ya\u015fan\u0131p ya\u015fanmad\u0131\u011f\u0131 y\u00f6n\u00fcnde. Milletvekili K\u0131\u015f, bu t\u00fcr gecikme veya b\u00fct\u00e7e a\u015f\u0131m\u0131 durumlar\u0131n\u0131n sebeplerini de \u00f6\u011frenmek istiyor.<\/p>\n<p>Son olarak, K\u0131\u015f, 2019 y\u0131l\u0131ndan bu yana Cumhuriyet Halk Partisi&#8217;ne ba\u011fl\u0131 belediyelere devlet bankalar\u0131 taraf\u0131ndan sa\u011flanan kredilerle ilgili sorular y\u00f6neltti. Bu kredilerin toplam miktar\u0131, \u015fartlar\u0131 ve di\u011fer belediyelerle k\u0131yasland\u0131\u011f\u0131nda herhangi bir k\u0131s\u0131tlama ya da farkl\u0131 uygulama olup olmad\u0131\u011f\u0131 konusu da ara\u015ft\u0131r\u0131lmak \u00fczere Bakan Uralo\u011flu&#8217;na iletildi.<\/p>\n<p>Mersin Milletvekili G\u00fclcan K\u0131\u015f&#8217;\u0131n bu \u00f6nergesi, hem \u00c7ukurova Havaliman\u0131 projesinin \u015feffafl\u0131\u011f\u0131n\u0131 art\u0131rmay\u0131 hem de Cumhuriyet Halk Partisi&#8217;ne ba\u011fl\u0131 belediyelerin finansal durumuna dair \u00f6nemli bilgilerin kamuoyuna a\u00e7\u0131klanmas\u0131n\u0131 hedefliyor. CHP Mersin Milletvekili G\u00fclcan K\u0131\u015f \u00f6nergesinde \u015fu sorulara yer verdi:<\/p>\n<p>A\u015fa\u011f\u0131daki sorular\u0131m\u0131n, Ula\u015ft\u0131rma ve Altyap\u0131 Bakan\u0131 Say\u0131n Abdulkadir Uralo\u011flu taraf\u0131ndan yaz\u0131l\u0131 olarak cevapland\u0131r\u0131lmas\u0131n\u0131 sayg\u0131lar\u0131mla arz ederim.<\/p>\n<p>    G\u00fclcan K\u0131\u015f<\/p>\n<p>Mersin Milletvekili<\/p>\n<p>1. \u00c7ukurova Havaliman\u0131&#8217;n\u0131n yap-i\u015flet-devret modeli \u00e7er\u00e7evesinde ihalesi hangi \u015fartlar alt\u0131nda ger\u00e7ekle\u015ftirilmi\u015ftir? Bu modelin uygulanmas\u0131nda y\u00fcklenici firmaya sa\u011flanan te\u015fvik ve garantiler nelerdir?<\/p>\n<p>2. Y\u00fcklenici firma, \u00c7ukurova Havaliman\u0131 projesi i\u00e7in devlet bankalar\u0131ndan kredi kullanm\u0131\u015f m\u0131d\u0131r?Kullan\u0131lm\u0131\u015fsa, bu kredilerin toplam miktar\u0131 ve \u015fartlar\u0131 nedir? Hangi bankalardan ne kadar kredi sa\u011flanm\u0131\u015ft\u0131r? Kredi d\u00f6viz cinsinden ise kur sabit mi tutulmu\u015ftur?<\/p>\n<p>3. \u00c7ukurova Havaliman\u0131&#8217;n\u0131n in\u015faat s\u00fcreci ve a\u00e7\u0131l\u0131\u015f tarihi planlamas\u0131na ne \u00f6l\u00e7\u00fcde uyulmu\u015ftur? Gecikmeler veya b\u00fct\u00e7e a\u015f\u0131m\u0131 ya\u015fanm\u0131\u015f m\u0131d\u0131r? E\u011fer ya\u015fand\u0131ysa, bunun sebepleri nelerdir?<\/p>\n<p>4. 2019 y\u0131l\u0131ndan bu yana Cumhuriyet Halk Partisi&#8217;ne ba\u011fl\u0131 belediyelere devlet bankalar\u0131 taraf\u0131ndan ne kadar kredi sa\u011flanm\u0131\u015ft\u0131r? Bu kredilerin toplam miktar\u0131 ve \u015fartlar\u0131 nelerdir? Cumhuriyet Halk Partisi&#8217;ne ba\u011fl\u0131 belediyelere sa\u011flanan kredilerde herhangi bir k\u0131s\u0131tlama ya da farkl\u0131 uygulamalar olmu\u015f mudur?<\/p>\n","protected":false},"excerpt":{"rendered":"<p>CHP Mersin Milletvekili G\u00fclcan K\u0131\u015f, Ula\u015ft\u0131rma ve Altyap\u0131 Bakan\u0131 Abdulkadir Uralo\u011flu&#8217;nun yan\u0131tlamas\u0131 istemiyle T\u00fcrkiye B\u00fcy\u00fck Millet Meclisi Ba\u015fkanl\u0131\u011f\u0131&#8217;na bir soru \u00f6nergesi sundu. \u00d6nergede, \u00c7ukurova Havaliman\u0131 projesinin ihale s\u00fcreci, y\u00fcklenici firmaya &hellip; <a href=\"https:\/\/akdenizolaygazetesi.com\/?p=31644\" class=\"more-link\">Devam\u0131n\u0131 Oku&#8230;<\/a><\/p>\n","protected":false},"author":2,"featured_media":31645,"comment_status":"open","ping_status":"open","sticky":false,"template":"","format":"standard","meta":[],"categories":[1,2,3],"tags":[],"_links":{"self":[{"href":"https:\/\/akdenizolaygazetesi.com\/index.php?rest_route=\/wp\/v2\/posts\/31644"}],"collection":[{"href":"https:\/\/akdenizolaygazetesi.com\/index.php?rest_route=\/wp\/v2\/posts"}],"about":[{"href":"https:\/\/akdenizolaygazetesi.com\/index.php?rest_route=\/wp\/v2\/types\/post"}],"author":[{"embeddable":true,"href":"https:\/\/akdenizolaygazetesi.com\/index.php?rest_route=\/wp\/v2\/users\/2"}],"replies":[{"embeddable":true,"href":"https:\/\/akdenizolaygazetesi.com\/index.php?rest_route=%2Fwp%2Fv2%2Fcomments&post=31644"}],"version-history":[{"count":1,"href":"https:\/\/akdenizolaygazetesi.com\/index.php?rest_route=\/wp\/v2\/posts\/31644\/revisions"}],"predecessor-version":[{"id":31646,"href":"https:\/\/akdenizolaygazetesi.com\/index.php?rest_route=\/wp\/v2\/posts\/31644\/revisions\/31646"}],"wp:featuredmedia":[{"embeddable":true,"href":"https:\/\/akdenizolaygazetesi.com\/index.php?rest_route=\/wp\/v2\/media\/31645"}],"wp:attachment":[{"href":"https:\/\/akdenizolaygazetesi.com\/index.php?rest_route=%2Fwp%2Fv2%2Fmedia&parent=31644"}],"wp:term":[{"taxonomy":"category","embeddable":true,"href":"https:\/\/akdenizolaygazetesi.com\/index.php?rest_route=%2Fwp%2Fv2%2Fcategories&post=31644"},{"taxonomy":"post_tag","embeddable":true,"href":"https:\/\/akdenizolaygazetesi.com\/index.php?rest_route=%2Fwp%2Fv2%2Ftags&post=31644"}],"curies":[{"name":"wp","href":"https:\/\/api.w.org\/{rel}","templated":true}]}}