{"id":31647,"date":"2024-08-13T14:10:09","date_gmt":"2024-08-13T11:10:09","guid":{"rendered":"http:\/\/akdenizolaygazetesi.com\/?p=31647"},"modified":"2024-08-13T14:10:09","modified_gmt":"2024-08-13T11:10:09","slug":"2b-orman-arazilerini-villalara-ranta-degil-hayvan-bakim-merkezlerine-acin","status":"publish","type":"post","link":"https:\/\/akdenizolaygazetesi.com\/?p=31647","title":{"rendered":"\u201c2B ORMAN ARAZ\u0130LER\u0130N\u0130 V\u0130LLALARA, RANTA DE\u011e\u0130L, HAYVAN BAKIM MERKEZLER\u0130NE A\u00c7IN"},"content":{"rendered":"<p>Toroslar Belediye Ba\u015fkan\u0131 Abdurrahman Y\u0131ld\u0131z, sokak k\u00f6peklerinin uyutma ad\u0131 alt\u0131nda \u00f6ld\u00fcr\u00fclmesini \u00f6ng\u00f6ren yasan\u0131n revize edilmesi, samimi bir Hayvan Haklar\u0131 Yasas\u0131n\u0131n \u00e7\u0131kar\u0131lmas\u0131 gerekti\u011fini s\u00f6yledi. Y\u0131ld\u0131z, Orman Bakanl\u0131\u011f\u0131na, 2B arazilerini villalara de\u011fil, k\u00f6pek bak\u0131m merkezi gibi tesislere a\u00e7mas\u0131 \u00e7a\u011fr\u0131s\u0131nda da bulundu.<\/p>\n<p>Toroslar Belediye Ba\u015fkan\u0131 Abdurrahman Y\u0131ld\u0131z, Mersin B\u00fcy\u00fck\u015fehir Belediye Meclisinin a\u011fustos ay\u0131 toplant\u0131s\u0131nda g\u00fcndem d\u0131\u015f\u0131 s\u00f6z alarak, kamuoyunun itirazlar\u0131na ra\u011fmen TBMM&#8217;den ge\u00e7en Hayvanlar\u0131 Koruma Kanunu \u00fczerine g\u00f6r\u00fc\u015flerini a\u00e7\u0131klad\u0131.<\/p>\n<p>&#8220;Bir karar al\u0131nacaksa, bir yasa \u00e7\u0131kar\u0131lacaksa, meclisimizden bir karar \u00e7\u0131kar\u0131lacaksa \u00fczerine karar verdi\u011fimiz \u015feyin bir canl\u0131 oldu\u011funu unutmam\u0131z gerekir. Dolay\u0131s\u0131yla bir vicdanla tart\u0131\u015fma yap\u0131lmas\u0131 gerekir&#8221; diyen Ba\u015fkan Y\u0131ld\u0131z, Mersin&#8217;de olmas\u0131 gerekenden 10 kat fazla hayvan\u0131n sokaklarda ya\u015fad\u0131\u011f\u0131na dikkat \u00e7ekti.<\/p>\n<p>&#8220;\u00dcZER\u0130NE KONU\u015eTU\u011eIMUZ \u015eEY B\u0130R CANLI&#8221;<\/p>\n<p>Y\u0131ld\u0131z, &#8220;Mesele de bug\u00fcn\u00fcn meselesi de\u011fil. H\u00fck\u00fcmet bug\u00fcn ke\u015ffetmi\u015f olabilir ama mesele bug\u00fcn\u00fcn meselesi de\u011fil ve \u00fczerinde uzun uzun d\u00fc\u015f\u00fcn\u00fclmesi gereken, h\u00fck\u00fcmet taraf\u0131ndan bir b\u00fct\u00e7e ayr\u0131lmas\u0131 gereken bir mesele. \u00dczerine konu\u015ftu\u011fumuz \u015fey de nihayetinde bir canl\u0131 ve tedavisi de insan tedavisi gibi pahal\u0131 bir \u015fey. K\u0131s\u0131rla\u015ft\u0131r\u0131lmas\u0131 da pahal\u0131 bir \u015fey. Dolay\u0131s\u0131yla meselelere buradan bakmak laz\u0131m&#8221; dedi.<\/p>\n<p>&#8220;SORUMLU TEK BA\u015eINA BELED\u0130YELER DE\u011e\u0130L&#8221;<\/p>\n<p>Ba\u015fkan Y\u0131ld\u0131z, &#8220;E\u011fer yasay\u0131 \u00e7\u0131karan h\u00fck\u00fcmet bu yasan\u0131n arkas\u0131nda duracaksa birincisi bu yasan\u0131n revize edilmesi laz\u0131m. Samimi bir Hayvan Yasas\u0131n\u0131n \u00e7\u0131kar\u0131lmas\u0131 laz\u0131m. \u0130kincisi bu i\u015fler i\u00e7in b\u00fct\u00e7e ayr\u0131lmas\u0131 laz\u0131m. \u00dc\u00e7\u00fcnc\u00fcs\u00fc Orman Bakanl\u0131\u011f\u0131n\u0131n 2B durumuna d\u00fc\u015fm\u00fc\u015f arazilerini villalara ve saire vermek yerine, rant alanlar\u0131na a\u00e7mak yerine bu tarz i\u015fler i\u00e7in kullan\u0131lmas\u0131n\u0131 sa\u011flamas\u0131 laz\u0131m. Bizim de benzer bir tesis a\u00e7mam\u0131z gerekiyor. Aylard\u0131r bir sonu\u00e7 alamad\u0131k. Orman Bakanl\u0131\u011f\u0131n\u0131n bu konuda kulak t\u0131kamaktan vazge\u00e7mesi gerekir. Mersin&#8217;de y\u0131lda 6 bin civar\u0131nda k\u00f6pe\u011fin k\u0131s\u0131rla\u015ft\u0131r\u0131ld\u0131\u011f\u0131n\u0131 belediye yetkilileri ifade ettiler. Buna ra\u011fmen sokaktaki hayvan say\u0131s\u0131 h\u00e2l\u00e2 olmas\u0131 gerekenden 8 kat fazlaysa herhalde bunun sorumlusu belediyeler de\u011fil herhangi bir yasa \u00e7\u0131karmayan, \u00e7al\u0131\u015fmayan h\u00fck\u00fcmettir. Bu canl\u0131lar\u0131n say\u0131s\u0131n\u0131n azalt\u0131lmas\u0131n\u0131 itlaf ederek sa\u011flayamay\u0131z. Yeni pop\u00fclasyonlar\u0131n gelmesini engelleyerek sa\u011flayabiliriz. Bunlar i\u00e7in de b\u00fct\u00e7e ay\u0131rmak gerekir&#8221; ifadelerini kulland\u0131.<\/p>\n","protected":false},"excerpt":{"rendered":"<p>Toroslar Belediye Ba\u015fkan\u0131 Abdurrahman Y\u0131ld\u0131z, sokak k\u00f6peklerinin uyutma ad\u0131 alt\u0131nda \u00f6ld\u00fcr\u00fclmesini \u00f6ng\u00f6ren yasan\u0131n revize edilmesi, samimi bir Hayvan Haklar\u0131 Yasas\u0131n\u0131n \u00e7\u0131kar\u0131lmas\u0131 gerekti\u011fini s\u00f6yledi. Y\u0131ld\u0131z, Orman Bakanl\u0131\u011f\u0131na, 2B arazilerini villalara de\u011fil, &hellip; <a href=\"https:\/\/akdenizolaygazetesi.com\/?p=31647\" class=\"more-link\">Devam\u0131n\u0131 Oku&#8230;<\/a><\/p>\n","protected":false},"author":2,"featured_media":31648,"comment_status":"open","ping_status":"open","sticky":false,"template":"","format":"standard","meta":[],"categories":[1,2,3],"tags":[],"_links":{"self":[{"href":"https:\/\/akdenizolaygazetesi.com\/index.php?rest_route=\/wp\/v2\/posts\/31647"}],"collection":[{"href":"https:\/\/akdenizolaygazetesi.com\/index.php?rest_route=\/wp\/v2\/posts"}],"about":[{"href":"https:\/\/akdenizolaygazetesi.com\/index.php?rest_route=\/wp\/v2\/types\/post"}],"author":[{"embeddable":true,"href":"https:\/\/akdenizolaygazetesi.com\/index.php?rest_route=\/wp\/v2\/users\/2"}],"replies":[{"embeddable":true,"href":"https:\/\/akdenizolaygazetesi.com\/index.php?rest_route=%2Fwp%2Fv2%2Fcomments&post=31647"}],"version-history":[{"count":1,"href":"https:\/\/akdenizolaygazetesi.com\/index.php?rest_route=\/wp\/v2\/posts\/31647\/revisions"}],"predecessor-version":[{"id":31649,"href":"https:\/\/akdenizolaygazetesi.com\/index.php?rest_route=\/wp\/v2\/posts\/31647\/revisions\/31649"}],"wp:featuredmedia":[{"embeddable":true,"href":"https:\/\/akdenizolaygazetesi.com\/index.php?rest_route=\/wp\/v2\/media\/31648"}],"wp:attachment":[{"href":"https:\/\/akdenizolaygazetesi.com\/index.php?rest_route=%2Fwp%2Fv2%2Fmedia&parent=31647"}],"wp:term":[{"taxonomy":"category","embeddable":true,"href":"https:\/\/akdenizolaygazetesi.com\/index.php?rest_route=%2Fwp%2Fv2%2Fcategories&post=31647"},{"taxonomy":"post_tag","embeddable":true,"href":"https:\/\/akdenizolaygazetesi.com\/index.php?rest_route=%2Fwp%2Fv2%2Ftags&post=31647"}],"curies":[{"name":"wp","href":"https:\/\/api.w.org\/{rel}","templated":true}]}}