{"id":3165,"date":"2020-11-04T18:23:39","date_gmt":"2020-11-04T15:23:39","guid":{"rendered":"http:\/\/mersinekonomipolitikagazetesi.com\/?p=3165"},"modified":"2020-11-04T18:23:39","modified_gmt":"2020-11-04T15:23:39","slug":"mersinde-is-yeri-yangini-1-olu-5-yarali","status":"publish","type":"post","link":"https:\/\/akdenizolaygazetesi.com\/?p=3165","title":{"rendered":"Mersin&#8217;de i\u015f yeri yang\u0131n\u0131: 1 \u00f6l\u00fc, 5 yaral\u0131"},"content":{"rendered":"<p>Mersin&#8217;de 12 katl\u0131 bir apartman\u0131n alt\u0131nda bulunan mobilya ve beyaz e\u015fya ma\u011fazalar\u0131nda \u00e7\u0131kan yang\u0131nda, 1 ki\u015fi \u00f6ld\u00fc 5 ki\u015fi yaraland\u0131. \u00c7ok say\u0131da itfaiye ekibinin m\u00fcdahale etti\u011fi yang\u0131n, 2 saatte kontrol alt\u0131na al\u0131n\u0131rken, so\u011futma \u00e7al\u0131\u015fmalar\u0131n\u0131n s\u00fcrd\u00fc\u011f\u00fc bildirildi.\u00a0<br \/>\nEdinilen bilgiye g\u00f6re, yang\u0131n, \u00f6\u011fle saatlerinde merkez Mezitli il\u00e7esinde bulunan 12 katl\u0131 bir apartman\u0131n alt\u0131ndaki mobilya ve beyaz e\u015fya d\u00fckkanlar\u0131n\u0131n bulundu\u011fu b\u00f6lgede \u00e7\u0131kt\u0131. Hen\u00fcz belirlenemeyen bir nedenle \u00e7\u0131kan yang\u0131n, k\u0131sa s\u00fcrede b\u00fcy\u00fcd\u00fc. \u00c7evredekilerin ihbar\u0131 \u00fczerine b\u00f6lgeye \u00e7ok say\u0131da itfaiye, ambulans ve polis ekibi sevk edildi.\u00a0<br \/>\nMersin B\u00fcy\u00fck\u015fehir Belediyesi&#8217;ne ba\u011fl\u0131 itfaiye ekiplerinin yan\u0131 s\u0131ra toma ve i\u015f makinesi de yang\u0131na m\u00fcdahale etti. Polis ekipleri ise b\u00f6lgeyi kontrol alt\u0131na al\u0131rken, yang\u0131nda \u00e7\u0131kan siyah dumanlar kentin bir\u00e7ok b\u00f6lgesinden g\u00f6r\u00fcnd\u00fc.<br \/>\n\u00a0<br \/>\nYang\u0131nda, i\u015f yerinde \u00e7al\u0131\u015fan T\u00fclin Sayar isimli kad\u0131n hayat\u0131n\u0131 kaybeederken, 5 ki\u015fi yaraland\u0131. S\u00f6nd\u00fcrme \u00e7al\u0131\u015fmalar\u0131 s\u0131ras\u0131nda dumandan etkilenen aralar\u0131nda polis ve itfaiye ekiplerinin de bulundu\u011fu 7 ki\u015fiye ambulansta m\u00fcdahale edildi.\u00a0<br \/>\nOlay yerine gelen Mersin Valisi Ali \u0130hsan Su, b\u00f6lgede inceleme yaparak yetkililerden bilgi ald\u0131. Gazetecilere a\u00e7\u0131klama yapan Vali Su, &#8220;\u015euanda arkada\u015flar\u0131m\u0131z s\u00f6nd\u00fcrme \u00e7al\u0131\u015fmalar\u0131n\u0131 tamamlad\u0131. So\u011futma \u00e7al\u0131\u015fmalar\u0131 devam ediyor. Ben tabi vatanda\u015f\u0131m\u0131za ge\u00e7mi\u015f olsun diyorum. \u0130tfaiye ekipleri gerekli incelemeyi yapacaklar. \u015euanda bir bayan \u00e7al\u0131\u015fan\u0131n durumu ciddi. O da hastanede tedavisi devam ediyor&#8221; dedi. \u00a0<\/p>\n","protected":false},"excerpt":{"rendered":"<p>Mersin&#8217;de 12 katl\u0131 bir apartman\u0131n alt\u0131nda bulunan mobilya ve beyaz e\u015fya ma\u011fazalar\u0131nda \u00e7\u0131kan yang\u0131nda, 1 ki\u015fi \u00f6ld\u00fc 5 ki\u015fi yaraland\u0131. \u00c7ok say\u0131da itfaiye ekibinin m\u00fcdahale etti\u011fi yang\u0131n, 2 saatte kontrol &hellip; <a href=\"https:\/\/akdenizolaygazetesi.com\/?p=3165\" class=\"more-link\">Devam\u0131n\u0131 Oku&#8230;<\/a><\/p>\n","protected":false},"author":1,"featured_media":0,"comment_status":"open","ping_status":"open","sticky":false,"template":"","format":"standard","meta":[],"categories":[],"tags":[],"_links":{"self":[{"href":"https:\/\/akdenizolaygazetesi.com\/index.php?rest_route=\/wp\/v2\/posts\/3165"}],"collection":[{"href":"https:\/\/akdenizolaygazetesi.com\/index.php?rest_route=\/wp\/v2\/posts"}],"about":[{"href":"https:\/\/akdenizolaygazetesi.com\/index.php?rest_route=\/wp\/v2\/types\/post"}],"author":[{"embeddable":true,"href":"https:\/\/akdenizolaygazetesi.com\/index.php?rest_route=\/wp\/v2\/users\/1"}],"replies":[{"embeddable":true,"href":"https:\/\/akdenizolaygazetesi.com\/index.php?rest_route=%2Fwp%2Fv2%2Fcomments&post=3165"}],"version-history":[{"count":0,"href":"https:\/\/akdenizolaygazetesi.com\/index.php?rest_route=\/wp\/v2\/posts\/3165\/revisions"}],"wp:attachment":[{"href":"https:\/\/akdenizolaygazetesi.com\/index.php?rest_route=%2Fwp%2Fv2%2Fmedia&parent=3165"}],"wp:term":[{"taxonomy":"category","embeddable":true,"href":"https:\/\/akdenizolaygazetesi.com\/index.php?rest_route=%2Fwp%2Fv2%2Fcategories&post=3165"},{"taxonomy":"post_tag","embeddable":true,"href":"https:\/\/akdenizolaygazetesi.com\/index.php?rest_route=%2Fwp%2Fv2%2Ftags&post=3165"}],"curies":[{"name":"wp","href":"https:\/\/api.w.org\/{rel}","templated":true}]}}