{"id":31657,"date":"2024-08-26T13:29:11","date_gmt":"2024-08-26T10:29:11","guid":{"rendered":"http:\/\/akdenizolaygazetesi.com\/?p=31657"},"modified":"2024-08-26T13:29:11","modified_gmt":"2024-08-26T10:29:11","slug":"baskan-secer-1-aydincik-yaza-veda-festivaline-katildi","status":"publish","type":"post","link":"https:\/\/akdenizolaygazetesi.com\/?p=31657","title":{"rendered":"BA\u015eKAN SE\u00c7ER, \u20181. AYDINCIK YAZA VEDA FESTIVAL\u0130\u2019NE KATILDI"},"content":{"rendered":"<p>Mersin B\u00fcy\u00fck\u015fehir Belediye Ba\u015fkan\u0131 Vahap Se\u00e7er, Ayd\u0131nc\u0131k Belediyesi taraf\u0131ndan d\u00fczenlenen &#8216;1. Ayd\u0131nc\u0131k Yaza Veda Festivali&#8217;ne kat\u0131ld\u0131.<\/p>\n<p>Ayd\u0131nc\u0131k&#8217;\u0131, Ayd\u0131nc\u0131k Belediyesi ile  beraber kalk\u0131nd\u0131r\u0131p b\u00fcy\u00fcteceklerini s\u00f6yleyen Se\u00e7er, &#8220;Bu \u00fclkeyi Atat\u00fcrk&#8217;\u00fcn pe\u015finden giden belediye ba\u015fkanlar\u0131 kalk\u0131nd\u0131racak. Bizim belediyelerimizde birlik, bereket var&#8221; dedi.<\/p>\n<p>Ayd\u0131nc\u0131k&#8217;\u0131n turizm il\u00e7esi oldu\u011funa vurgu yapan Se\u00e7er, Ayd\u0131nc\u0131k Belediye Ba\u015fkan\u0131 \u00d6zkan K\u0131l\u0131\u00e7arpa&#8217;n\u0131n yaz ak\u015fam\u0131na yak\u0131\u015f\u0131r g\u00fczel bir festival ger\u00e7ekle\u015ftirildi\u011fini belirterek, &#8220;Sanat\u0131n ve k\u00fclt\u00fcr\u00fcn olmad\u0131\u011f\u0131 yerde toplum \u00e7\u00fcr\u00fcr&#8221; diye konu\u015ftu.<\/p>\n<p>Mersin B\u00fcy\u00fck\u015fehir Belediye Ba\u015fkan\u0131 Vahap Se\u00e7er, Ayd\u0131nc\u0131k Belediyesi taraf\u0131ndan d\u00fczenlenen &#8216;1. Ayd\u0131nc\u0131k Yaza Veda Festivali&#8217;ne kat\u0131ld\u0131.<\/p>\n<p>Ayd\u0131nc\u0131k \u0130ncekum Tabiat Park\u0131&#8217;nda d\u00fczenlenen festivalde konu\u015fan ve Ayd\u0131nc\u0131k Belediye Ba\u015fkan\u0131 \u00d6zkan K\u0131l\u0131\u00e7arpa ile birlikte hizmetlerini s\u00fcrd\u00fcreceklerinin alt\u0131n\u0131 \u00e7izen Ba\u015fkan Se\u00e7er, &#8220;Mersin B\u00fcy\u00fck\u015fehir Belediyesi, Ayd\u0131nc\u0131k Belediyesi hi\u00e7 fark etmiyor. Art\u0131k Cumhuriyet Halk Partisi ailesi var Ayd\u0131nc\u0131k&#8217;ta, beraber kalk\u0131nd\u0131raca\u011f\u0131z, b\u00fcy\u00fctece\u011fiz&#8221; diyerek, b\u00fct\u00fcn CHP&#8217;li ba\u015fkanlar\u0131n gece-g\u00fcnd\u00fcz demeden \u00e7al\u0131\u015ft\u0131\u011f\u0131n\u0131n alt\u0131n\u0131 \u00e7izdi. Sahildeki belediyelerin neredeyse tamam\u0131n\u0131n CHP&#8217;li oldu\u011funu kaydeden Se\u00e7er, &#8220;Bir Bozyaz\u0131 kald\u0131, bir dahaki se\u00e7imlerde alaca\u011f\u0131z. 13 il\u00e7enin tamam\u0131nda \u00e7al\u0131\u015fan, \u00fcreten, vatan\u0131n\u0131, milletini ger\u00e7ekten seven, \u00f6z\u00fcnden Atat\u00fcrk&#8217;\u00fcn pe\u015finden giden belediye ba\u015fkanlar\u0131 olacak. Bu \u00fclkeyi onlar kalk\u0131nd\u0131racak. \u00d6yle sahte milliyet\u00e7ilikle de\u011fil, \u00f6z\u00fcyle s\u00f6z\u00fcyle bir milliyet\u00e7ilikle. Ne demi\u015f Mustafa Kemal Atat\u00fcrk, &#8216;Vatan\u0131n\u0131 en \u00e7ok seven, vazifesini en iyi yapand\u0131r&#8217;, biz de vazifemizi iyi yap\u0131yoruz&#8221; ifadelerine yer verdi.<\/p>\n<p>&#8220;G\u00f6reve geldi\u011fimizden beri ayr\u0131m yapmadan hizmet ediyoruz&#8221;<\/p>\n<p>G\u00f6reve geldi\u011fi 2019 y\u0131l\u0131ndan itibaren ayr\u0131m yapmadan her yere e\u015fit hizmet g\u00f6t\u00fcrd\u00fc\u011f\u00fcn\u00fcn alt\u0131n\u0131 \u00e7izen Se\u00e7er, &#8220;5 y\u0131ld\u0131r duydunuz mu, &#8216;B\u00fcy\u00fck\u015fehir ayr\u0131mc\u0131l\u0131k yap\u0131yor. Kendisine oy verenlere ayr\u0131, vermeyen mahalleler ayr\u0131 davran\u0131yor. Oy verenlerin yolunu yap\u0131yor, oy vermeyenlerin yapm\u0131yor&#8217;. Muhtarlar\u0131m b\u00f6yle bir \u015fey oldu mu, olmaz. Ayr\u0131m yapmak, adaletsizlik, dinen, imanen, vicdanen, hukuken olmaz. Biz bunu reddediyoruz&#8221; s\u00f6zlerine yer verdi. Se\u00e7er, &#8220;T\u00fcrkiye ne \u00e7ekiyorsa bundan \u00e7ekiyor. Kavgadan, g\u00fcr\u00fclt\u00fcden, ayr\u0131mc\u0131l\u0131ktan, dininizi, milliyetinizi istismar edenlerden \u00e7ekiyor. Atat\u00fcrk T\u00fcrkiye&#8217;sinde umut ediyorum bundan sonra 7 b\u00f6lgede kuzeyden, g\u00fcneye, do\u011fudan bat\u0131ya 86 milyon karde\u015f\u00e7e ya\u015fayacak. 100 y\u0131l \u00f6nce oldu\u011fu gibi nas\u0131l bir araya geldi, T\u00fcrk insan\u0131 bu kadim topraklarda \u00fclkesini emperyalistlerden kurtard\u0131, Cumhuriyetini kurdu ayn\u0131 \u00fclk\u00fc ile ayn\u0131 ama\u00e7la \u00e7al\u0131\u015faca\u011f\u0131z. Gelecek g\u00fcnler bug\u00fcnlerden \u00e7ok daha g\u00fczel olacak. Bundan emin olabilirsiniz&#8221; diye konu\u015ftu.<\/p>\n<p>&#8220;Bizim belediyelerimizde birlik, dirlik, bereket var&#8221;<\/p>\n<p>Ayd\u0131nc\u0131k&#8217;\u0131n \u00e7ok g\u00fczel, \u015firin ve \u00e7ok tarihi bir yer oldu\u011funu belirten Se\u00e7er, &#8220;Tarihi liman\u0131yla, turizmi ile \u00f6rt\u00fc alt\u0131 tar\u0131m\u0131yla \u00e7al\u0131\u015fan, \u00fcreten bir halk\u0131m\u0131z var. Ayd\u0131nc\u0131kl\u0131 vatanda\u015flar\u0131m\u0131z\u0131 seviyoruz. Bug\u00fcne kadar oldu\u011fu gibi bundan sonra da ama daha iyisini yapmaya gayret ederek hizmet edece\u011fiz, hi\u00e7bir endi\u015feniz olmas\u0131n&#8221; dedi. Ge\u00e7irilen 5 y\u0131ldan \u00e7ok daha iyi bir noktada olduklar\u0131n\u0131 s\u00f6yleyen Se\u00e7er, &#8220;Ge\u00e7ti\u011fimiz 5 y\u0131lda olumsuzluklar \u00e7oktur. Ekonomik olarak belediyemiz s\u0131k\u0131nt\u0131lar a\u015fmak zorundayd\u0131, hepsi d\u00fczene girdi. Bir evde birlik, dirlik varsa bereket olur. Bizim belediyelerimizde birlik, dirlik, bereket var&#8221; ifadelerine yer verdi.<\/p>\n<p>&#8220;Ayd\u0131nc\u0131k&#8217;a gece-g\u00fcnd\u00fcz \u00e7al\u0131\u015f\u0131p \u00fcreten bir Ba\u015fkan laz\u0131md\u0131&#8221;<\/p>\n<p>Ayd\u0131nc\u0131k&#8217;a gelecek 5 y\u0131lda \u00e7ok daha g\u00fczel hizmetler yapacaklar\u0131n\u0131 kaydeden Ba\u015fkan Se\u00e7er, &#8220;\u00d6zkan Ba\u015fkan\u0131mla Ayd\u0131nc\u0131k konusunda hep konu\u015ftuk. Bu Ayd\u0131nc\u0131k&#8217;\u0131n evlad\u0131 Ayd\u0131nc\u0131k&#8217;\u0131 gece g\u00fcnd\u00fcz d\u00fc\u015f\u00fcn\u00fcyor. Ba\u015fkan\u0131m &#8216;Bizim ar\u0131tmay\u0131 bu d\u00f6nem l\u00fctfen yap\u0131n, biliyorum maliyeti \u00e7ok y\u00fcksek. Sak\u0131n ola Ayd\u0131nc\u0131k&#8217;\u0131n n\u00fcfusu az, bunun maliyeti \u00e7ok deme benim hat\u0131r\u0131m var. Ben senin karde\u015finim ba\u015fkan\u0131m, \u00e7ok istiyorum bunu&#8217; diyor. \u0130\u015fte size b\u00f6yle di\u015fiyle, t\u0131rna\u011f\u0131yla, memleketine, g\u00f6rev yapt\u0131\u011f\u0131 yere, gece-g\u00fcnd\u00fcz \u00e7al\u0131\u015f\u0131p \u00fcreten bir Ba\u015fkan laz\u0131md\u0131&#8221; diyerek, hep bu anlay\u0131\u015fla \u00e7al\u0131\u015facaklar\u0131n\u0131 vurgulad\u0131.<\/p>\n<p>&#8220;Sanat\u0131n ve k\u00fclt\u00fcr\u00fcn olmad\u0131\u011f\u0131 yerde toplum \u00e7\u00fcr\u00fcr&#8221;<\/p>\n<p>Akdeniz&#8217;in g\u00fczel bir yaz ak\u015fam\u0131nda Ayd\u0131nc\u0131k&#8217;\u0131n temiz havas\u0131nda yaza veda ettiklerini belirten Se\u00e7er, &#8220;Biz sanat\u0131, sanat\u00e7\u0131y\u0131 seviyoruz. Sanat\u0131n ve k\u00fclt\u00fcr\u00fcn olmad\u0131\u011f\u0131 yerde toplum \u00e7\u00fcr\u00fcr. Sanat da, sanat\u00e7\u0131 da bizim i\u00e7in \u00f6nemlidir, de\u011ferlidir. Bir toplumun k\u00fclt\u00fcr\u00fc, sanat\u00e7\u0131s\u0131, yazar\u0131, \u015fairi, \u00e7izeri vard\u0131r. E\u011fer yoksa o toplum s\u00f6nm\u00fc\u015ft\u00fcr, bitmi\u015ftir, yok olmu\u015ftur. Bu topraklarda binlerce y\u0131ld\u0131r ya\u015fayan milletimizin k\u00fclt\u00fcr\u00fc, sanat\u0131, \u015fairi, Hac\u0131 Bekta\u015f&#8217;\u0131, Pir Sultan Abdal&#8217;\u0131, Ya\u015far Kemal&#8217;i, d\u00fcnyada ses getiren Naz\u0131m Hikmet&#8217;i vard\u0131r. Bu topraklar bu sanat\u00e7\u0131lar\u0131 yeti\u015ftirdi, bu d\u00fc\u015f\u00fcn\u00fcrleri yeti\u015ftirdi, bu \u00f6nderleri yeti\u015ftirdi&#8221; diyerek, etkinlikte sanat\u0131n\u0131 icra edecek olan sanat\u00e7\u0131lara te\u015fekk\u00fcr ederek konu\u015fmas\u0131n\u0131 sonland\u0131rd\u0131.<\/p>\n<p>K\u0131l\u0131\u00e7arpa: &#8220;Ba\u015fkan Se\u00e7er&#8217;e desteklerinden, bize g\u00fcvendiklerinden dolay\u0131 \u00e7ok te\u015fekk\u00fcr ediyorum&#8221;<\/p>\n<p>K\u0131s\u0131tl\u0131 alanlarda \u00fcretim yapmaya devam eden Ayd\u0131nc\u0131k halk\u0131n\u0131n e\u011flenmeyi hakketti\u011fini kaydederek konu\u015fmas\u0131na ba\u015flayan Ayd\u0131nc\u0131k Belediye Ba\u015fkan\u0131 \u00d6zkan K\u0131l\u0131\u00e7arpa, &#8220;Ben ailemle gurur duyuyorum. Benim ailem \u00e7al\u0131\u015fkand\u0131r, g\u00fcvenilirdir, \u00f6zverilidir. Bu memleketin her kar\u0131\u015f topra\u011f\u0131n\u0131 oya i\u015fler gibi i\u015fleyerek \u00fcrettikleri \u00fcr\u00fcnlerinden kazand\u0131klar\u0131 paran\u0131n da k\u0131ymetini \u00e7ok iyi bilir. Bunlar bizi bir araya getiren, bizi bir arada tutan ve birbirimize daha s\u0131k\u0131, daha samimi olarak sar\u0131lmam\u0131z\u0131 sa\u011flayan etkinliklerdir&#8221; diyerek, etkinlikte b\u00fcy\u00fck eme\u011fi olan Ba\u015fkan Se\u00e7er&#8217;e te\u015fekk\u00fcr etti. Ba\u015fkan Se\u00e7er&#8217;e &#8216;\u0130yi ki vars\u0131n\u0131z&#8217; diyen K\u0131l\u0131\u00e7arpa, &#8221; &#8216;Daha iyi, ya\u015fanabilir, kaliteli bir Ayd\u0131nc\u0131k m\u00fcmk\u00fcn&#8217; demi\u015ftik. Bu odakta durmadan \u00e7al\u0131\u015f\u0131yoruz, \u00e7abal\u0131yoruz. En \u00f6nemli destek\u00e7imiz olan B\u00fcy\u00fck\u015fehir Belediye Ba\u015fkan\u0131m\u0131z Vahap Se\u00e7er&#8217;e, katk\u0131lar\u0131ndan, bize g\u00fcvendiklerinden ve inand\u0131klar\u0131ndan dolay\u0131 \u00e7ok te\u015fekk\u00fcr ediyorum. \u0130yi ki varlar&#8221; diyerek, konu\u015fmas\u0131n\u0131 sonland\u0131rd\u0131.<\/p>\n<p>Festivalde, Cumhuriyet Halk Partisi (CHP) Mersin Milletvekilleri G\u00fclcan K\u0131\u015f, Talat Din\u00e7er ve Hasan Ufuk \u00c7ak\u0131r da birer konu\u015fma ger\u00e7ekle\u015ftirdi.<\/p>\n<p>Festival; konu\u015fmalar\u0131n ard\u0131ndan \u00fcnl\u00fc sanat\u00e7\u0131 Zara&#8217;n\u0131n, Ayd\u0131nc\u0131k halk\u0131 i\u00e7in birbirinden g\u00fczel \u015fark\u0131lar seslendirmesiyle sona erdi.<\/p>\n","protected":false},"excerpt":{"rendered":"<p>Mersin B\u00fcy\u00fck\u015fehir Belediye Ba\u015fkan\u0131 Vahap Se\u00e7er, Ayd\u0131nc\u0131k Belediyesi taraf\u0131ndan d\u00fczenlenen &#8216;1. Ayd\u0131nc\u0131k Yaza Veda Festivali&#8217;ne kat\u0131ld\u0131. Ayd\u0131nc\u0131k&#8217;\u0131, Ayd\u0131nc\u0131k Belediyesi ile beraber kalk\u0131nd\u0131r\u0131p b\u00fcy\u00fcteceklerini s\u00f6yleyen Se\u00e7er, &#8220;Bu \u00fclkeyi Atat\u00fcrk&#8217;\u00fcn pe\u015finden giden &hellip; <a href=\"https:\/\/akdenizolaygazetesi.com\/?p=31657\" class=\"more-link\">Devam\u0131n\u0131 Oku&#8230;<\/a><\/p>\n","protected":false},"author":2,"featured_media":31658,"comment_status":"open","ping_status":"open","sticky":false,"template":"","format":"standard","meta":[],"categories":[1,2,3],"tags":[],"_links":{"self":[{"href":"https:\/\/akdenizolaygazetesi.com\/index.php?rest_route=\/wp\/v2\/posts\/31657"}],"collection":[{"href":"https:\/\/akdenizolaygazetesi.com\/index.php?rest_route=\/wp\/v2\/posts"}],"about":[{"href":"https:\/\/akdenizolaygazetesi.com\/index.php?rest_route=\/wp\/v2\/types\/post"}],"author":[{"embeddable":true,"href":"https:\/\/akdenizolaygazetesi.com\/index.php?rest_route=\/wp\/v2\/users\/2"}],"replies":[{"embeddable":true,"href":"https:\/\/akdenizolaygazetesi.com\/index.php?rest_route=%2Fwp%2Fv2%2Fcomments&post=31657"}],"version-history":[{"count":1,"href":"https:\/\/akdenizolaygazetesi.com\/index.php?rest_route=\/wp\/v2\/posts\/31657\/revisions"}],"predecessor-version":[{"id":31659,"href":"https:\/\/akdenizolaygazetesi.com\/index.php?rest_route=\/wp\/v2\/posts\/31657\/revisions\/31659"}],"wp:featuredmedia":[{"embeddable":true,"href":"https:\/\/akdenizolaygazetesi.com\/index.php?rest_route=\/wp\/v2\/media\/31658"}],"wp:attachment":[{"href":"https:\/\/akdenizolaygazetesi.com\/index.php?rest_route=%2Fwp%2Fv2%2Fmedia&parent=31657"}],"wp:term":[{"taxonomy":"category","embeddable":true,"href":"https:\/\/akdenizolaygazetesi.com\/index.php?rest_route=%2Fwp%2Fv2%2Fcategories&post=31657"},{"taxonomy":"post_tag","embeddable":true,"href":"https:\/\/akdenizolaygazetesi.com\/index.php?rest_route=%2Fwp%2Fv2%2Ftags&post=31657"}],"curies":[{"name":"wp","href":"https:\/\/api.w.org\/{rel}","templated":true}]}}