{"id":31664,"date":"2024-08-26T13:32:44","date_gmt":"2024-08-26T10:32:44","guid":{"rendered":"http:\/\/akdenizolaygazetesi.com\/?p=31664"},"modified":"2024-08-26T13:32:44","modified_gmt":"2024-08-26T10:32:44","slug":"yenisehir-belediyesi-bir-haftada-uc-buyuk-projenin-temelini-atti","status":"publish","type":"post","link":"https:\/\/akdenizolaygazetesi.com\/?p=31664","title":{"rendered":"Yeni\u015fehir Belediyesi bir haftada \u00fc\u00e7 b\u00fcy\u00fck projenin temelini att\u0131"},"content":{"rendered":"<p>Mersin Yeni\u015fehir Belediyesi, ge\u00e7ti\u011fimiz hafta k\u00fct\u00fcphane ve taziyeevinden olu\u015fan Emine Halil Aydemir K\u00fclt\u00fcr Kompleksi, B\u00fclent Celal \u0130lkokulu ile Leyla K\u00fcrk Kent K\u00fct\u00fcphanesi ve Sosyal Tesisleri projelerinin temelini att\u0131. Yeni\u015fehir Belediye Ba\u015fkan\u0131 Abdullah \u00d6zyi\u011fit, Yeni\u015fehirlilere verdikleri s\u00f6z\u00fc yerine getirmenin mutlulu\u011funu ya\u015fad\u0131klar\u0131n\u0131 ve kentin geli\u015fimi i\u00e7in \u00e7al\u0131\u015fmaya devam edeceklerini s\u00f6yledi.<br \/>\nE\u011fitim, k\u00fclt\u00fcr ve sosyal alanlarda att\u0131\u011f\u0131 ad\u0131mlarla, Yeni\u015fehir\u2019i T\u00fcrkiye\u2019nin en \u00f6nde gelen il\u00e7elerinden biri haline getirmeyi hedefleyen Yeni\u015fehir Belediyesi, halk\u0131n ihtiya\u00e7lar\u0131n\u0131 \u00f6n planda tutarak kal\u0131c\u0131 \u00e7\u00f6z\u00fcmler \u00fcretiyor.  Yeni\u015fehir Belediye Ba\u015fkan\u0131 Abdullah \u00d6zyi\u011fit\u2019in \u00f6nderli\u011finde hayata ge\u00e7irilen projeler, Yeni\u015fehir\u2019in geli\u015fimini h\u0131zland\u0131r\u0131rken ayn\u0131 zamanda vatanda\u015flar\u0131n ya\u015fam kalitesini de art\u0131r\u0131yor.  Kapsaml\u0131 projeler kentin gelece\u011fini \u015fekillendiriyor ve geli\u015fimin kilometre ta\u015flar\u0131n\u0131 olu\u015fturuyor.<br \/>\nEri\u015filebilir k\u00fct\u00fcphaneler ve ders \u00e7al\u0131\u015fma alanlar\u0131 olu\u015fturuluyor<br \/>\nYeni\u015fehir Belediyesi, bir haftal\u0131k s\u00fcre\u00e7te iki mahallede \u00fc\u00e7 b\u00fcy\u00fck projenin temelini att\u0131. \u0130lk olarak k\u00fct\u00fcphane ve taziyeevinden olu\u015fan Yeni\u015fehir Belediyesi Emine-Halil Aydemir K\u00fclt\u00fcr Kompleksi\u2019nin temeli atld\u0131. E\u011fri\u00e7am Mahallesi\u2019nde yer alan kompleks konumu itibariyle Akkent ve Bat\u0131kent mahallesinden ya\u015fayan vatanda\u015flara da hitap edecek. Proje daha \u00f6nce Mente\u015f Mahallesi\u2019nde in\u015fa edilerek, hizmete a\u00e7\u0131lan Yeni\u015fehir Belediyesi Kerimo\u011flu K\u00fclt\u00fcr Kompleksi\u2019nin devam\u0131 niteli\u011fi ta\u015f\u0131yor. Yeni\u015fehir Belediye Ba\u015fkan\u0131 Abdullah \u00d6zyi\u011fit, i\u00e7erisinde ders \u00e7al\u0131\u015fma alanlar\u0131n\u0131n da oldu\u011fu eri\u015filebilir k\u00fct\u00fcphaneleri kentin her noktas\u0131na yaymay\u0131 hedeflediklerini ifade etti. Bir\u00e7ok \u00e7ocu\u011fun evinde ders \u00e7al\u0131\u015fma ortam\u0131 bulunmad\u0131\u011f\u0131na dikkat \u00e7eken Ba\u015fkan \u00d6zyi\u011fit, bu projeleri e\u011fitimde f\u0131rsat e\u015fitsizli\u011fini ortadan kald\u0131rman\u0131n bir ad\u0131m\u0131 olarak nitelendirdi.<br \/>\nBETEM\u2019deki e\u011fitimin modeli ilkokul seviyesine ta\u015f\u0131n\u0131yor<br \/>\nK\u00fclt\u00fcr kompleksi projesinin ard\u0131ndan Fuat Morel Mahallesi\u2019nde Yeni\u015fehir Belediyesi B\u00fclent Celal Oktay \u0130lkokulu\u2019nun temeli at\u0131ld\u0131. 320 \u00f6\u011frenci kapasiteli ilkokulda, Yeni\u015fehir Belediyesi taraf\u0131ndan T\u00fcrkiye\u2019de bir ilk olarak hayata ge\u00e7irilen Beceri Temelli E\u011fitim Merkezi(BETEM)\u2019nde \u00e7ocuklar\u0131n potansiyellerinin ortaya \u00e7\u0131kar\u0131ld\u0131\u011f\u0131 e\u011fitim modeli de uygulanacak. 2025 y\u0131l\u0131nda \u00f6\u011frenci al\u0131m\u0131na ba\u015flayacaklar\u0131 ilkokul ilgili konu\u015fan Yeni\u015fehir Belediye Ba\u015fkan\u0131 Abdullah \u00d6zyi\u011fit, ba\u015flatt\u0131klar\u0131 e\u011fitim modelinin \u00e7ocuklar\u0131n bilgiyi nas\u0131l kullanacaklar\u0131n\u0131, sorunlar\u0131 nas\u0131l \u00e7\u00f6zeceklerini ve yarat\u0131c\u0131 d\u00fc\u015f\u00fcnmeyi nas\u0131l geli\u015ftireceklerini \u00f6\u011freten bir yakla\u015f\u0131m\u0131 i\u00e7erdi\u011fini s\u00f6yledi.  BETEM\u2019deki e\u011fitimin modelini ilkokul seviyesine de ta\u015f\u0131yacaklar\u0131n\u0131 kaydeden Ba\u015fkan \u00d6zyi\u011fit, \u00e7ocuklar\u0131n var olan potansiyelini ortaya \u00e7\u0131kararak,  onlar\u0131 yar\u0131n\u0131n d\u00fcnyas\u0131nda s\u00f6z sahibi olacak bireyler olarak yeti\u015fmelerini hedeflediklerini dile getirdi.<br \/>\nKentin en b\u00fcy\u00fck k\u00fct\u00fcphanesi ile Mersin ilk \u00e7ocuk k\u00fct\u00fcphanesi ve oyuncak m\u00fczesi kurulacak<br \/>\nMersin\u2019in en yo\u011fun caddelerinden biri olan Gazi Mustafa Kemal Bulvar\u0131 \u00fczerinde temeli at\u0131lan ve 6 ay i\u00e7erisinde hizmete a\u00e7\u0131lmas\u0131 hedeflenen proje ise b\u00fcy\u00fck halk k\u00fct\u00fcphanesi, oyuncak m\u00fczesi ve \u00e7ocuk k\u00fct\u00fcphanesinden olu\u015fuyor. Yeni\u015fehir Belediyesi Leyla K\u00fcrk Kent K\u00fct\u00fcphanesi ve Sosyal Tesisleri ad\u0131n\u0131 ta\u015f\u0131yan proje ile kentin en b\u00fcy\u00fck k\u00fct\u00fcphanesi, Mersin\u2019in ilk \u00e7ocuk k\u00fct\u00fcphanesi ve oyuncak m\u00fczesi kurulacak. Ba\u015fkan Abdullah \u00d6zyi\u011fit, k\u00fct\u00fcphanede yer alacak kafeteryada 25 y\u0131l boyunca \u00e7ay, su ve \u00e7orban\u0131n vatanda\u015flar i\u00e7in \u00fccretsiz olaca\u011f\u0131n\u0131 s\u00f6yledi. \u00d6zyi\u011fit, oyuncak m\u00fczesini sanat\u00e7\u0131 Sunay Ak\u0131n ile birlikte olu\u015fturacaklar\u0131n\u0131 da ekledi.<br \/>\n\u201cProjelere yap\u0131lan ba\u011f\u0131\u015flar iyi belediyecilik anlay\u0131\u015f\u0131na duyulan g\u00fcvenin bir par\u00e7as\u0131\u201d<br \/>\nYeni\u015fehir Belediyesi \u00fc\u00e7 b\u00fcy\u00fck projeyi de hay\u0131rsever vatanda\u015flar\u0131n destekleriyle in\u015fa ediyor. Ba\u015fkan \u00d6zyi\u011fit, ba\u011f\u0131\u015f\u00e7\u0131lara Yeni\u015fehir halk\u0131 ad\u0131na te\u015fekk\u00fcr ederek, kentte olu\u015fturduklar\u0131 dayan\u0131\u015fmac\u0131 belediyecilik anlay\u0131\u015f\u0131na dikkat \u00e7ekti. Bu ba\u011f\u0131\u015flar\u0131n iyi belediyecilik anlay\u0131\u015f\u0131na duyulan g\u00fcvenin bir par\u00e7as\u0131 oldu\u011funu ifade eden \u00d6zyi\u011fit, projelerin Yeni\u015fehir\u2019e ve Mersin\u2019e hay\u0131rl\u0131 olmas\u0131n\u0131 diledi. <\/p>\n","protected":false},"excerpt":{"rendered":"<p>Mersin Yeni\u015fehir Belediyesi, ge\u00e7ti\u011fimiz hafta k\u00fct\u00fcphane ve taziyeevinden olu\u015fan Emine Halil Aydemir K\u00fclt\u00fcr Kompleksi, B\u00fclent Celal \u0130lkokulu ile Leyla K\u00fcrk Kent K\u00fct\u00fcphanesi ve Sosyal Tesisleri projelerinin temelini att\u0131. Yeni\u015fehir Belediye &hellip; <a href=\"https:\/\/akdenizolaygazetesi.com\/?p=31664\" class=\"more-link\">Devam\u0131n\u0131 Oku&#8230;<\/a><\/p>\n","protected":false},"author":2,"featured_media":31665,"comment_status":"open","ping_status":"open","sticky":false,"template":"","format":"standard","meta":[],"categories":[1,2,3],"tags":[],"_links":{"self":[{"href":"https:\/\/akdenizolaygazetesi.com\/index.php?rest_route=\/wp\/v2\/posts\/31664"}],"collection":[{"href":"https:\/\/akdenizolaygazetesi.com\/index.php?rest_route=\/wp\/v2\/posts"}],"about":[{"href":"https:\/\/akdenizolaygazetesi.com\/index.php?rest_route=\/wp\/v2\/types\/post"}],"author":[{"embeddable":true,"href":"https:\/\/akdenizolaygazetesi.com\/index.php?rest_route=\/wp\/v2\/users\/2"}],"replies":[{"embeddable":true,"href":"https:\/\/akdenizolaygazetesi.com\/index.php?rest_route=%2Fwp%2Fv2%2Fcomments&post=31664"}],"version-history":[{"count":1,"href":"https:\/\/akdenizolaygazetesi.com\/index.php?rest_route=\/wp\/v2\/posts\/31664\/revisions"}],"predecessor-version":[{"id":31666,"href":"https:\/\/akdenizolaygazetesi.com\/index.php?rest_route=\/wp\/v2\/posts\/31664\/revisions\/31666"}],"wp:featuredmedia":[{"embeddable":true,"href":"https:\/\/akdenizolaygazetesi.com\/index.php?rest_route=\/wp\/v2\/media\/31665"}],"wp:attachment":[{"href":"https:\/\/akdenizolaygazetesi.com\/index.php?rest_route=%2Fwp%2Fv2%2Fmedia&parent=31664"}],"wp:term":[{"taxonomy":"category","embeddable":true,"href":"https:\/\/akdenizolaygazetesi.com\/index.php?rest_route=%2Fwp%2Fv2%2Fcategories&post=31664"},{"taxonomy":"post_tag","embeddable":true,"href":"https:\/\/akdenizolaygazetesi.com\/index.php?rest_route=%2Fwp%2Fv2%2Ftags&post=31664"}],"curies":[{"name":"wp","href":"https:\/\/api.w.org\/{rel}","templated":true}]}}