{"id":31667,"date":"2024-08-26T13:35:59","date_gmt":"2024-08-26T10:35:59","guid":{"rendered":"http:\/\/akdenizolaygazetesi.com\/?p=31667"},"modified":"2024-08-26T13:35:59","modified_gmt":"2024-08-26T10:35:59","slug":"mezitli-belediyesi-asevinden-ihtiyac-sahiplerinin-sofralarina-uzanan-yolculuk","status":"publish","type":"post","link":"https:\/\/akdenizolaygazetesi.com\/?p=31667","title":{"rendered":"MEZ\u0130TL\u0130 BELED\u0130YES\u0130 A\u015eEV\u0130\u2019NDEN \u0130HT\u0130YA\u00c7 SAH\u0130PLER\u0130N\u0130N SOFRALARINA UZANAN YOLCULUK"},"content":{"rendered":"<p>Mezitli Belediyesi, sosyal belediyecilik anlay\u0131\u015f\u0131n\u0131 en iyi \u015fekilde yans\u0131tan hizmetlerinden biri olan A\u015fevi \u00e7al\u0131\u015fmalar\u0131yla dikkat \u00e7ekiyor. A\u015fevi&#8217;nde yap\u0131lan yemekler her g\u00fcn Mezitli&#8217;de ki ihtiya\u00e7 sahiplerinin sofralar\u0131na servis ediliyor. Mezitli Belediye Ba\u015fkan\u0131 Ahmet Serkan Tuncer, &#8220;Kalpten Kalbe Bir Yol Vard\u0131r, G\u00f6r\u00fclmez&#8221; bir ka\u015f\u0131k s\u0131cakl\u0131k, binlerce g\u00fcl\u00fcmsemeye bedeldir diyerek \u00e7\u0131kt\u0131\u011f\u0131m\u0131z bu yolda kazanlar\u0131m\u0131z ihtiya\u00e7 sahibi vatanda\u015flar\u0131m\u0131z i\u00e7in kayn\u0131yor.&#8221; dedi.<\/p>\n<p>Mezitli Belediyesi A\u015f Evi&#8217;nde haz\u0131rlanan ve sofralara uzanan yemeklerin yolculu\u011fu her g\u00fcn yo\u011fun hummal\u0131 bir \u00e7al\u0131\u015fma ile y\u00fcr\u00fct\u00fcl\u00fcyor. Rutin olarak her sabah a\u015fevinde mesai, sabah saat 06.30&#8217;te ba\u015fl\u0131yor. Dayan\u0131\u015fman\u0131n ve yard\u0131mla\u015fman\u0131n sa\u00e7 aya\u011f\u0131n\u0131 olu\u015fturan a\u015fevinde, alan\u0131nda uzman a\u015f\u00e7\u0131larca her g\u00fcn s\u0131cak yemek haz\u0131rlan\u0131yor.<\/p>\n<p>YEMEKLER D\u00dcZENL\u0130 OLARAK DA\u011eITILIYOR<\/p>\n<p>A\u015fevi&#8217;ndehafta i\u00e7i her g\u00fcn, sabah erken saatlerde paketlenerek haz\u0131rlanan s\u0131cak yemekler, ya\u015fl\u0131, kimsesiz ve \u00f6zel gereksinimli vatanda\u015flar\u0131n evlerine g\u00f6t\u00fcr\u00fclerek teslim ediliyor. Bu hizmetten faydalanan 122 aile, yakla\u015f\u0131k 450 ki\u015fi, s\u0131cak ve sa\u011fl\u0131kl\u0131 yemeklerle bulu\u015fuyor.Ayr\u0131ca haftan\u0131n iki g\u00fcn\u00fc marketlerden gelen \u015fark\u00fcteri ba\u011f\u0131\u015flar\u0131 da vatanda\u015flara ula\u015ft\u0131r\u0131l\u0131yor.<\/p>\n<p>BA\u015eKAN TUNCER; &#8220;SOSYAL BELED\u0130YEC\u0130L\u0130K ANLAYI\u015eIMIZI \u00d6NEMS\u0130YORUZ&#8221;<\/p>\n<p>Mezitli Belediye Ba\u015fkan\u0131 Ahmet Serkan Tuncer, A\u015fevinin \u00f6nemine vurgu yaparak, &#8220;Mezitli Belediyesi olarak, ihtiya\u00e7 sahibi vatanda\u015flar\u0131m\u0131z\u0131n s\u0131cak ve sa\u011fl\u0131kl\u0131 bir \u00f6\u011f\u00fcne eri\u015fmesi i\u00e7in t\u00fcm gayretimizle \u00e7al\u0131\u015f\u0131yoruz. Sosyal belediyecilik slogan\u0131yla \u00e7\u0131kt\u0131\u011f\u0131m\u0131z bu yolda hi\u00e7 kimseyi ay\u0131rt etmeden her kesime ula\u015fmaya \u00f6zen g\u00f6steriyoruz.  Gelin, a\u015fevimizde hep birlikte ihtiya\u00e7 sahibi vatanda\u015flar\u0131m\u0131za s\u0131cak bir a\u015f olal\u0131m. Bu g\u00fczel dayan\u0131\u015fmaya sizlerin de katk\u0131 sunmas\u0131n\u0131 istiyorum. Destekleriniz i\u00e7in \u015fimdiden te\u015fekk\u00fcr ediyorum.&#8221; dedi.<\/p>\n","protected":false},"excerpt":{"rendered":"<p>Mezitli Belediyesi, sosyal belediyecilik anlay\u0131\u015f\u0131n\u0131 en iyi \u015fekilde yans\u0131tan hizmetlerinden biri olan A\u015fevi \u00e7al\u0131\u015fmalar\u0131yla dikkat \u00e7ekiyor. A\u015fevi&#8217;nde yap\u0131lan yemekler her g\u00fcn Mezitli&#8217;de ki ihtiya\u00e7 sahiplerinin sofralar\u0131na servis ediliyor. Mezitli Belediye &hellip; <a href=\"https:\/\/akdenizolaygazetesi.com\/?p=31667\" class=\"more-link\">Devam\u0131n\u0131 Oku&#8230;<\/a><\/p>\n","protected":false},"author":2,"featured_media":31668,"comment_status":"open","ping_status":"open","sticky":false,"template":"","format":"standard","meta":[],"categories":[1,2,3],"tags":[],"_links":{"self":[{"href":"https:\/\/akdenizolaygazetesi.com\/index.php?rest_route=\/wp\/v2\/posts\/31667"}],"collection":[{"href":"https:\/\/akdenizolaygazetesi.com\/index.php?rest_route=\/wp\/v2\/posts"}],"about":[{"href":"https:\/\/akdenizolaygazetesi.com\/index.php?rest_route=\/wp\/v2\/types\/post"}],"author":[{"embeddable":true,"href":"https:\/\/akdenizolaygazetesi.com\/index.php?rest_route=\/wp\/v2\/users\/2"}],"replies":[{"embeddable":true,"href":"https:\/\/akdenizolaygazetesi.com\/index.php?rest_route=%2Fwp%2Fv2%2Fcomments&post=31667"}],"version-history":[{"count":1,"href":"https:\/\/akdenizolaygazetesi.com\/index.php?rest_route=\/wp\/v2\/posts\/31667\/revisions"}],"predecessor-version":[{"id":31669,"href":"https:\/\/akdenizolaygazetesi.com\/index.php?rest_route=\/wp\/v2\/posts\/31667\/revisions\/31669"}],"wp:featuredmedia":[{"embeddable":true,"href":"https:\/\/akdenizolaygazetesi.com\/index.php?rest_route=\/wp\/v2\/media\/31668"}],"wp:attachment":[{"href":"https:\/\/akdenizolaygazetesi.com\/index.php?rest_route=%2Fwp%2Fv2%2Fmedia&parent=31667"}],"wp:term":[{"taxonomy":"category","embeddable":true,"href":"https:\/\/akdenizolaygazetesi.com\/index.php?rest_route=%2Fwp%2Fv2%2Fcategories&post=31667"},{"taxonomy":"post_tag","embeddable":true,"href":"https:\/\/akdenizolaygazetesi.com\/index.php?rest_route=%2Fwp%2Fv2%2Ftags&post=31667"}],"curies":[{"name":"wp","href":"https:\/\/api.w.org\/{rel}","templated":true}]}}