{"id":31670,"date":"2024-08-28T12:25:05","date_gmt":"2024-08-28T09:25:05","guid":{"rendered":"http:\/\/akdenizolaygazetesi.com\/?p=31670"},"modified":"2024-08-28T12:25:05","modified_gmt":"2024-08-28T09:25:05","slug":"buyuksehirden-uluslararasi-gulnar-bilim-ve-kultur-etkinlikleri","status":"publish","type":"post","link":"https:\/\/akdenizolaygazetesi.com\/?p=31670","title":{"rendered":"B\u00dcY\u00dcK\u015eEH\u0130R\u2019DEN \u2018ULUSLARARASI G\u00dcLNAR B\u0130L\u0130M VE K\u00dcLT\u00dcR ETK\u0130NL\u0130KLER\u0130"},"content":{"rendered":"<p>Her y\u0131l geleneksel olarak d\u00fczenlenen ve bu y\u0131l 7.&#8217;si ger\u00e7ekle\u015ftirilen\u00a0&#8216;Uluslararas\u0131 G\u00fclnar Bilim ve K\u00fclt\u00fcr Etkinlikleri&#8217;, Mersin B\u00fcy\u00fck\u015fehir Belediyesi ve \u00e7e\u015fitli kurumlar\u0131n destekleriyle ba\u015flad\u0131. Yurt i\u00e7i ve yurt d\u0131\u015f\u0131ndan pek \u00e7ok akademisyen ve sanat\u00e7\u0131 ile birlikte, G\u00fclnar halk\u0131n\u0131n yan\u0131 s\u0131ra merkezden pek \u00e7ok vatanda\u015f\u0131n da kat\u0131ld\u0131\u011f\u0131 etkinlik; at\u00f6lyelerden \u00e7al\u0131\u015ftaylara, resim ve heykel sergisinden panellere kadar bu sene de zengin bir i\u00e7erikle ger\u00e7ekle\u015ftiriliyor. Her g\u00fcn dolu dolu programlar\u0131n yer ald\u0131\u011f\u0131 etkinlik dizisi, 30 A\u011fustos Cuma g\u00fcn\u00fcne kadar devam edecek.<\/p>\n<p>Mersin B\u00fcy\u00fck\u015fehir Belediyesi ve \u00e7e\u015fitli kurumlar\u0131n destekleriyle her y\u0131l geleneksel olarak d\u00fczenlenen, bu y\u0131l da 7.&#8217;si ger\u00e7ekle\u015ftirilen\u00a0&#8216;Uluslararas\u0131 G\u00fclnar Bilim ve K\u00fclt\u00fcr Etkinlikleri&#8217;\u00a0ba\u015flad\u0131. Genel Koordinat\u00f6rl\u00fc\u011f\u00fc&#8217;n\u00fc Prof. Dr. Ay\u015fe \u00c7al\u0131k Ross&#8217;un \u00fcstlendi\u011fi ve \u015eehit Ertu\u011frul Ulup\u0131nar K\u00fclt\u00fcr Merkezi&#8217;nde d\u00fczenlenen etkinlik bu y\u0131l,\u00a0&#8216;G\u00fclnar Belediyesi&#8217;nin kurulu\u015funun 100&#8217;nc\u00fc&#8217;,\u00a0&#8216;K\u0131br\u0131s Bar\u0131\u015f Harekat\u0131&#8217;n\u0131n 50&#8217;nci&#8217;\u00a0ve\u00a0&#8216;Cumhuriyet d\u00f6neminin ilk hava harp \u015fehidi Pilot Y\u00fczba\u015f\u0131 Cengiz Topel&#8217;in vefat\u0131n\u0131n 60&#8217;nc\u0131 y\u0131l d\u00f6n\u00fcm\u00fc&#8217;\u00a0temalar\u0131yla i\u015fleniyor.<\/p>\n<p>Mersin B\u00fcy\u00fck\u015fehir Belediyesi K\u00fclt\u00fcr ve Sosyal \u0130\u015fler Daire Ba\u015fkanl\u0131\u011f\u0131&#8217;na ba\u011fl\u0131 bandonun birbirinden g\u00fczel \u015fark\u0131 ve mar\u015flar\u0131yla ba\u015flayan a\u00e7\u0131l\u0131\u015f program\u0131; bu sene de at\u00f6lyelerden \u00e7al\u0131\u015ftaylara, resim ve heykel sergisinden panellere kadar zengin bir i\u00e7erikle ger\u00e7ekle\u015ftiriliyor. Yurt i\u00e7i ve yurt d\u0131\u015f\u0131ndan pek \u00e7ok akademisyen ve sanat\u00e7\u0131 ile birlikte, G\u00fclnar halk\u0131n\u0131n yan\u0131 s\u0131ra merkezden pek \u00e7ok vatanda\u015f\u0131n da kat\u0131ld\u0131\u011f\u0131 etkinlik, hem yerel hem uluslararas\u0131 d\u00fczeyde bilgi, sanat ve k\u00fclt\u00fcr etkile\u015fiminin geli\u015fmesine de katk\u0131 sunuyor.<\/p>\n<p>Etkinlikte, ge\u00e7ti\u011fimiz y\u0131llarda G\u00fclnar&#8217;da orman yang\u0131nlar\u0131nda yanm\u0131\u015f \u00e7am k\u00fct\u00fcklerden yontulan heykeller, el i\u015fi ve geri d\u00f6n\u00fc\u015f\u00fcmden elde edilmi\u015f sanat eserleri ile G\u00fclnarl\u0131 kad\u0131nlar\u0131n foto\u011fraf sergisi, kat\u0131lanlardan yo\u011fun ilgi g\u00f6rd\u00fc. Etkinlik ak\u015fam ise, K\u00fclt\u00fcr ve Sosyal \u0130\u015fler Dairesi Ba\u015fkanl\u0131\u011f\u0131 b\u00fcnyesindeki Kent Orkestras\u0131&#8217;n\u0131n verdi\u011fi konserle devam etti. Konserde hep birlikte \u015fark\u0131 s\u00f6yleyen vatanda\u015flar, \u00e7al\u0131nan hareketli par\u00e7alar e\u015fli\u011finde de keyifli vakit ge\u00e7irdi.<\/p>\n<p>G\u00fclnarl\u0131 ve misafir yazarlar\u0131n imza saatleri, resim, heykel ve geri d\u00f6n\u00fc\u015f\u00fcm at\u00f6lyeleri, seramik yap\u0131m\u0131 ve el sanatlar\u0131 faaliyetleri ile birlikte akademisyen sunumlar\u0131n\u0131n yer ald\u0131\u011f\u0131 etkinlik dizisi, 30 A\u011fustos Cuma g\u00fcn\u00fc son bulacak.<\/p>\n<p>Prof. Ross: &#8220;Bu k\u00fclt\u00fcrel faaliyetler, k\u0131rsal kalk\u0131nmaya \u00e7ok b\u00fcy\u00fck katk\u0131 sunuyor&#8221;<\/p>\n<p>7. Uluslararas\u0131 G\u00fclnar Bilim ve K\u00fclt\u00fcr Etkinlikleri&#8217;nin Genel Koordinat\u00f6rl\u00fc\u011f\u00fc&#8217;n\u00fc yapan Prof. Dr. Ay\u015fe \u00c7al\u0131k Ross, Mersin B\u00fcy\u00fck\u015fehir Belediyesi&#8217;nin etkinli\u011fe sunmu\u015f oldu\u011fu katk\u0131lardan dolay\u0131 te\u015fekk\u00fcrlerini ileterek,\u00a0&#8220;Mersin B\u00fcy\u00fck\u015fehir Belediyesi&#8217;nin katk\u0131s\u0131yla, bu etkinlikleri k\u0131rsalda ger\u00e7ekle\u015ftirebiliyoruz. Son 5 senedir Vahap Ba\u015fkan\u0131m\u0131z, inan\u0131lmaz bir azimle bu etkinliklerin s\u00fcrmesinde bize katk\u0131 sunuyor. Biz de Ba\u015fkan\u0131m\u0131zdan ald\u0131\u011f\u0131m\u0131z feyzle, bu \u015fekilde devam edebiliyoruz. G\u00fclnar \u00e7ok k\u00fc\u00e7\u00fck ve Toros Da\u011flar\u0131&#8217;n\u0131n tepesinde k\u0131rsalda kalm\u0131\u015f bir il\u00e7e. G\u00fclnar&#8217;\u0131n elinden \u00e7ok fazla tutulmu\u015f diyemeyiz. Mersin B\u00fcy\u00fck\u015fehir Belediyesi olmasa, bu etkinli\u011fi yapmam\u0131z da imkans\u0131zd\u0131. Bu k\u00fclt\u00fcrel faaliyetlerin k\u0131rsal kalk\u0131nmaya \u00e7ok b\u00fcy\u00fck katk\u0131s\u0131 oldu\u011funu d\u00fc\u015f\u00fcn\u00fcyoruz. \u00c7\u00fcnk\u00fc G\u00fclnar&#8217;a gelen herkes, G\u00fclnar&#8217;\u0131n sesini b\u00fct\u00fcn d\u00fcnyaya duyuruyor&#8221;\u00a0diye konu\u015ftu.<\/p>\n<p>Kocalar: &#8220;K\u0131rsal\u0131n \u00f6nemsenebilmesi, hi\u00e7bir etkinlikte bu derece yap\u0131lam\u0131yor&#8221;<\/p>\n<p>Etkinlik D\u00fczenleme Kurulu&#8217;nda yer ald\u0131\u011f\u0131n\u0131 ifade eden Ni\u011fde \u00d6mer Halisdemir \u00dcniversitesi Mimarl\u0131k Fak\u00fcltesi \u015eehir ve B\u00f6lge Planlama B\u00f6l\u00fcm\u00fc \u00d6\u011fretim \u00dcyesi Do\u00e7. Dr. Aziz Cumhur Kocalar,\u00a0&#8220;B\u00f6yle etkinlikler \u00e7ok b\u00fcy\u00fck gayretlerle yap\u0131l\u0131yor. Organizasyonun i\u00e7inde k\u0131smen bulundu\u011fum i\u00e7in, bu gayretleri g\u00f6rmezden gelmek m\u00fcmk\u00fcn de\u011fil. T\u00fcrkiye&#8217;nin i\u00e7inde bulundu\u011fu \u015fartlar\u0131n, hele k\u0131rsal\u0131n \u00f6nemsenebilmesi, hi\u00e7bir etkinlikte bu derece yap\u0131lam\u0131yor&#8221;\u00a0dedi.<\/p>\n<p>B\u00f6yle etkinliklerle sorunlar\u0131 te\u015fhis edip, masaya koyduklar\u0131n\u0131 aktaran Kocalar,\u00a0&#8220;Bunlar\u0131n g\u00f6r\u00fcn\u00fcr olmas\u0131 \u00f6nemli. \u00c7\u00fcnk\u00fc halk bunlar\u0131 \u00e7ok g\u00fczel dile getiriyor. Bizim yabanc\u0131 oldu\u011fumuz ge\u00e7mi\u015f ya\u015famlar\u0131 da ara\u015ft\u0131r\u0131p, arkeolojik tabandan ba\u015flayarak tarihsel katmanlar\u0131 ve bu b\u00f6lgeyi tan\u0131mam\u0131z gerekiyor&#8221;\u00a0ifadelerine yer verdi.<\/p>\n<p>Metin: &#8220;Bu etkinli\u011fe bir\u00a0&#8216;sosyalle\u015fme festivali&#8217;\u00a0diyebilirim&#8221;<\/p>\n<p>Etkinli\u011fe Anamur&#8217;dan kat\u0131l\u0131m sa\u011flayan Anamur Do\u011fay\u0131 Konu\u015fturan Kad\u0131n Kooperatifi Ba\u015fkan\u0131 Selma Metin, festivalde bulunmaktan dolay\u0131 duydu\u011fu mutlulu\u011fu ifade ederek,\u00a0&#8220;Do\u011fay\u0131 Konu\u015fturan Kad\u0131n Kooperatifi olarak burada stant a\u00e7t\u0131k. Anamur&#8217;da muz lifleri \u00fcretimi ve bunlardan farkl\u0131 tasar\u0131mlar yap\u0131yoruz. B\u00f6yle festivallere kat\u0131larak da kendi \u00fcr\u00fcnlerimizi tan\u0131t\u0131p sat\u0131\u015f yaparak, \u00fcretici kad\u0131nlar\u0131n el emeklerini sergiliyoruz&#8221;\u00a0diye konu\u015ftu.<\/p>\n<p>Etkinlik sayesinde farkl\u0131 insanlarla tan\u0131\u015fma f\u0131rsat\u0131 elde ettiklerinden de s\u00f6z eden Metin,\u00a0&#8220;Bu etkinli\u011fe bir\u00a0&#8216;sosyalle\u015fme festivali&#8217;\u00a0de diyebilirim. Mersin B\u00fcy\u00fck\u015fehir Belediyemizin kurdu\u011fu \u00e7ad\u0131rlarda, daha \u00e7ok kad\u0131nla tan\u0131\u015f\u0131yoruz. G\u00fclnar&#8217;da bu kadar g\u00fczel bir aktivitenin yap\u0131lmas\u0131, T\u00fcrkiye genelinde b\u00fcy\u00fck bir \u00f6rnek diyebilirim. Her y\u0131l kat\u0131ld\u0131\u011f\u0131m bir festival oldu\u011fu i\u00e7in, buradaki giri\u015fimcili\u011fi, \u00fcretkenli\u011fi ve kad\u0131n dayan\u0131\u015fmas\u0131n\u0131 g\u00f6r\u00fcyorum&#8221;\u00a0ifadelerini kullanarak, eme\u011fi ge\u00e7en herkese te\u015fekk\u00fcrlerini sundu.<\/p>\n<p>\u00a0<\/p>\n<p>Dinleyicilerden Mustafa \u00d6zkan ise etkinli\u011fin \u00e7ok g\u00fczel ge\u00e7ti\u011fini ifade ederek,\u00a0&#8220;Bizim bu t\u00fcr etkinliklere ihtiyac\u0131m\u0131z var. Etkinlik \u00e7ok g\u00fczel ve her zaman olmas\u0131n\u0131 isterim. Ger\u00e7ekten dolu dolu bir programd\u0131. G\u00fclnar&#8217;\u0131n tan\u0131t\u0131m\u0131na da g\u00fczel katk\u0131 sa\u011fl\u0131yor&#8221;\u00a0dedi.<\/p>\n<p>\u00a0<\/p>\n<p>\u00a0<\/p>\n","protected":false},"excerpt":{"rendered":"<p>Her y\u0131l geleneksel olarak d\u00fczenlenen ve bu y\u0131l 7.&#8217;si ger\u00e7ekle\u015ftirilen\u00a0&#8216;Uluslararas\u0131 G\u00fclnar Bilim ve K\u00fclt\u00fcr Etkinlikleri&#8217;, Mersin B\u00fcy\u00fck\u015fehir Belediyesi ve \u00e7e\u015fitli kurumlar\u0131n destekleriyle ba\u015flad\u0131. Yurt i\u00e7i ve yurt d\u0131\u015f\u0131ndan pek \u00e7ok &hellip; <a href=\"https:\/\/akdenizolaygazetesi.com\/?p=31670\" class=\"more-link\">Devam\u0131n\u0131 Oku&#8230;<\/a><\/p>\n","protected":false},"author":2,"featured_media":31671,"comment_status":"open","ping_status":"open","sticky":false,"template":"","format":"standard","meta":[],"categories":[1,2,3],"tags":[],"_links":{"self":[{"href":"https:\/\/akdenizolaygazetesi.com\/index.php?rest_route=\/wp\/v2\/posts\/31670"}],"collection":[{"href":"https:\/\/akdenizolaygazetesi.com\/index.php?rest_route=\/wp\/v2\/posts"}],"about":[{"href":"https:\/\/akdenizolaygazetesi.com\/index.php?rest_route=\/wp\/v2\/types\/post"}],"author":[{"embeddable":true,"href":"https:\/\/akdenizolaygazetesi.com\/index.php?rest_route=\/wp\/v2\/users\/2"}],"replies":[{"embeddable":true,"href":"https:\/\/akdenizolaygazetesi.com\/index.php?rest_route=%2Fwp%2Fv2%2Fcomments&post=31670"}],"version-history":[{"count":1,"href":"https:\/\/akdenizolaygazetesi.com\/index.php?rest_route=\/wp\/v2\/posts\/31670\/revisions"}],"predecessor-version":[{"id":31672,"href":"https:\/\/akdenizolaygazetesi.com\/index.php?rest_route=\/wp\/v2\/posts\/31670\/revisions\/31672"}],"wp:featuredmedia":[{"embeddable":true,"href":"https:\/\/akdenizolaygazetesi.com\/index.php?rest_route=\/wp\/v2\/media\/31671"}],"wp:attachment":[{"href":"https:\/\/akdenizolaygazetesi.com\/index.php?rest_route=%2Fwp%2Fv2%2Fmedia&parent=31670"}],"wp:term":[{"taxonomy":"category","embeddable":true,"href":"https:\/\/akdenizolaygazetesi.com\/index.php?rest_route=%2Fwp%2Fv2%2Fcategories&post=31670"},{"taxonomy":"post_tag","embeddable":true,"href":"https:\/\/akdenizolaygazetesi.com\/index.php?rest_route=%2Fwp%2Fv2%2Ftags&post=31670"}],"curies":[{"name":"wp","href":"https:\/\/api.w.org\/{rel}","templated":true}]}}