{"id":31673,"date":"2024-08-28T12:27:16","date_gmt":"2024-08-28T09:27:16","guid":{"rendered":"http:\/\/akdenizolaygazetesi.com\/?p=31673"},"modified":"2024-08-28T12:27:16","modified_gmt":"2024-08-28T09:27:16","slug":"buyuksehirden-camliyaylada-coskulu-etkinlik","status":"publish","type":"post","link":"https:\/\/akdenizolaygazetesi.com\/?p=31673","title":{"rendered":"B\u00dcY\u00dcK\u015eEH\u0130R\u2019DEN \u00c7AMLIYAYLA\u2019DA CO\u015eKULU ETK\u0130NL\u0130K"},"content":{"rendered":"<p>Mersin B\u00fcy\u00fck\u015fehir Belediyesi K\u00fclt\u00fcr ve Sosyal \u0130\u015fler Dairesi Ba\u015fkanl\u0131\u011f\u0131 taraf\u0131ndan, s\u0131cak yaz g\u00fcnlerine renk katan etkinlikler devam ediyor. Yayla turizminin g\u00f6zde noktalar\u0131ndan \u00c7aml\u0131yayla&#8217;da, B\u00fcy\u00fck\u015fehir Belediyesi taraf\u0131ndan\u00a0&#8216;K\u00f6y Bizim \u015eenlik Bizim&#8217;\u00a0ve\u00a0&#8216;Yayla \u015eenli\u011fi&#8217;\u00a0d\u00fczenlendi. Ard\u0131 ard\u0131na ger\u00e7ekle\u015fen ve \u00e7ocuklar\u0131n doyas\u0131ya e\u011flendikleri programda, T\u00fcrk M\u00fczi\u011fi Konseri ise b\u00fcy\u00fck be\u011feni toplad\u0131.<\/p>\n<p>Mersin B\u00fcy\u00fck\u015fehir Belediyesi K\u00fclt\u00fcr ve Sosyal \u0130\u015fler Dairesi Ba\u015fkanl\u0131\u011f\u0131 taraf\u0131ndan, s\u0131cak yaz g\u00fcnlerine renk katan etkinlikler devam ediyor. Yayla turizminin g\u00f6zde noktalar\u0131ndan \u00c7aml\u0131yayla&#8217;da, B\u00fcy\u00fck\u015fehir Belediyesi taraf\u0131ndan\u00a0&#8216;K\u00f6y Bizim \u015eenlik Bizim&#8217;\u00a0ve\u00a0&#8216;Yayla \u015eenli\u011fi&#8217;\u00a0d\u00fczenlendi. Ard\u0131 ard\u0131na d\u00fczenlenen ve \u00c7aml\u0131yayla Belediyesi \u00f6n\u00fcnde bulunan alanda ger\u00e7ekle\u015fen etkinliklere ilgi \u00e7ok fazlayd\u0131.<\/p>\n<p>Hareketli m\u00fczik e\u015fli\u011finde geleneksel oyunlar\u0131n yan\u0131 s\u0131ra, at\u00f6lye \u00e7al\u0131\u015fmalar\u0131n\u0131n da yap\u0131ld\u0131\u011f\u0131\u00a0&#8216;K\u00f6y Bizim \u015eenlik Bizim&#8217;\u00a0program\u0131nda \u00e7ocuklar doyas\u0131ya e\u011flenirken, B\u00fcy\u00fck\u015fehir&#8217;in ikraml\u0131klar\u0131 ve hediyeleri ile de mutlu oldular.<\/p>\n<p>Ayn\u0131 alanda ak\u015fam saatlerinde ger\u00e7ekle\u015fen\u00a0&#8216;Yayla \u015eenli\u011fi&#8217;nde sahne alan B\u00fcy\u00fck\u015fehir Belediyesi T\u00fcrk M\u00fczi\u011fi Grubu, muhte\u015fem bir konsere imza att\u0131. Halk Oyunlar\u0131 ekibi ise b\u00fcy\u00fck be\u011feni toplad\u0131. Anadolu&#8217;nun dilden dile dola\u015fan eserlerinin seslendirildi\u011fi konsere, vatanda\u015flar da e\u015flik etti.<\/p>\n<p>\u00c7aml\u0131yayla&#8217;da d\u00fczenlenen programlara Mersin B\u00fcy\u00fck\u015fehir Belediyesi Ba\u015fkan Vekili ve Tarsus Belediye Ba\u015fkan Yard\u0131mc\u0131s\u0131 Ali Uyan, \u00c7aml\u0131yayla Belediye Ba\u015fkan\u0131 Mehmet Fatih Sofu, Mersin B\u00fcy\u00fck\u015fehir Belediyesi Tarsus-\u00c7aml\u0131yayla Koordinasyon \u015eube M\u00fcd\u00fcr\u00fc Soner Yetgin, muhtarlar, STK temsilcileri, vatanda\u015flar ve \u00e7ocuklar kat\u0131ld\u0131.<\/p>\n<p>Uyan: &#8220;B\u00fcy\u00fck\u015fehir, vatanda\u015flar\u0131m\u0131z\u0131n ihtiyac\u0131 olan t\u00fcm hizmetleri yerine getiriyor&#8221;<\/p>\n<p>Mersin B\u00fcy\u00fck\u015fehir Belediyesi Ba\u015fkan Vekili ve Tarsus Belediye Ba\u015fkan Yard\u0131mc\u0131s\u0131 Ali Uyan, sosyal etkinliklerin kent geneline renk katt\u0131\u011f\u0131n\u0131 ifade ederek,\u00a0&#8220;Mersin B\u00fcy\u00fck\u015fehir Belediyemizin her alandaki \u00e7al\u0131\u015fmalar\u0131 devam ediyor. Yol da yap\u0131yor, park da yap\u0131yor, katl\u0131 kav\u015fak da yap\u0131yor, kald\u0131r\u0131m da yap\u0131yor. Yani Anamur&#8217;dan \u00c7aml\u0131yayla&#8217;ya kadar vatanda\u015flar\u0131m\u0131z\u0131n ihtiyac\u0131 olan hizmetleri yerine getiriyor. T\u00fcm bunlar\u0131n yan\u0131 s\u0131ra, sosyal ve k\u00fclt\u00fcrel etkinliklerle de sizleri k\u0131ymetli sanat\u00e7\u0131lar\u0131m\u0131zla bulu\u015fturuyor. B\u00f6ylece de gecelerimizin ve g\u00fcnlerimizin g\u00fczel ge\u00e7mesine vesile oluyor. Bu ba\u011flamda Mersin B\u00fcy\u00fck\u015fehir Belediye Ba\u015fkan\u0131m\u0131z Say\u0131n Vahap Se\u00e7er&#8217;e; sizlerle bir araya gelmemize vesile oldu\u011fu i\u00e7in te\u015fekk\u00fcr ediyoruz&#8221;\u00a0dedi.<\/p>\n<p>Sofu: &#8220;Bizim en b\u00fcy\u00fck g\u00fcc\u00fcm\u00fcz ve deste\u011fimiz, Mersin B\u00fcy\u00fck\u015fehir Belediyesi&#8221;<\/p>\n<p>\u00c7aml\u0131yayla Belediye Ba\u015fkan\u0131 Mehmet Fatih Sofu ise, Ba\u015fkan Vahap Se\u00e7er&#8217;e il\u00e7eye verdi\u011fi hizmetlerden dolay\u0131 te\u015fekk\u00fcr ederek,\u00a0&#8220;\u00c7aml\u0131yayla hizmet istiyor, \u00c7aml\u0131yayla hizmete daha rahat ula\u015fmak istiyor. Bunda da bizim en b\u00fcy\u00fck g\u00fcc\u00fcm\u00fcz ve deste\u011fimiz, Mersin B\u00fcy\u00fck\u015fehir Belediyesi ve Mersin B\u00fcy\u00fck\u015fehir Belediye Ba\u015fkan\u0131 Say\u0131n Vahap Se\u00e7er&#8217;dir. Dolay\u0131s\u0131yla Ba\u015fkan\u0131m\u0131za, \u015fimdiye kadar vermi\u015f oldu\u011fu ve bundan sonra da verece\u011fi desteklerden dolay\u0131 te\u015fekk\u00fcr ediyorum&#8221;\u00a0diye konu\u015ftu.<\/p>\n<p>Muhtar Y\u0131lmaz: &#8220;Bu t\u00fcr \u015fenlikler, insanlar\u0131 birbirine daha \u00e7ok ba\u011fl\u0131yor&#8221;<\/p>\n<p>\u00c7aml\u0131yayla&#8217;ya ba\u011fl\u0131 Cumayakas\u0131 Mahallesi Muhtar\u0131 Ahmet Y\u0131lmaz, etkinlikleri \u00e7ok g\u00fczel buldu\u011funu ifade ederek,\u00a0&#8220;B\u00fcy\u00fck\u015fehir Belediye Ba\u015fkan\u0131m\u0131z Vahap Se\u00e7er&#8217;e, ekibine ve \u00c7aml\u0131yayla&#8217;ya hizmet veren herkese te\u015fekk\u00fcr ediyorum. Vahap Bey, bu konuda ger\u00e7ekten \u00e7ok g\u00fczel bir Ba\u015fkanl\u0131k yap\u0131yor. B\u00f6yle \u015fenlikler, insanlar\u0131 birbirine daha \u00e7ok ba\u011fl\u0131yor&#8221;\u00a0dedi.<\/p>\n<p>Muhtar Akku\u015f: &#8220;B\u00fcy\u00fck\u015fehir&#8217;in etkinli\u011fi bizlere moral oluyor&#8221;<\/p>\n<p>\u00c7aml\u0131yayla&#8217;ya ba\u011fl\u0131 \u00c7ay\u0131rekinli\u011fi Mahallesi Muhtar\u0131 Naile Akku\u015f ise, her iki etkinli\u011fin de g\u00fczel ge\u00e7ti\u011fini kaydederek,\u00a0&#8220;\u00c7ocuklar\u0131n e\u011flenceli, halk\u0131n i\u00e7 i\u00e7e oldu\u011fu bu program i\u00e7in Vahap Bey&#8217;e te\u015fekk\u00fcrler. \u00c7ocuk etkinli\u011fimiz \u00e7ok g\u00fczel oldu. \u00c7ocuklar \u00e7ok e\u011flendi. Bu etkinliklerin devam\u0131n\u0131 Ba\u015fkan\u0131m\u0131zdan istiyoruz. B\u00fcy\u00fckler i\u00e7in d\u00fczenlenen etkinlik de bizlere moral oldu&#8221;\u00a0diye konu\u015ftu.<\/p>\n<p>Vatanda\u015flar etkinliklerden duydu\u011fu memnuniyeti dile getirdi<\/p>\n<p>Yaylac\u0131 vatanda\u015flardan Asl\u0131 Akkurt, etkinli\u011fe misafirlerini de getirdi\u011fini vurgulayarak,\u00a0&#8220;Buras\u0131 k\u00fc\u00e7\u00fck bir yer gibi g\u00f6r\u00fcn\u00fcyor, ama \u00e7ok yo\u011fun. Misafirlerim \u0130stanbul&#8217;dan geldi ve ben direkt buraya getirdim. \u00c7ok memnunlar. Bu tip etkinliklerin s\u00fcrekli olmas\u0131n\u0131 istiyoruz. Belediye Ba\u015fkan\u0131&#8217;na te\u015fekk\u00fcr ediyorum&#8221;\u00a0\u015feklinde konu\u015ftu.<\/p>\n<p>F\u0131rsat bulduk\u00e7a B\u00fcy\u00fck\u015fehir Belediyesi&#8217;nin t\u00fcm etkinliklerine kat\u0131l\u0131m g\u00f6sterdi\u011fini s\u00f6yleyen \u0130lkay Ser\u00e7e ise,\u00a0&#8220;B\u00fcy\u00fck\u015fehir&#8217;in hizmetlerinden \u00e7ok memnunuz. \u015eenliklerine s\u00fcrekli kat\u0131l\u0131yorum. Halk\u0131m\u0131z i\u00e7in \u00e7ok faydal\u0131 \u015feyler yap\u0131yor. Vahap Ba\u015fkan\u0131m\u0131z\u0131n b\u00fct\u00fcn etkinliklerinden \u00e7ok memnunum. \u00c7ok ba\u015far\u0131l\u0131 bir Ba\u015fkan\u0131m\u0131z var&#8221;\u00a0dedi.<\/p>\n<p>\u0130stanbul&#8217;dan \u00c7aml\u0131yayla&#8217;ya gelen R\u00fczgar Deli, \u00c7ocuk \u015eenli\u011fi&#8217;ni \u00e7ok be\u011fendi\u011fini belirterek,\u00a0&#8220;Bence g\u00fczel bir etkinlik oldu. \u00c7ocuklar i\u00e7in de halat \u00e7ekme yar\u0131\u015fmas\u0131 yap\u0131ld\u0131. Ortam \u00e7ok g\u00fczel ve \u00e7ok say\u0131da insan gelmi\u015f&#8221;\u00a0dedi.<\/p>\n<p>\u00c7aml\u0131yayla&#8217;da ya\u015fayan Selma Demirel de memnuniyetini dile getirerek,\u00a0&#8220;\u00c7ok memnunuz. \u00c7ocuklar i\u00e7in e\u011flenceli, g\u00fczel programlar oldu. \u00c7aml\u0131yayla&#8217;n\u0131n yerlisiyiz. \u00d6nceden b\u00f6yle programlar yoktu&#8221;\u00a0ifadelerini kulland\u0131.\u00a0\u00a0<\/p>\n<p>8 ya\u015f\u0131ndaki Nehir Ayd\u0131n, \u015fenlikte \u00e7ok e\u011flendi\u011fini s\u00f6yleyerek,\u00a0&#8220;\u00c7ok iyi e\u011flendim. Buray\u0131 da \u00e7ok sevdim. \u015eark\u0131lar s\u00f6yledim. Burada etkinlik oldu\u011fu i\u00e7in \u00e7ok mutluyum ve \u00e7ok te\u015fekk\u00fcr ederim&#8221;\u00a0diyerek duygular\u0131n\u0131 dile getirdi.\u00a0\u00a0<\/p>\n","protected":false},"excerpt":{"rendered":"<p>Mersin B\u00fcy\u00fck\u015fehir Belediyesi K\u00fclt\u00fcr ve Sosyal \u0130\u015fler Dairesi Ba\u015fkanl\u0131\u011f\u0131 taraf\u0131ndan, s\u0131cak yaz g\u00fcnlerine renk katan etkinlikler devam ediyor. Yayla turizminin g\u00f6zde noktalar\u0131ndan \u00c7aml\u0131yayla&#8217;da, B\u00fcy\u00fck\u015fehir Belediyesi taraf\u0131ndan\u00a0&#8216;K\u00f6y Bizim \u015eenlik Bizim&#8217;\u00a0ve\u00a0&#8216;Yayla \u015eenli\u011fi&#8217;\u00a0d\u00fczenlendi. &hellip; <a href=\"https:\/\/akdenizolaygazetesi.com\/?p=31673\" class=\"more-link\">Devam\u0131n\u0131 Oku&#8230;<\/a><\/p>\n","protected":false},"author":2,"featured_media":31674,"comment_status":"open","ping_status":"open","sticky":false,"template":"","format":"standard","meta":[],"categories":[1,2,3],"tags":[],"_links":{"self":[{"href":"https:\/\/akdenizolaygazetesi.com\/index.php?rest_route=\/wp\/v2\/posts\/31673"}],"collection":[{"href":"https:\/\/akdenizolaygazetesi.com\/index.php?rest_route=\/wp\/v2\/posts"}],"about":[{"href":"https:\/\/akdenizolaygazetesi.com\/index.php?rest_route=\/wp\/v2\/types\/post"}],"author":[{"embeddable":true,"href":"https:\/\/akdenizolaygazetesi.com\/index.php?rest_route=\/wp\/v2\/users\/2"}],"replies":[{"embeddable":true,"href":"https:\/\/akdenizolaygazetesi.com\/index.php?rest_route=%2Fwp%2Fv2%2Fcomments&post=31673"}],"version-history":[{"count":1,"href":"https:\/\/akdenizolaygazetesi.com\/index.php?rest_route=\/wp\/v2\/posts\/31673\/revisions"}],"predecessor-version":[{"id":31675,"href":"https:\/\/akdenizolaygazetesi.com\/index.php?rest_route=\/wp\/v2\/posts\/31673\/revisions\/31675"}],"wp:featuredmedia":[{"embeddable":true,"href":"https:\/\/akdenizolaygazetesi.com\/index.php?rest_route=\/wp\/v2\/media\/31674"}],"wp:attachment":[{"href":"https:\/\/akdenizolaygazetesi.com\/index.php?rest_route=%2Fwp%2Fv2%2Fmedia&parent=31673"}],"wp:term":[{"taxonomy":"category","embeddable":true,"href":"https:\/\/akdenizolaygazetesi.com\/index.php?rest_route=%2Fwp%2Fv2%2Fcategories&post=31673"},{"taxonomy":"post_tag","embeddable":true,"href":"https:\/\/akdenizolaygazetesi.com\/index.php?rest_route=%2Fwp%2Fv2%2Ftags&post=31673"}],"curies":[{"name":"wp","href":"https:\/\/api.w.org\/{rel}","templated":true}]}}