{"id":31679,"date":"2024-08-28T12:34:28","date_gmt":"2024-08-28T09:34:28","guid":{"rendered":"http:\/\/akdenizolaygazetesi.com\/?p=31679"},"modified":"2024-08-28T12:34:28","modified_gmt":"2024-08-28T09:34:28","slug":"tarsusta-20-yenice-baris-ve-kultur-festivali-basliyor","status":"publish","type":"post","link":"https:\/\/akdenizolaygazetesi.com\/?p=31679","title":{"rendered":"TARSUS\u2019TA 20. YEN\u0130CE BARI\u015e VE K\u00dcLT\u00dcR FEST\u0130VAL\u0130 BA\u015eLIYOR"},"content":{"rendered":"<p>Tarsus Belediyesi ve Mersin B\u00fcy\u00fck\u015fehir Belediyesi i\u015f birli\u011fiyle d\u00fczenlenen 20. Yenice Bar\u0131\u015f ve K\u00fclt\u00fcr Festivali ba\u015fl\u0131yor. 30- 31 A\u011fustos ve 1 Eyl\u00fcl tarihlerinde 3 g\u00fcn boyunca d\u00fczenlenecek etkinlikte, fener alay\u0131ndan sinema g\u00f6sterimine, panellerden konserlere kadar bir\u00e7ok etkinlik yer alacak.<\/p>\n<p>Her y\u0131l D\u00fcnya Bar\u0131\u015f G\u00fcn\u00fc vesilesi ile geleneksel olarak d\u00fczenlenen 1 Eyl\u00fcl Yenice Bar\u0131\u015f ve K\u00fclt\u00fcr Festivali\u2019nin 20\u2019ncisi d\u00fczenleniyor.<\/p>\n<p>FEST\u0130VAL\u0130N \u0130LK G\u00dcN\u00dc: ZAFER Y\u00dcR\u00dcY\u00dc\u015e\u00dc VE F\u0130LM G\u00d6STER\u0130M\u0130<\/p>\n<p>30 A\u011fustos Cuma g\u00fcn\u00fc, festival \u201cZafer Y\u00fcr\u00fcy\u00fc\u015f\u00fc ve Fener Alay\u0131\u201d ile ba\u015fl\u0131yor. Saat 19.30\u2019da Cumhuriyet Meydan\u0131\u2019ndan ba\u015flayacak olan y\u00fcr\u00fcy\u00fc\u015f, Yenice S\u0131dk\u0131 Baba Cemevi \u00f6n\u00fcnde sona erecek. Y\u00fcr\u00fcy\u00fc\u015f sonras\u0131 saat 21.00\u2019de, kat\u0131l\u0131mc\u0131lar T\u00fcrk sinemas\u0131n\u0131n \u00f6nemli eserlerinden birinin g\u00f6sterilece\u011fi Beynelmilel film g\u00f6sterimine kat\u0131labilecek.<\/p>\n<p>KONSERLER KATILIMCILARA UNUTULMAZ B\u0130R M\u00dcZ\u0130K Z\u0130YAFET\u0130 SUNACAK<\/p>\n<p>Festivalin ikinci g\u00fcn\u00fc m\u00fczikle renklenecek. Saat 19.00\u2019da ba\u015flayacak olan Cengiz Sa\u011flam konseri ile ba\u015flayan ak\u015fam, saat 20.30\u2019da Mersin B\u00fcy\u00fck\u015fehir Belediyesi T\u00fcrk M\u00fczi\u011fi Orkestras\u0131\u2019n\u0131n sahne alaca\u011f\u0131 konserle devam edecek. Yenice S\u0131dk\u0131 Baba Cemevi \u00f6n\u00fcnde ger\u00e7ekle\u015fecek olan bu etkinlikler, kat\u0131l\u0131mc\u0131lara unutulmaz bir m\u00fczik ziyafeti sunacak.<\/p>\n<p>1 EYL\u00dcL: BARI\u015e VE K\u00dcLT\u00dcR\u00dcN BULU\u015eMA G\u00dcN\u00dc<\/p>\n<p>1 Eyl\u00fcl Pazar g\u00fcn\u00fc saat 15.00\u2019te Cumhuriyet Meydan\u0131 Atat\u00fcrk An\u0131t\u0131\u2019nda ba\u015flayacak olan etkinliklerde, \u00e7elenk sunumu, sayg\u0131 duru\u015fu ve \u0130stiklal Mar\u015f\u0131\u2019n\u0131n ard\u0131ndan Bar\u0131\u015f G\u00fcvercinlerinin U\u00e7urulmas\u0131 ger\u00e7ekle\u015ftirilecek. Ard\u0131ndan \u0130n\u00f6n\u00fc-Churchill Bar\u0131\u015f Park\u0131\u2019na yap\u0131lacak Bar\u0131\u015f Y\u00fcr\u00fcy\u00fc\u015f\u00fc ile sembolik olarak Bar\u0131\u015f Vagonu ziyaret edilecek.<\/p>\n<p>Saat 16.00\u2019da ba\u015flayacak Bar\u0131\u015f Paneli ise bar\u0131\u015f\u0131n toplumsal boyutlar\u0131 \u00fczerine derinlemesine bir tart\u0131\u015fma sunacak. Panelde Adana Kent Konseyi Ba\u015fkan\u0131 Ha\u015fmet Bi\u00e7er, Gazeteciler Ya\u015far \u00d6zt\u00fcrk ve \u00c7etin Yi\u011feno\u011flu gibi isimler konu\u015fmac\u0131 olarak yer alacak.<\/p>\n<p>Festivalin ak\u015fam b\u00f6l\u00fcm\u00fc ise m\u00fczik ve k\u00fclt\u00fcrel etkinliklerle dolu. Saat 19.30\u2019da Silver Kesici Konseri, ard\u0131ndan saat 20.30\u2019da Yenice S\u0131dk\u0131 Baba Cemevi\u2019nde yap\u0131lacak Semah Hizmeti ve finalde saat 21.00\u2019de sahne alacak olan \u0130lkay Akkaya Konseri ile festival son bulacak. Ayr\u0131ca belediye taraf\u0131ndan d\u00fczenlenecek olan etkinlikler i\u00e7in belirlenen saatlerde Eski Adliye \u00f6n\u00fcnden otob\u00fcs kald\u0131r\u0131lacak.<\/p>\n","protected":false},"excerpt":{"rendered":"<p>Tarsus Belediyesi ve Mersin B\u00fcy\u00fck\u015fehir Belediyesi i\u015f birli\u011fiyle d\u00fczenlenen 20. Yenice Bar\u0131\u015f ve K\u00fclt\u00fcr Festivali ba\u015fl\u0131yor. 30- 31 A\u011fustos ve 1 Eyl\u00fcl tarihlerinde 3 g\u00fcn boyunca d\u00fczenlenecek etkinlikte, fener alay\u0131ndan &hellip; <a href=\"https:\/\/akdenizolaygazetesi.com\/?p=31679\" class=\"more-link\">Devam\u0131n\u0131 Oku&#8230;<\/a><\/p>\n","protected":false},"author":2,"featured_media":31680,"comment_status":"open","ping_status":"open","sticky":false,"template":"","format":"standard","meta":[],"categories":[1,2,3],"tags":[],"_links":{"self":[{"href":"https:\/\/akdenizolaygazetesi.com\/index.php?rest_route=\/wp\/v2\/posts\/31679"}],"collection":[{"href":"https:\/\/akdenizolaygazetesi.com\/index.php?rest_route=\/wp\/v2\/posts"}],"about":[{"href":"https:\/\/akdenizolaygazetesi.com\/index.php?rest_route=\/wp\/v2\/types\/post"}],"author":[{"embeddable":true,"href":"https:\/\/akdenizolaygazetesi.com\/index.php?rest_route=\/wp\/v2\/users\/2"}],"replies":[{"embeddable":true,"href":"https:\/\/akdenizolaygazetesi.com\/index.php?rest_route=%2Fwp%2Fv2%2Fcomments&post=31679"}],"version-history":[{"count":1,"href":"https:\/\/akdenizolaygazetesi.com\/index.php?rest_route=\/wp\/v2\/posts\/31679\/revisions"}],"predecessor-version":[{"id":31681,"href":"https:\/\/akdenizolaygazetesi.com\/index.php?rest_route=\/wp\/v2\/posts\/31679\/revisions\/31681"}],"wp:featuredmedia":[{"embeddable":true,"href":"https:\/\/akdenizolaygazetesi.com\/index.php?rest_route=\/wp\/v2\/media\/31680"}],"wp:attachment":[{"href":"https:\/\/akdenizolaygazetesi.com\/index.php?rest_route=%2Fwp%2Fv2%2Fmedia&parent=31679"}],"wp:term":[{"taxonomy":"category","embeddable":true,"href":"https:\/\/akdenizolaygazetesi.com\/index.php?rest_route=%2Fwp%2Fv2%2Fcategories&post=31679"},{"taxonomy":"post_tag","embeddable":true,"href":"https:\/\/akdenizolaygazetesi.com\/index.php?rest_route=%2Fwp%2Fv2%2Ftags&post=31679"}],"curies":[{"name":"wp","href":"https:\/\/api.w.org\/{rel}","templated":true}]}}