{"id":31692,"date":"2024-08-29T12:39:50","date_gmt":"2024-08-29T09:39:50","guid":{"rendered":"http:\/\/akdenizolaygazetesi.com\/?p=31692"},"modified":"2024-08-29T12:39:50","modified_gmt":"2024-08-29T09:39:50","slug":"buyuksehirden-cocuklara-kaliteli-egitim","status":"publish","type":"post","link":"https:\/\/akdenizolaygazetesi.com\/?p=31692","title":{"rendered":"B\u00dcY\u00dcK\u015eEH\u0130R\u2019DEN \u00c7OCUKLARA KAL\u0130TEL\u0130 E\u011e\u0130T\u0130M"},"content":{"rendered":"<p>Mersin B\u00fcy\u00fck\u015fehir Belediyesi \u00c7ocuk Geli\u015fim Merkezleri&#8217;nde, 9 Eyl\u00fcl&#8217;de ba\u015flayacak e\u011fitim ve \u00f6\u011fretim d\u00f6nemi \u00f6ncesi t\u00fcm haz\u0131rl\u0131klar tamamland\u0131. \u00c7ocuklar\u0131n kaliteli bir \u015fekilde hizmet ald\u0131klar\u0131 B\u00fcy\u00fck\u015fehir \u00c7ocuk Geli\u015fim Merkezleri, y\u00fczlerce annenin istihdamda yer alabilmelerine de olanak sa\u011fl\u0131yor. Kent genelinde 7 noktada hizmet veren \u00c7ocuk Geli\u015fim Merkezleri&#8217;nin say\u0131s\u0131n\u0131n artmas\u0131 ve daha fazla \u00e7ocu\u011fa hizmet verebilmek i\u00e7in Mersin B\u00fcy\u00fck\u015fehir Belediyesi&#8217;nin \u00e7al\u0131\u015fmalar\u0131 ise devam ediyor.<\/p>\n<p>Mersin B\u00fcy\u00fck\u015fehir Belediyesi Kad\u0131n ve Aile Hizmetleri Dairesi Ba\u015fkanl\u0131\u011f\u0131 b\u00fcnyesinde hizmet veren \u00c7ocuk Geli\u015fim Merkezleri&#8217;nde, 9 Eyl\u00fcl&#8217;de ba\u015flayacak e\u011fitim ve \u00f6\u011fretim d\u00f6nemi \u00f6ncesi t\u00fcm haz\u0131rl\u0131klar tamamland\u0131. \u00c7ocuklar\u0131n kaliteli bir \u015fekilde hizmet ald\u0131klar\u0131 B\u00fcy\u00fck\u015fehir \u00c7ocuk Geli\u015fim Merkezleri, y\u00fczlerce annenin istihdamda yer alabilmelerine de olanak sa\u011fl\u0131yor.<\/p>\n<p>Kent genelinde 7 noktada hizmet veren \u00c7ocuk Geli\u015fim Merkezleri&#8217;nin say\u0131s\u0131n\u0131n artmas\u0131 ve daha fazla \u00e7ocu\u011fa hizmet verebilmek i\u00e7in Mersin B\u00fcy\u00fck\u015fehir Belediyesi&#8217;nin \u00e7al\u0131\u015fmalar\u0131 ise devam ediyor.<\/p>\n<p>Tarsus&#8217;un yeni geli\u015fim b\u00f6lgesi olan Atat\u00fcrk Mahallesi&#8217;nde ge\u00e7ti\u011fimiz aylarda a\u00e7\u0131lan 100. Y\u0131l Atat\u00fcrk \u00c7ocuk Geli\u015fim Merkezi&#8217;nin yan\u0131 s\u0131ra; Adile Teyze, M\u00fcnir \u00d6zkul, Tarsus Begonvil, Halkkent \u00c7ocuk Geli\u015fim Merkezleri ile Tarsus Yenice Ya\u015far Baybo\u011fan ve G\u00fclnar \u00c7ocuk At\u00f6lyesi&#8217;nden bug\u00fcne kadar binin \u00fczerinde \u00e7ocuk faydaland\u0131.<\/p>\n<p>B\u00fcy\u00fck\u015fehir Belediyesi b\u00fcnyesinde yer alan \u00c7ocuk Geli\u015fim Merkezlerinde uzman e\u011fitmen kadrosu yer al\u0131rken, sosyal aktivitelerle \u00e7ocuklar\u0131n ya\u015fama en iyi \u015fekilde haz\u0131rlanmalar\u0131na da olanak sa\u011flan\u0131yor.<\/p>\n<p>Tan\u0131\u015f\u0131k: &#8220;Son 4 y\u0131l i\u00e7inde yakla\u015f\u0131k bin \u00f6\u011frenciye hizmet verdik&#8221;<\/p>\n<p>B\u00fcy\u00fck\u015fehir Belediyesi Kad\u0131n ve Aile Hizmetleri Dairesi b\u00fcnyesindeki \u00c7ocuk Geli\u015fim Merkezleri Koordinat\u00f6r\u00fc \u00d6zlem Tan\u0131\u015f\u0131k, t\u00fcm \u00c7ocuk Geli\u015fim Merkezlerinde 9 Eyl\u00fcl&#8217;de ba\u015flayacak e\u011fitim ve \u00f6\u011fretim d\u00f6nemi \u00f6ncesi haz\u0131rl\u0131klar\u0131n tamamland\u0131\u011f\u0131n\u0131 s\u00f6yleyerek, &#8220;Biz 12 ay boyunca aktif hizmet veriyoruz. Bununla birlikte yaz okulumuz, yaz okuluna ba\u015flang\u0131\u00e7 ve k\u0131\u015f okuluna ba\u015flang\u0131\u00e7 etkinliklerimiz s\u00fcr\u00fcyor. Bunlarla ilgili konseptlerimiz oluyor. Bu s\u00fcre\u00e7 kapsam\u0131nda 9 Eyl\u00fcl&#8217;de ba\u015flayacak e\u011fitim-\u00f6\u011fretim s\u00fcreciyle birlikte, e\u015f zamanl\u0131 olarak t\u00fcm \u00c7ocuk Geli\u015fim Merkezleri&#8217;nde e\u011fitim-\u00f6\u011fretim s\u00fcrecine ba\u015flayaca\u011f\u0131z&#8221; ifadelerini kulland\u0131.<\/p>\n<p>Son 4 y\u0131lda yakla\u015f\u0131k bin \u00f6\u011frenciye hizmet verdiklerini ve \u00e7ocuklar\u0131n geli\u015fim alanlar\u0131n\u0131 takip ettiklerini kaydeden Tan\u0131\u015f\u0131k, &#8220;Onlar\u0131n geli\u015fim \u00f6zelliklerini destekleyici aktivitelerde bulunmakla birlikte, ebeveynlerine de dan\u0131\u015fmanl\u0131k hizmetleri verdik. \u015eu an aktif olan 7 adet \u00c7ocuk Geli\u015fim Merkezimizin yan\u0131 s\u0131ra; T\u00f6m\u00fck \u00c7ocuk Geli\u015fim Merkezimiz de Eyl\u00fcl d\u00f6nemiyle aktif hale gelecek. Proje a\u015famas\u0131nda olan ve bu sene teslim edilmesini bekledi\u011fimiz Yusuf K\u0131l\u0131\u00e7, Kurdali ve Silifke \u00c7ocuk Geli\u015fim Merkezleriyle de, yeni d\u00f6nemde daha fazla \u00e7ocuk ve ebeveyne ula\u015fmay\u0131 hedefliyoruz&#8221; diye konu\u015ftu.<\/p>\n<p>&#8220;\u00c7ocuk Geli\u015fim Merkezlerimiz sayesinde, 420 annenin istihdam\u0131na da katk\u0131 sa\u011flad\u0131k&#8221;<\/p>\n<p>Mersin B\u00fcy\u00fck\u015fehir Belediyesi b\u00fcnyesinde yer alan \u00c7ocuk Geli\u015fim Merkezilerinde, 2020 ile 2024 y\u0131llar\u0131 aras\u0131nda verilen hizmetle, 420 annenin istihdam s\u00fcre\u00e7lerinin de desteklendi\u011fine vurgu yapan Tan\u0131\u015f\u0131k, &#8220;\u00c7ocuk Geli\u015fim Merkezlerinde son 4 y\u0131l i\u00e7inde yakla\u015f\u0131k bin \u00e7ocu\u011fa hizmet verirken, 420 kad\u0131n\u0131n da istihdam s\u00fcrecini destekledik. \u00c7ocuklar\u0131n\u0131 \u00c7ocuk Geli\u015fim Merkezlerimize g\u00f6n\u00fcl rahatl\u0131\u011f\u0131 i\u00e7inde b\u0131rakan anneler, i\u015flerine de kafalar\u0131 rahat bir \u015fekilde gidebildiler&#8221; dedi.<\/p>\n","protected":false},"excerpt":{"rendered":"<p>Mersin B\u00fcy\u00fck\u015fehir Belediyesi \u00c7ocuk Geli\u015fim Merkezleri&#8217;nde, 9 Eyl\u00fcl&#8217;de ba\u015flayacak e\u011fitim ve \u00f6\u011fretim d\u00f6nemi \u00f6ncesi t\u00fcm haz\u0131rl\u0131klar tamamland\u0131. \u00c7ocuklar\u0131n kaliteli bir \u015fekilde hizmet ald\u0131klar\u0131 B\u00fcy\u00fck\u015fehir \u00c7ocuk Geli\u015fim Merkezleri, y\u00fczlerce annenin istihdamda &hellip; <a href=\"https:\/\/akdenizolaygazetesi.com\/?p=31692\" class=\"more-link\">Devam\u0131n\u0131 Oku&#8230;<\/a><\/p>\n","protected":false},"author":2,"featured_media":31693,"comment_status":"open","ping_status":"open","sticky":false,"template":"","format":"standard","meta":[],"categories":[1,2,3],"tags":[],"_links":{"self":[{"href":"https:\/\/akdenizolaygazetesi.com\/index.php?rest_route=\/wp\/v2\/posts\/31692"}],"collection":[{"href":"https:\/\/akdenizolaygazetesi.com\/index.php?rest_route=\/wp\/v2\/posts"}],"about":[{"href":"https:\/\/akdenizolaygazetesi.com\/index.php?rest_route=\/wp\/v2\/types\/post"}],"author":[{"embeddable":true,"href":"https:\/\/akdenizolaygazetesi.com\/index.php?rest_route=\/wp\/v2\/users\/2"}],"replies":[{"embeddable":true,"href":"https:\/\/akdenizolaygazetesi.com\/index.php?rest_route=%2Fwp%2Fv2%2Fcomments&post=31692"}],"version-history":[{"count":1,"href":"https:\/\/akdenizolaygazetesi.com\/index.php?rest_route=\/wp\/v2\/posts\/31692\/revisions"}],"predecessor-version":[{"id":31694,"href":"https:\/\/akdenizolaygazetesi.com\/index.php?rest_route=\/wp\/v2\/posts\/31692\/revisions\/31694"}],"wp:featuredmedia":[{"embeddable":true,"href":"https:\/\/akdenizolaygazetesi.com\/index.php?rest_route=\/wp\/v2\/media\/31693"}],"wp:attachment":[{"href":"https:\/\/akdenizolaygazetesi.com\/index.php?rest_route=%2Fwp%2Fv2%2Fmedia&parent=31692"}],"wp:term":[{"taxonomy":"category","embeddable":true,"href":"https:\/\/akdenizolaygazetesi.com\/index.php?rest_route=%2Fwp%2Fv2%2Fcategories&post=31692"},{"taxonomy":"post_tag","embeddable":true,"href":"https:\/\/akdenizolaygazetesi.com\/index.php?rest_route=%2Fwp%2Fv2%2Ftags&post=31692"}],"curies":[{"name":"wp","href":"https:\/\/api.w.org\/{rel}","templated":true}]}}