{"id":31695,"date":"2024-08-29T12:43:18","date_gmt":"2024-08-29T09:43:18","guid":{"rendered":"http:\/\/akdenizolaygazetesi.com\/?p=31695"},"modified":"2024-08-29T12:43:18","modified_gmt":"2024-08-29T09:43:18","slug":"baskan-vahap-secerden-30-agustos-zafer-bayrami-mesaji","status":"publish","type":"post","link":"https:\/\/akdenizolaygazetesi.com\/?p=31695","title":{"rendered":"BA\u015eKAN VAHAP SE\u00c7ER\u2019DEN 30 A\u011eUSTOS ZAFER BAYRAMI MESAJI"},"content":{"rendered":"<p>Mersin B\u00fcy\u00fck\u015fehir Belediye Ba\u015fkan\u0131 Vahap Se\u00e7er, 30 A\u011fustos Zafer Bayram\u0131 dolay\u0131s\u0131yla bir mesaj yay\u0131nlad\u0131.<\/p>\n<p>Ba\u015fkan Se\u00e7er mesaj\u0131nda \u015fu ifadelere yer verdi:<\/p>\n<p>&#8220;En zorlu ko\u015fullarda; \u00fcmitsizli\u011fin, ac\u0131lar\u0131n, yokluklar\u0131n ve kay\u0131plar\u0131n hakim oldu\u011fu y\u0131llarda, elinde avucunda ne varsa gasp edilmi\u015f bir toplumun, esaret alt\u0131na girmekten ba\u015fka bir \u00e7aresinin olmad\u0131\u011f\u0131 d\u00fc\u015f\u00fcn\u00fcl\u00fcr. Bu \u015fartlar alt\u0131nda bile esareti kabul etmeyen halk\u0131m\u0131za \u00f6nc\u00fcl\u00fck eden Mustafa Kemal Atat\u00fcrk; etraf\u0131nda milli m\u00fccadelenin gere\u011fine inanm\u0131\u015f y\u00fczlerce asker ve siyaset adam\u0131 ile beraber, bu topraklar i\u00e7in can\u0131n\u0131 vermeyi g\u00f6ze alm\u0131\u015f say\u0131s\u0131z insanla birlikte, bizlere e\u015fi bulunmaz ve de\u011ferine paha bi\u00e7ilmez bir zafer hediye ettiler.<\/p>\n<p>Bu zaferi daha da anlaml\u0131 k\u0131lan bir anlay\u0131\u015fla; yurdun her k\u00f6\u015fesinin i\u015fgaline sebep olan \u015fartlar ortadan kalkmadan, kazan\u0131lan zaferlerin hi\u00e7bir \u00f6neminin kalmayaca\u011f\u0131 bilincini ortaya koyarak, 30 A\u011fustos Zaferi&#8217;nin ard\u0131ndan, b\u00fcy\u00fck zaferi &#8220;Cumhuriyet ve Demokrasi&#8221; kavramlar\u0131yla ta\u00e7land\u0131rd\u0131lar.<\/p>\n<p>30 A\u011fustos 1922 tarihinden bu yana kurulan her m\u00fcessese, a\u00e7\u0131lan her fabrika, seferberlik ruhuyla yap\u0131lan her at\u0131l\u0131m, \u00fcniversiteler, hastaneler, laboratuvarlar, konservatuvarlar, olimpiyatlarda okunan milli mar\u015f\u0131m\u0131z, uluslararas\u0131 alanda al\u0131nan her t\u00fcrl\u00fc \u00f6d\u00fcl; bilime, sanata, spora, k\u00fclt\u00fcre, \u00fcretime, iktisat sahas\u0131na dair yap\u0131lan ne varsa, 30 A\u011fustos Zaferimizin bir par\u00e7as\u0131d\u0131r.<\/p>\n<p>Ulusal Kurtulu\u015f M\u00fccadelesi&#8217;nin t\u00fcrl\u00fc kahramanl\u0131klar\u0131na sahne olan ve Kuvay\u0131milliye ruhunun en \u00f6nemli noktalar\u0131ndan birisi olan Mersin&#8217;de; g\u00f6reve geldi\u011fimiz 2019 y\u0131l\u0131ndan bu yana yapt\u0131\u011f\u0131m\u0131z her \u00e7al\u0131\u015fman\u0131n, ortaya koydu\u011fumuz her projenin ve t\u00fcm yat\u0131r\u0131mlar\u0131n da, bu zaferin bir par\u00e7as\u0131 oldu\u011funun bilinciyle hareket ediyoruz.<\/p>\n<p>K\u0131rsalda kaderine terk edilen ve her biri bir cevher olan k\u0131z \u00e7ocuklar\u0131m\u0131z\u0131n e\u011fitimini de \u00fcstlenerek, ba\u015far\u0131l\u0131 birer sporcu olmalar\u0131n\u0131 sa\u011flamak i\u00e7in olu\u015fturdu\u011fumuz projenin par\u00e7as\u0131 olan K\u0131r \u00c7i\u00e7eklerimiz, bu \u00fclkenin sanat\u0131na ve sporuna dair sundu\u011fumuz t\u00fcm katk\u0131lar, a\u00e7t\u0131\u011f\u0131m\u0131z yollar, tar\u0131msal desteklerimiz, e\u011fitimde f\u0131rsat e\u015fitli\u011fini sa\u011flamaya y\u00f6nelik her \u00e7abam\u0131z, k\u00fclt\u00fcr ve turizm politikalar\u0131m\u0131z, sosyal politikalar\u0131m\u0131z, yoksullukla m\u00fccadele etme anlay\u0131\u015f\u0131m\u0131z, \u00fcniversiteli gen\u00e7lerimize y\u00f6nelik \u00e7al\u0131\u015fmalar\u0131m\u0131z, kentimizin en g\u00fczel noktalar\u0131n\u0131 ranta de\u011fil halka a\u00e7ma d\u00fcsturuyla ger\u00e7ekle\u015ftirdi\u011fimiz projeler, sa\u011fl\u0131k sahas\u0131nda yapt\u0131\u011f\u0131m\u0131z t\u00fcm \u00e7al\u0131\u015fmalar, hayata ge\u00e7irdi\u011fimiz ve ger\u00e7ekle\u015ftirmek i\u00e7in b\u00fcy\u00fck \u00e7abalar sarf etti\u011fimiz her vizyon projemiz, bu bilincin bir \u00fcr\u00fcn\u00fc olarak devam etmektedir.<\/p>\n<p>Ba\u015fta Gazi Mustafa Kemal Atat\u00fcrk, silah arkada\u015flar\u0131 ve bug\u00fcne dek vatan\u0131 u\u011fruna canlar\u0131n\u0131 feda eden t\u00fcm \u015fehitlerimiz olmak \u00fczere, bizlere bu zaferi ve bu zaferden do\u011fan ba\u011f\u0131ms\u0131zl\u0131\u011f\u0131m\u0131z\u0131 arma\u011fan eden t\u00fcm kahramanlar\u0131m\u0131z\u0131 sayg\u0131yla ve minnetle an\u0131yorum.<\/p>\n<p>T\u00fcrkiye Cumhuriyeti&#8217;nin varl\u0131\u011f\u0131n\u0131 s\u00fcrd\u00fcrmesinin sigortas\u0131 h\u00fcviyetinde olan t\u00fcm Mersin halk\u0131n\u0131n, 30 A\u011fustos Zafer Bayram\u0131 kutlu olsun.&#8221;<\/p>\n","protected":false},"excerpt":{"rendered":"<p>Mersin B\u00fcy\u00fck\u015fehir Belediye Ba\u015fkan\u0131 Vahap Se\u00e7er, 30 A\u011fustos Zafer Bayram\u0131 dolay\u0131s\u0131yla bir mesaj yay\u0131nlad\u0131. Ba\u015fkan Se\u00e7er mesaj\u0131nda \u015fu ifadelere yer verdi: &#8220;En zorlu ko\u015fullarda; \u00fcmitsizli\u011fin, ac\u0131lar\u0131n, yokluklar\u0131n ve kay\u0131plar\u0131n hakim &hellip; <a href=\"https:\/\/akdenizolaygazetesi.com\/?p=31695\" class=\"more-link\">Devam\u0131n\u0131 Oku&#8230;<\/a><\/p>\n","protected":false},"author":2,"featured_media":31696,"comment_status":"open","ping_status":"open","sticky":false,"template":"","format":"standard","meta":[],"categories":[1,2,3],"tags":[],"_links":{"self":[{"href":"https:\/\/akdenizolaygazetesi.com\/index.php?rest_route=\/wp\/v2\/posts\/31695"}],"collection":[{"href":"https:\/\/akdenizolaygazetesi.com\/index.php?rest_route=\/wp\/v2\/posts"}],"about":[{"href":"https:\/\/akdenizolaygazetesi.com\/index.php?rest_route=\/wp\/v2\/types\/post"}],"author":[{"embeddable":true,"href":"https:\/\/akdenizolaygazetesi.com\/index.php?rest_route=\/wp\/v2\/users\/2"}],"replies":[{"embeddable":true,"href":"https:\/\/akdenizolaygazetesi.com\/index.php?rest_route=%2Fwp%2Fv2%2Fcomments&post=31695"}],"version-history":[{"count":1,"href":"https:\/\/akdenizolaygazetesi.com\/index.php?rest_route=\/wp\/v2\/posts\/31695\/revisions"}],"predecessor-version":[{"id":31697,"href":"https:\/\/akdenizolaygazetesi.com\/index.php?rest_route=\/wp\/v2\/posts\/31695\/revisions\/31697"}],"wp:featuredmedia":[{"embeddable":true,"href":"https:\/\/akdenizolaygazetesi.com\/index.php?rest_route=\/wp\/v2\/media\/31696"}],"wp:attachment":[{"href":"https:\/\/akdenizolaygazetesi.com\/index.php?rest_route=%2Fwp%2Fv2%2Fmedia&parent=31695"}],"wp:term":[{"taxonomy":"category","embeddable":true,"href":"https:\/\/akdenizolaygazetesi.com\/index.php?rest_route=%2Fwp%2Fv2%2Fcategories&post=31695"},{"taxonomy":"post_tag","embeddable":true,"href":"https:\/\/akdenizolaygazetesi.com\/index.php?rest_route=%2Fwp%2Fv2%2Ftags&post=31695"}],"curies":[{"name":"wp","href":"https:\/\/api.w.org\/{rel}","templated":true}]}}