{"id":31698,"date":"2024-08-29T12:45:01","date_gmt":"2024-08-29T09:45:01","guid":{"rendered":"http:\/\/akdenizolaygazetesi.com\/?p=31698"},"modified":"2024-08-29T12:45:01","modified_gmt":"2024-08-29T09:45:01","slug":"chp-mersin-milletvekili-gulcan-kis-tarim-kredi-marketlerinde-ucuzluk-masali-sona-erdi","status":"publish","type":"post","link":"https:\/\/akdenizolaygazetesi.com\/?p=31698","title":{"rendered":"CHP Mersin Milletvekili G\u00fclcan K\u0131\u015f: \u201cTar\u0131m Kredi Marketleri\u2019nde Ucuzluk Masal\u0131 Sona Erdi\u201d"},"content":{"rendered":"<p>CHP Mersin Milletvekili G\u00fclcan K\u0131\u015f:<\/p>\n<p>&#8220;Tar\u0131m Kredi Marketleri&#8217;nde Ucuzluk Masal\u0131 Sona Erdi&#8221;<\/p>\n<p>&#8220;2021 y\u0131l\u0131nda 1.002 TL Olan Al\u0131\u015fveri\u015f<\/p>\n<p>2024 y\u0131l\u0131nda 7.000 TL&#8217;ye Ula\u015ft\u0131&#8221;<\/p>\n<p>&#8220;Fiyatlar 3 Y\u0131lda 7 Kat Artt\u0131&#8221;<\/p>\n<p>CHP Mersin Milletvekili G\u00fclcan K\u0131\u015f, kar ama\u00e7l\u0131 olmad\u0131\u011f\u0131 s\u00f6ylenen Tar\u0131m Kredi Marketleri&#8217;nde fiyatlar\u0131n 3 y\u0131lda 7 kat artt\u0131\u011f\u0131n\u0131 belirtti. K\u0131\u015f, 2021 y\u0131l\u0131nda Cumhurba\u015fkan\u0131 Recep Tayyip Erdo\u011fan&#8217;\u0131n Tar\u0131m Kredi Marketinde yapt\u0131\u011f\u0131 al\u0131\u015fveri\u015fin maliyetinin bug\u00fcn ayn\u0131 \u00fcr\u00fcnlerle 7.000 TL&#8217;ye ula\u015ft\u0131\u011f\u0131n\u0131 vurgulad\u0131.<\/p>\n<p>K\u0131\u015f, Cumhurba\u015fkan\u0131 Erdo\u011fan ve e\u015fi Emine Erdo\u011fan&#8217;\u0131n, 2021 y\u0131l\u0131nda Tar\u0131m Kredi Marketleri&#8217;nde yapt\u0131\u011f\u0131 al\u0131\u015fveri\u015fin ucuzlu\u011funu \u00f6vd\u00fcklerini hat\u0131rlatarak \u015funlar\u0131 s\u00f6yledi: &#8220;O d\u00f6nemde 1.002 TL&#8217;ye mal olan bu al\u0131\u015fveri\u015f, bug\u00fcn 7.000 TL&#8217;ye y\u00fckselmi\u015f durumda. Kar amac\u0131 g\u00fctmedi\u011fi iddia edilen Tar\u0131m Kredi Marketleri&#8217;nde bile fiyatlar 7 kat artm\u0131\u015fken, halk\u0131n nas\u0131l ge\u00e7inece\u011fi b\u00fcy\u00fck bir sorun haline gelmi\u015ftir.&#8221;<\/p>\n<p>Halk \u0130\u00e7in Art\u0131k Ucuzluk Yok!<\/p>\n<p>K\u0131\u015f, Tar\u0131m Kredi Marketleri&#8217;ndeki temel g\u0131da \u00fcr\u00fcnlerinin fiyatlar\u0131na dikkat \u00e7ekerek, \u015funlar\u0131 ekledi: &#8220;Bug\u00fcn 1 kg domates 31 TL, 5 kg un 79 TL, 1 kg Rize \u00e7ay\u0131 178 TL, 100 gr kahve 28 TL, 5 kg \u015feker 165 TL, 24 adet Tar\u0131m Kredi s\u00fct 40 TL, yar\u0131m ye\u015fil zeytin 92 TL, 15&#8217;li yumurta 95 TL, 350 gr tulum peyniri 120 TL, 600 gr beyaz peynir 170 TL gibi fiyatlarla kar\u015f\u0131 kar\u015f\u0131ya kal\u0131yoruz. Ayr\u0131ca, 5 kg pirin\u00e7 229 TL, 5 lt \u00e7i\u00e7ek ya\u011f\u0131 195 TL, 200 gram Antep f\u0131st\u0131\u011f\u0131 214 TL, 200 gram kuru kay\u0131s\u0131 75 TL. 17.000 TL asgari \u00fccretle ge\u00e7inmek zorunda b\u0131rak\u0131lan dar gelirli vatanda\u015flar\u0131m\u0131z enflasyonun alt\u0131nda ezilmektedir.&#8221;<\/p>\n<p>Cumhurba\u015fkan\u0131 Maa\u015f\u0131 ile Bu Fiyatlar Ucuz Gelebilir, Peki Ya Emekliler ve Asgari \u00dccretliler?<\/p>\n<p>G\u00fclcan K\u0131\u015f, Cumhurba\u015fkan\u0131&#8217;n\u0131n 184 bin TL&#8217;lik maa\u015f\u0131yla bu fiyatlar\u0131n ucuz gelebilece\u011fini, ancak 12.500 TL ile ge\u00e7inmeye \u00e7al\u0131\u015fan bir emekli ya da 17.000 TL ile ge\u00e7inmeye \u00e7al\u0131\u015fan bir asgari \u00fccretli i\u00e7in bu durumun m\u00fcmk\u00fcn olmad\u0131\u011f\u0131n\u0131 vurgulad\u0131. K\u0131\u015f, &#8220;Bu fiyat art\u0131\u015flar\u0131, halk\u0131n al\u0131m g\u00fcc\u00fcn\u00fc ciddi \u015fekilde azaltm\u0131\u015f durumda. Halk\u0131m\u0131z, temel g\u0131da ihtiya\u00e7lar\u0131n\u0131 bile kar\u015f\u0131lamakta zorlan\u0131yor. Bu ekonomik tabloda, ge\u00e7im s\u0131k\u0131nt\u0131s\u0131 \u00e7eken milyonlarca vatanda\u015f\u0131m\u0131z\u0131n durumu daha da zorla\u015f\u0131yor&#8221; dedi.<\/p>\n<p>Evine Ekmek G\u00f6t\u00fcremeyen \u0130nsanlar Art\u0131yor<\/p>\n<p>K\u0131\u015f, s\u00f6zlerine \u00fclke genelindeki ekonomik duruma dikkat \u00e7ekerek devam etti: &#8220;Bug\u00fcn, \u00fclkemizin d\u00f6rt bir yan\u0131nda milyonlarca asgari \u00fccretli, emekli ve dar gelirli vatanda\u015f, ge\u00e7im derdiyle bo\u011fu\u015fuyor. Evine ekmek g\u00f6t\u00fcremeyen, kiras\u0131n\u0131 ve faturalar\u0131n\u0131 \u00f6deyemeyen insanlar, her ge\u00e7en g\u00fcn artan ekonomik y\u00fck\u00fcn alt\u0131nda eziliyor. \u00dclkenin d\u00f6rt bir yan\u0131nda birileri, temel ihtiya\u00e7lar\u0131n\u0131 kar\u015f\u0131layabilmek i\u00e7in zorluklarla m\u00fccadele ederken, Saray&#8217;da yap\u0131lan harcamalar\u0131n boyutu ak\u0131llara durgunluk veriyor.&#8221;<\/p>\n<p>H\u00fck\u00fcmetin K\u00f6t\u00fc Ekonomi Politikalar\u0131 Halk\u0131n \u00dczerine A\u011f\u0131r Bir Y\u00fck Bindirdi<\/p>\n<p>K\u0131\u015f, h\u00fck\u00fcmetin 22 y\u0131ll\u0131k ekonomi politikalar\u0131n\u0131n \u00fclkeyi ne hale getirdi\u011fine de\u011finerek, &#8220;H\u00fck\u00fcmetin 22 y\u0131ld\u0131r uygulad\u0131\u011f\u0131 k\u00f6t\u00fc ekonomi politikalar\u0131, ne yaz\u0131k ki halk\u0131m\u0131z\u0131n omuzlar\u0131na a\u011f\u0131r bir y\u00fck bindirdi. Artan enflasyon, y\u00fckselen d\u00f6viz kurlar\u0131 ve hayat pahal\u0131l\u0131\u011f\u0131, milyonlarca vatanda\u015f\u0131m\u0131z\u0131n ya\u015fam standartlar\u0131n\u0131 her ge\u00e7en g\u00fcn daha da k\u00f6t\u00fcle\u015ftiriyor. Bu s\u00fcre\u00e7te, kemer s\u0131kmak her zaman oldu\u011fu gibi vatanda\u015fa kal\u0131yor. \u00c7al\u0131\u015fanlar, emekliler, esnaflar, \u00e7ift\u00e7iler; herkes bu k\u00f6t\u00fc gidi\u015fat\u0131n faturas\u0131n\u0131 \u00f6demek zorunda b\u0131rak\u0131l\u0131yor. Ancak, Saray&#8217;da israf\u0131n sonu gelmiyor&#8221; ifadelerini kulland\u0131.<\/p>\n<p>Saray&#8217;daki Savurganl\u0131k Sona Erdirilmelidir<\/p>\n<p>K\u0131\u015f, h\u00fck\u00fcmetin l\u00fcks harcamalar\u0131n\u0131 ele\u015ftirerek, &#8220;85 milyon vatanda\u015f, &#8216;itibardan tasarruf olmaz&#8217; anlay\u0131\u015f\u0131yla Saray&#8217;a \u00e7al\u0131\u015f\u0131yor. Ancak, bu anlay\u0131\u015f\u0131n bedelini \u00f6deyen yine halk oluyor. H\u00fck\u00fcmetin l\u00fcks harcamalar\u0131, g\u00f6steri\u015fli projeleri ve savurgan politikalar\u0131 devam ederken, halk\u0131m\u0131z\u0131n ge\u00e7im derdi her ge\u00e7en g\u00fcn b\u00fcy\u00fcyor. Ekme\u011fe, s\u00fcte, ete ula\u015fmak art\u0131k b\u00fcy\u00fck bir m\u00fccadeleye d\u00f6n\u00fc\u015fm\u00fc\u015f durumda. Vatanda\u015flar\u0131m\u0131z, elektrik ve do\u011falgaz faturalar\u0131n\u0131 \u00f6demekte zorlan\u0131yor, \u00e7ocuklar\u0131n\u0131n e\u011fitim masraflar\u0131n\u0131 kar\u015f\u0131layam\u0131yor&#8221; dedi.<\/p>\n<p>Ger\u00e7ek \u0130tibar Halk\u0131n Refah\u0131 ile \u00d6l\u00e7\u00fcl\u00fcr<\/p>\n<p>K\u0131\u015f, s\u00f6zlerini \u015fu c\u00fcmlelerle tamamlad\u0131: &#8220;Saray&#8217;da ise durum bamba\u015fka. H\u00fck\u00fcmet, halktan gelen feryatlar\u0131 duymuyor, g\u00f6rmezden geliyor. Tasarrufu vatanda\u015ftan beklerken, kendi l\u00fcks\u00fcnden \u00f6d\u00fcn vermiyor. Ancak unutmamal\u0131y\u0131z ki, ger\u00e7ek itibar, halk\u0131n refah\u0131yla, ya\u015fam kalitesiyle, ekonomik g\u00fcvenli\u011fiyle \u00f6l\u00e7\u00fcl\u00fcr. Halk\u0131n s\u0131rt\u0131na y\u00fcklenen bu a\u011f\u0131r ekonomik y\u00fck, bir an \u00f6nce hafifletilmeli, Saray&#8217;daki savurganl\u0131k sona erdirilmelidir.&#8221;<\/p>\n<p>Ekonomik Politikalar G\u00f6zden Ge\u00e7irilmeli<\/p>\n<p>K\u0131\u015f, s\u00f6zlerini \u015f\u00f6yle sonland\u0131rd\u0131: &#8220;Tar\u0131m Kredi marketlerinde bile fiyatlar bu kadar artm\u0131\u015fsa, h\u00fck\u00fcmetin ekonomik politikalar\u0131 sorgulanmal\u0131d\u0131r. Halk\u0131m\u0131z\u0131n al\u0131m g\u00fcc\u00fcn\u00fc art\u0131racak, ger\u00e7ek \u00e7\u00f6z\u00fcmler sunulmal\u0131d\u0131r. CHP olarak, her zaman halk\u0131n yan\u0131nda olmaya ve bu t\u00fcr sorunlar\u0131 g\u00fcndeme getirmeye devam edece\u011fiz.&#8221;<\/p>\n","protected":false},"excerpt":{"rendered":"<p>CHP Mersin Milletvekili G\u00fclcan K\u0131\u015f: &#8220;Tar\u0131m Kredi Marketleri&#8217;nde Ucuzluk Masal\u0131 Sona Erdi&#8221; &#8220;2021 y\u0131l\u0131nda 1.002 TL Olan Al\u0131\u015fveri\u015f 2024 y\u0131l\u0131nda 7.000 TL&#8217;ye Ula\u015ft\u0131&#8221; &#8220;Fiyatlar 3 Y\u0131lda 7 Kat Artt\u0131&#8221; CHP &hellip; <a href=\"https:\/\/akdenizolaygazetesi.com\/?p=31698\" class=\"more-link\">Devam\u0131n\u0131 Oku&#8230;<\/a><\/p>\n","protected":false},"author":2,"featured_media":31699,"comment_status":"open","ping_status":"open","sticky":false,"template":"","format":"standard","meta":[],"categories":[1,2,3],"tags":[],"_links":{"self":[{"href":"https:\/\/akdenizolaygazetesi.com\/index.php?rest_route=\/wp\/v2\/posts\/31698"}],"collection":[{"href":"https:\/\/akdenizolaygazetesi.com\/index.php?rest_route=\/wp\/v2\/posts"}],"about":[{"href":"https:\/\/akdenizolaygazetesi.com\/index.php?rest_route=\/wp\/v2\/types\/post"}],"author":[{"embeddable":true,"href":"https:\/\/akdenizolaygazetesi.com\/index.php?rest_route=\/wp\/v2\/users\/2"}],"replies":[{"embeddable":true,"href":"https:\/\/akdenizolaygazetesi.com\/index.php?rest_route=%2Fwp%2Fv2%2Fcomments&post=31698"}],"version-history":[{"count":1,"href":"https:\/\/akdenizolaygazetesi.com\/index.php?rest_route=\/wp\/v2\/posts\/31698\/revisions"}],"predecessor-version":[{"id":31700,"href":"https:\/\/akdenizolaygazetesi.com\/index.php?rest_route=\/wp\/v2\/posts\/31698\/revisions\/31700"}],"wp:featuredmedia":[{"embeddable":true,"href":"https:\/\/akdenizolaygazetesi.com\/index.php?rest_route=\/wp\/v2\/media\/31699"}],"wp:attachment":[{"href":"https:\/\/akdenizolaygazetesi.com\/index.php?rest_route=%2Fwp%2Fv2%2Fmedia&parent=31698"}],"wp:term":[{"taxonomy":"category","embeddable":true,"href":"https:\/\/akdenizolaygazetesi.com\/index.php?rest_route=%2Fwp%2Fv2%2Fcategories&post=31698"},{"taxonomy":"post_tag","embeddable":true,"href":"https:\/\/akdenizolaygazetesi.com\/index.php?rest_route=%2Fwp%2Fv2%2Ftags&post=31698"}],"curies":[{"name":"wp","href":"https:\/\/api.w.org\/{rel}","templated":true}]}}