{"id":31704,"date":"2024-08-29T12:48:03","date_gmt":"2024-08-29T09:48:03","guid":{"rendered":"http:\/\/akdenizolaygazetesi.com\/?p=31704"},"modified":"2024-08-29T12:48:03","modified_gmt":"2024-08-29T09:48:03","slug":"mezitli-belediye-baskani-ahmet-serkan-tuncerin-30-agustos-zafer-bayrami-mesaji","status":"publish","type":"post","link":"https:\/\/akdenizolaygazetesi.com\/?p=31704","title":{"rendered":"MEZ\u0130TL\u0130 BELED\u0130YE BA\u015eKANI AHMET SERKAN TUNCER\u2019\u0130N 30 A\u011eUSTOS ZAFER BAYRAMI MESAJI"},"content":{"rendered":"<p>Mezitli Belediye Ba\u015fkan\u0131 Ahmet Serkan Tuncer, 30 A\u011fustos Zafer Bayram\u0131&#8217;n\u0131n y\u0131ld\u00f6n\u00fcm\u00fc vesilesiyle bir mesaj yay\u0131nlad\u0131.<\/p>\n<p>Ba\u015fkan Tuncer mesaj\u0131nda \u015funlar\u0131 s\u00f6yledi, &#8220;30 A\u011fustos 1922&#8217;de kazan\u0131lan Ba\u015fkomutanl\u0131k Meydan Sava\u015f\u0131, Gazi Mustafa Kemal Atat\u00fcrk&#8217;\u00fcn \u00f6nderli\u011finde, Anadolu&#8217;nun i\u015fgalden kurtulu\u015funun bir sembol\u00fc olmu\u015ftur. Bu zafer, milletimizin \u00f6zg\u00fcrl\u00fck ve ba\u011f\u0131ms\u0131zl\u0131k sevdas\u0131n\u0131n en g\u00fc\u00e7l\u00fc ifadesidir. Mill\u00ee M\u00fccadele s\u00fcreci ve sonras\u0131nda kurulan Cumhuriyet, T\u00fcrk milletinin azim, kararl\u0131l\u0131k ve vatan sevgisi ile yazd\u0131\u011f\u0131 b\u00fcy\u00fck bir destand\u0131r. O d\u00f6nemde at\u0131lan sa\u011flam temeller, bug\u00fcn h\u00e2l\u00e2 dimdik ayakta durmaktad\u0131r. Bu miras\u0131 koruyup geli\u015ftirmenin sorumlulu\u011funu ta\u015f\u0131yoruz. Muas\u0131r medeniyetler seviyesine ula\u015fma hedefimiz do\u011frultusunda, bilimin ve akl\u0131n \u0131\u015f\u0131\u011f\u0131nda, vatan\u0131m\u0131za ve de\u011ferlerimize olan ba\u011fl\u0131l\u0131\u011f\u0131m\u0131z\u0131 s\u00fcrd\u00fcr\u00fcyoruz.&#8221;<\/p>\n<p>Ba\u015fkan Tuncer, Cumhuriyetimizin 100. y\u0131l\u0131nda oldu\u011fumuz bu d\u00f6nemde, demokratik de\u011ferleri daha da g\u00fc\u00e7lendirmenin \u00f6nemine de\u011finerek, &#8220;Bu bilin\u00e7le, Mezitli&#8217;mizi ve \u00fclkemizi daha ayd\u0131nl\u0131k yar\u0131nlara ta\u015f\u0131yacak projeleri ve hizmetleri vatanda\u015flar\u0131m\u0131zla bulu\u015fturuyoruz,&#8221; dedi.<\/p>\n<p>Tuncer, 30 A\u011fustos Zafer Bayram\u0131&#8217;n\u0131n y\u0131ld\u00f6n\u00fcm\u00fcn\u00fc kutlaman\u0131n onurunu ya\u015farken, &#8220;Ba\u015fta Gazi Mustafa Kemal Atat\u00fcrk ve onun kahraman silah arkada\u015flar\u0131 olmak \u00fczere, vatan\u0131m\u0131z\u0131n b\u00fct\u00fcnl\u00fc\u011f\u00fc ve milletimizin ba\u011f\u0131ms\u0131zl\u0131\u011f\u0131 i\u00e7in hayatlar\u0131n\u0131 feda eden aziz \u015fehitlerimizi ve gazilerimizi rahmet, minnet ve \u015f\u00fckranla an\u0131yorum,&#8221; ifadelerini kulland\u0131.<\/p>\n","protected":false},"excerpt":{"rendered":"<p>Mezitli Belediye Ba\u015fkan\u0131 Ahmet Serkan Tuncer, 30 A\u011fustos Zafer Bayram\u0131&#8217;n\u0131n y\u0131ld\u00f6n\u00fcm\u00fc vesilesiyle bir mesaj yay\u0131nlad\u0131. Ba\u015fkan Tuncer mesaj\u0131nda \u015funlar\u0131 s\u00f6yledi, &#8220;30 A\u011fustos 1922&#8217;de kazan\u0131lan Ba\u015fkomutanl\u0131k Meydan Sava\u015f\u0131, Gazi Mustafa Kemal &hellip; <a href=\"https:\/\/akdenizolaygazetesi.com\/?p=31704\" class=\"more-link\">Devam\u0131n\u0131 Oku&#8230;<\/a><\/p>\n","protected":false},"author":2,"featured_media":31705,"comment_status":"open","ping_status":"open","sticky":false,"template":"","format":"standard","meta":[],"categories":[1,2,3],"tags":[],"_links":{"self":[{"href":"https:\/\/akdenizolaygazetesi.com\/index.php?rest_route=\/wp\/v2\/posts\/31704"}],"collection":[{"href":"https:\/\/akdenizolaygazetesi.com\/index.php?rest_route=\/wp\/v2\/posts"}],"about":[{"href":"https:\/\/akdenizolaygazetesi.com\/index.php?rest_route=\/wp\/v2\/types\/post"}],"author":[{"embeddable":true,"href":"https:\/\/akdenizolaygazetesi.com\/index.php?rest_route=\/wp\/v2\/users\/2"}],"replies":[{"embeddable":true,"href":"https:\/\/akdenizolaygazetesi.com\/index.php?rest_route=%2Fwp%2Fv2%2Fcomments&post=31704"}],"version-history":[{"count":1,"href":"https:\/\/akdenizolaygazetesi.com\/index.php?rest_route=\/wp\/v2\/posts\/31704\/revisions"}],"predecessor-version":[{"id":31706,"href":"https:\/\/akdenizolaygazetesi.com\/index.php?rest_route=\/wp\/v2\/posts\/31704\/revisions\/31706"}],"wp:featuredmedia":[{"embeddable":true,"href":"https:\/\/akdenizolaygazetesi.com\/index.php?rest_route=\/wp\/v2\/media\/31705"}],"wp:attachment":[{"href":"https:\/\/akdenizolaygazetesi.com\/index.php?rest_route=%2Fwp%2Fv2%2Fmedia&parent=31704"}],"wp:term":[{"taxonomy":"category","embeddable":true,"href":"https:\/\/akdenizolaygazetesi.com\/index.php?rest_route=%2Fwp%2Fv2%2Fcategories&post=31704"},{"taxonomy":"post_tag","embeddable":true,"href":"https:\/\/akdenizolaygazetesi.com\/index.php?rest_route=%2Fwp%2Fv2%2Ftags&post=31704"}],"curies":[{"name":"wp","href":"https:\/\/api.w.org\/{rel}","templated":true}]}}