{"id":31707,"date":"2024-08-29T17:25:38","date_gmt":"2024-08-29T14:25:38","guid":{"rendered":"http:\/\/akdenizolaygazetesi.com\/?p=31707"},"modified":"2024-08-29T17:25:38","modified_gmt":"2024-08-29T14:25:38","slug":"baskan-abdullah-ozyigit-mahalle-toplantilarinda-vatandaslarla-bulusuyor","status":"publish","type":"post","link":"https:\/\/akdenizolaygazetesi.com\/?p=31707","title":{"rendered":"Ba\u015fkan Abdullah \u00d6zyi\u011fit, mahalle toplant\u0131lar\u0131nda vatanda\u015flarla bulu\u015fuyor"},"content":{"rendered":"<p>Mersin Yeni\u015fehir Belediyesinin 2025-2029 Stratejik Plan\u0131\u2019n\u0131 Yeni\u015fehirli vatanda\u015flarla birlikte haz\u0131rlamak amac\u0131yla d\u00fczenledi\u011fi mahalle toplant\u0131lar\u0131 \u0130nsu\u2019da devam etti. Yeni\u015fehir Belediye Ba\u015fkan\u0131 Abdullah \u00d6zyi\u011fit\u2019in kat\u0131l\u0131m\u0131yla k\u0131rsal mahalle \u0130nsu\u2019da d\u00fczenlenen toplant\u0131da vatanda\u015flar, k\u00fcrs\u00fcye \u00e7\u0131karak talep ve \u00f6nerilerini aktard\u0131.<br \/>\nMersin Yeni\u015fehir Belediyesinin \u201cBu \u015eehirde S\u00f6z Sende\u201d slogan\u0131yla yapt\u0131\u011f\u0131 mahalle toplant\u0131lar\u0131, 5 y\u0131ll\u0131k stratejik plan\u0131n\u0131n do\u011frudan kat\u0131l\u0131mla haz\u0131rlanmas\u0131na katk\u0131 sa\u011fl\u0131yor. Vatanda\u015flar k\u00fcrs\u00fcye \u00e7\u0131karak, kentin gelece\u011fi i\u00e7in g\u00f6r\u00fc\u015flerini aktar\u0131yor. Yeni\u015fehir Belediyesi toplant\u0131lara kat\u0131lamayan vatanda\u015flar i\u00e7in de t\u00fcm mahalle muhtarl\u0131klar\u0131na kurdu\u011fu sand\u0131klar ve anket arac\u0131l\u0131\u011f\u0131yla Yeni\u015fehirlilerin \u00f6nerilerini ald\u0131. Bat\u0131kent, Kuzeykent, De\u011firmen\u00e7ay, \u00c7avak, \u0130n\u00f6n\u00fc, Pirireis ve Palmiye mahallelerinin ard\u0131ndan son olarak \u0130nsu\u2019da toplant\u0131 d\u00fczelendi. Mahalle sakinlerinin yo\u011fun ilgi g\u00f6sterdi\u011fi toplant\u0131ya Yeni\u015fehir Belediye Ba\u015fkan\u0131 Abdullah \u00d6zyi\u011fit, \u0130nsu Mahalle Muhtar\u0131 Sadettin K\u00f6k,  belediye meclis \u00fcyeleri, ba\u015fkan yard\u0131mc\u0131lar\u0131 ve m\u00fcd\u00fcrler kat\u0131ld\u0131.<br \/>\n\u201cVatanda\u015flar\u0131m\u0131z\u0131n g\u00f6r\u00fc\u015fleri bizim i\u00e7in yol g\u00f6stericidir\u201d<br \/>\nToplant\u0131n\u0131n a\u00e7\u0131l\u0131\u015f\u0131nda konu\u015fan Yeni\u015fehir Belediye Ba\u015fkan\u0131 Abdullah \u00d6zyi\u011fit, ilk olarak 30 A\u011fustos Zafer Bayram\u0131\u2019n\u0131 kutlad\u0131. Ba\u015fkan \u00d6zyi\u011fit, \u201c30 A\u011fustos Zafer Bayram\u0131&#8217;m\u0131z\u0131 y\u00fcrekten kutluyorum.  \u00d6zg\u00fcrl\u00fc\u011f\u00fc karakteri sayan, Cumhuriyetimizin kurucusu Gazi Mustafa Kemal Atat\u00fcrk ve yol arkada\u015flar\u0131n\u0131 sayg\u0131yla an\u0131yorum. Vatan u\u011fruna canlar\u0131n\u0131 feda eden t\u00fcm \u015fehitlerimize Allah\u2019tan rahmet diliyor, kahraman gazilerimize \u015f\u00fckranlar\u0131m\u0131 sunuyorum.  B\u00fcy\u00fck zorluklara ra\u011fmen verilen bu b\u00fcy\u00fck m\u00fccadele, bizlere \u0131\u015f\u0131k tutmaya, yolumuzu ayd\u0131nlatmaya devam ediyor. Bizler de t\u00fcm g\u00fcc\u00fcm\u00fczle \u00e7al\u0131\u015farak, Cumhuriyetimizi sonsuza dek ya\u015fatma hedefinden asla vazge\u00e7meyece\u011fiz.\u201d dedi. Halk\u0131n fikirlerinin de\u011fer g\u00f6rd\u00fc\u011f\u00fc y\u00f6netim anlay\u0131\u015f\u0131n\u0131 temsil ettiklerini ve bu y\u00f6nde \u00e7al\u0131\u015ft\u0131klar\u0131n\u0131 belirten Ba\u015fkan \u00d6zyi\u011fit, \u201cBug\u00fcn burada, sizlerle kentimiz i\u00e7in bir araya gelmekten b\u00fcy\u00fck bir mutluluk duyuyorum.  G\u00f6r\u00fc\u015f ve \u00f6nerilerinizi dinlemek, ihtiya\u00e7 ve beklentilerinizi anlamak amac\u0131yla d\u00fczenledi\u011fimiz bu toplant\u0131ya kat\u0131l\u0131m\u0131n\u0131zdan dolay\u0131 sizlere te\u015fekk\u00fcr ediyorum.  Cumhuriyet demokrasidir, demokrasi ise sadece se\u00e7im d\u00f6nemlerinde oy kullanmakla s\u0131n\u0131rl\u0131 de\u011fildir. Demokrasi, halk\u0131n sesinin her zaman duyuldu\u011fu, her bir vatanda\u015f\u0131n fikirlerinin de\u011fer g\u00f6rd\u00fc\u011f\u00fc bir y\u00f6netim anlay\u0131\u015f\u0131d\u0131r. Yeni\u015fehir Belediyesi olarak, bu anlay\u0131\u015f\u0131 en iyi \u015fekilde hayata ge\u00e7irmek i\u00e7in buraday\u0131z. Vatanda\u015flar\u0131m\u0131z\u0131n g\u00f6r\u00fc\u015fleri bizim i\u00e7in yol g\u00f6stericidir, her biri de\u011ferlidir. \u201d ifadelerini kulland\u0131.<br \/>\n\u201cT\u00fcrkiye\u2019de ilk kez bir belediye stratejik plan\u0131n\u0131 halk\u0131n kat\u0131l\u0131m\u0131yla haz\u0131rlad\u0131.\u201d<br \/>\nKat\u0131l\u0131mc\u0131 stratejik plan hakk\u0131nda konu\u015fan Ba\u015fkan \u00d6zyi\u011fit, \u201c2019 y\u0131l\u0131nda g\u00f6reve geldikten hemen sonra t\u00fcm mahallelerimizde toplant\u0131lar d\u00fczenledik, 5 bin 50 talep ve \u00f6neri ald\u0131k. Daha sonra kamu kurumlar\u0131, STK\u2019lar ve \u00fcniversite temsilcilerinin kat\u0131l\u0131m\u0131yla \u00e7al\u0131\u015ftaylar d\u00fczenledik.  Belediyecilik vizyonumuzu da ekleyerek, halk\u0131n g\u00f6r\u00fc\u015fleri \u0131\u015f\u0131\u011f\u0131nda stratejik plan\u0131m\u0131z\u0131 haz\u0131rlad\u0131k.  T\u00fcrkiye\u2019de ilk kez bir belediye stratejik plan\u0131n\u0131 halk\u0131n kat\u0131l\u0131m\u0131yla haz\u0131rlad\u0131.  Bu uygulamam\u0131z T\u00fcrkiye\u2019de bir\u00e7ok belediyeye \u00f6rnek oldu.  \u015eimdi 2025-2029 Stratejik Plan\u0131m\u0131z\u0131 da halk\u0131m\u0131z\u0131n do\u011frudan kat\u0131l\u0131m\u0131 ve katk\u0131lar\u0131yla \u015fekillendiriyoruz.\u201d diye konu\u015ftu.<br \/>\n\u0130nsu Mahalle Muhtar\u0131 Sadettin K\u00f6k de mahalle sakinleri ad\u0131na Yeni\u015fehir Belediye Ba\u015fkan\u0131 Abdullah \u00d6zyi\u011fit\u2019e d\u00fczenledikleri toplant\u0131 nedeniyle te\u015fekk\u00fcr etti. K\u00f6k, halk\u0131n sesine kulak veren Ba\u015fkan \u00d6zyi\u011fit\u2019in deste\u011fini daima hissettiklerini ifade ederek, Yeni\u015fehir Belediyesinin \u00e7al\u0131\u015fmalar\u0131n\u0131 takdir etti.  Toplant\u0131da daha sonra vatanda\u015flar s\u00f6z alarak, mahallelerinin sorunlar\u0131 hakk\u0131nda taleplerini ve \u00f6nerilerini dile getirdi. <\/p>\n","protected":false},"excerpt":{"rendered":"<p>Mersin Yeni\u015fehir Belediyesinin 2025-2029 Stratejik Plan\u0131\u2019n\u0131 Yeni\u015fehirli vatanda\u015flarla birlikte haz\u0131rlamak amac\u0131yla d\u00fczenledi\u011fi mahalle toplant\u0131lar\u0131 \u0130nsu\u2019da devam etti. Yeni\u015fehir Belediye Ba\u015fkan\u0131 Abdullah \u00d6zyi\u011fit\u2019in kat\u0131l\u0131m\u0131yla k\u0131rsal mahalle \u0130nsu\u2019da d\u00fczenlenen toplant\u0131da vatanda\u015flar, k\u00fcrs\u00fcye &hellip; <a href=\"https:\/\/akdenizolaygazetesi.com\/?p=31707\" class=\"more-link\">Devam\u0131n\u0131 Oku&#8230;<\/a><\/p>\n","protected":false},"author":2,"featured_media":31708,"comment_status":"open","ping_status":"open","sticky":false,"template":"","format":"standard","meta":[],"categories":[1,2,3],"tags":[],"_links":{"self":[{"href":"https:\/\/akdenizolaygazetesi.com\/index.php?rest_route=\/wp\/v2\/posts\/31707"}],"collection":[{"href":"https:\/\/akdenizolaygazetesi.com\/index.php?rest_route=\/wp\/v2\/posts"}],"about":[{"href":"https:\/\/akdenizolaygazetesi.com\/index.php?rest_route=\/wp\/v2\/types\/post"}],"author":[{"embeddable":true,"href":"https:\/\/akdenizolaygazetesi.com\/index.php?rest_route=\/wp\/v2\/users\/2"}],"replies":[{"embeddable":true,"href":"https:\/\/akdenizolaygazetesi.com\/index.php?rest_route=%2Fwp%2Fv2%2Fcomments&post=31707"}],"version-history":[{"count":1,"href":"https:\/\/akdenizolaygazetesi.com\/index.php?rest_route=\/wp\/v2\/posts\/31707\/revisions"}],"predecessor-version":[{"id":31709,"href":"https:\/\/akdenizolaygazetesi.com\/index.php?rest_route=\/wp\/v2\/posts\/31707\/revisions\/31709"}],"wp:featuredmedia":[{"embeddable":true,"href":"https:\/\/akdenizolaygazetesi.com\/index.php?rest_route=\/wp\/v2\/media\/31708"}],"wp:attachment":[{"href":"https:\/\/akdenizolaygazetesi.com\/index.php?rest_route=%2Fwp%2Fv2%2Fmedia&parent=31707"}],"wp:term":[{"taxonomy":"category","embeddable":true,"href":"https:\/\/akdenizolaygazetesi.com\/index.php?rest_route=%2Fwp%2Fv2%2Fcategories&post=31707"},{"taxonomy":"post_tag","embeddable":true,"href":"https:\/\/akdenizolaygazetesi.com\/index.php?rest_route=%2Fwp%2Fv2%2Ftags&post=31707"}],"curies":[{"name":"wp","href":"https:\/\/api.w.org\/{rel}","templated":true}]}}