{"id":31710,"date":"2024-08-29T17:27:40","date_gmt":"2024-08-29T14:27:40","guid":{"rendered":"http:\/\/akdenizolaygazetesi.com\/?p=31710"},"modified":"2024-08-29T17:27:40","modified_gmt":"2024-08-29T14:27:40","slug":"es-baskan-sariyildiz-halen-kayyim-hayali-kuranlar-var","status":"publish","type":"post","link":"https:\/\/akdenizolaygazetesi.com\/?p=31710","title":{"rendered":"E\u015e BA\u015eKAN SARIYILDIZ &#8211; HALEN KAYYIM HAYAL\u0130 KURANLAR VAR"},"content":{"rendered":"<p>Akdeniz Belediyesi E\u015f Ba\u015fkanlar\u0131 Ho\u015fyar Sar\u0131y\u0131ld\u0131z ve Nuriye Arslan, 31 Mart yerel se\u00e7imlerinin \u00fczerinde ge\u00e7en ge\u00e7en 5 ay\u0131 de\u011ferlendirdikleri bas\u0131n toplant\u0131s\u0131nda \u00e7e\u015fitli konu ve s\u0131k\u0131nt\u0131lar hakk\u0131nda a\u00e7\u0131klamalar yapt\u0131.<br \/>\nE\u015f Ba\u015fkan Sar\u0131y\u0131ld\u0131z; \u201c31 Mart 2024 yerel se\u00e7im sonu\u00e7lar\u0131n\u0131 hazmedemeyip halen kap\u0131 kap\u0131 gezerek kayy\u0131m dilenen, kayy\u0131m hayali kuran; bizim hakk\u0131m\u0131zda Mersin kamuoyu nezdinde alg\u0131lar olu\u015fturup as\u0131ls\u0131z haberler servis eden bir anlay\u0131\u015fla kar\u015f\u0131 kar\u015f\u0131ya kald\u0131k. A\u00e7\u0131k ve net ifade edelim ki bizim kayy\u0131m gibi bir g\u00fcndemimiz yok\u201d dedi.<br \/>\nE\u015f Ba\u015fkan\u0131 Nuriye Arslan ise, ba\u015fta belediyenin kad\u0131n \u00e7al\u0131\u015fanlar\u0131 olmak \u00fczere personelin \u00f6zl\u00fck haklar\u0131n\u0131 iyile\u015ftireceklerini vurgulad\u0131. Kad\u0131n \u00e7al\u0131\u015fanlar\u0131n 25 Kas\u0131m Kad\u0131na \u015eiddete Kar\u015f\u0131 M\u00fccadele G\u00fcn\u00fc ile 8 Mart D\u00fcnya Emek\u00e7i Kad\u0131nlar G\u00fcn\u00fc\u2019nde izinli olaca\u011f\u0131n\u0131 da belirten E\u015f Ba\u015fkan Arslan, kad\u0131nlar\u0131n her ay regl izni kullanabilece\u011fini kaydetti.<br \/>\n\u201cG\u00fcncel bor\u00e7 miktar\u0131 858 milyon TL\u201d<br \/>\nAkdeniz Belediyesi\u2019nin 1 Ocak 2024 ila 31 Temmuz 2024 tarihleri aras\u0131nda netle\u015fen toplam bor\u00e7 miktar\u0131n\u0131n 858 milyon TL oldu\u011funu belirten E\u015f Ba\u015fkan Sar\u0131y\u0131ld\u0131z,  \u201c\u00d6nceki y\u00f6netim d\u00f6neminde belediyemize gelir sa\u011flay\u0131c\u0131 herhangi bir yat\u0131r\u0131m ve proje \u00fcretilmedi\u011fi gibi, hayali bir tak\u0131m harcamalar; Meclis toplant\u0131s\u0131n\u0131n hemen \u00f6ncesinde meclis \u00fcyelerimizin g\u00f6zalt\u0131na al\u0131n\u0131p elde edilen say\u0131sal \u00e7o\u011funlukla yap\u0131lan kimi tahsisler ve bor\u00e7lanma yetkisi al\u0131nmas\u0131yla da belediyenin bor\u00e7 ve faiz y\u00fck\u00fc a\u011f\u0131rla\u015fm\u0131\u015ft\u0131r. Bu y\u00fcksek bor\u00e7 nas\u0131l yap\u0131lm\u0131\u015f bir tarafa; \u00e7\u00f6p konteyn\u0131r\u0131, k\u0131rtasiye malzemesi ve teknik alet ve malzemelerin bile yeterli miktarda olmay\u0131\u015f\u0131, bu kadar paran\u0131n nereye gitti\u011fi sorusunu ak\u0131llara getirmektedir\u201d diye konu\u015ftu.<br \/>\n\u201c\u0130ller Bankas\u0131, pay\u0131m\u0131zdan ekstra 31 milyon TL kesti\u201d<br \/>\nE\u015f Ba\u015fkan Sar\u0131y\u0131ld\u0131z; Cumhurba\u015fkanl\u0131\u011f\u0131n\u0131n, \u00f6nceki y\u00f6netimden kalma bor\u00e7lar\u0131n haczi ve tahsili ile tasarruf tedbirleri genelgesi sonras\u0131 yap\u0131lan s\u0131n\u0131rland\u0131rmalar\u0131n belediyeleri adeta \u00e7al\u0131\u015famaz hale getirdi\u011fini de ifade ederek; \u201cGe\u00e7en Temmuz ay\u0131nda Cumhurba\u015fkan\u0131n\u0131n yapt\u0131\u011f\u0131 \u2018belediye bor\u00e7lar\u0131n\u0131n kayna\u011f\u0131ndan kesilmesi\u2019 talimat\u0131 ile \u0130ller Bankas\u0131 gelirlerimiz azalm\u0131\u015f ve belediyemiz a\u011f\u0131r bir mali s\u0131k\u0131nt\u0131 i\u00e7erisine girmi\u015f durumdad\u0131r.<br \/>\nNitekim Cumhurba\u015fkan\u0131\u2019n\u0131n; belediyelerin bor\u00e7lar\u0131na dair yapt\u0131\u011f\u0131 a\u00e7\u0131klamadan sonra, borcumuza mahsuben \u0130ller Bankas\u0131 taraf\u0131ndan Maliye\u2019ye; bu y\u0131l\u0131n 7\u2019inci ay\u0131nda 22 milyon TL; 8\u2019inci ayda 9 milyon TL olmak \u00fczere toplam 31 milyon TL hesab\u0131m\u0131zdan ekstra kesinti yap\u0131ld\u0131. \u0130ller Bankas\u0131\u2019n\u0131n yapt\u0131\u011f\u0131 kesintiler sonras\u0131 ayl\u0131k ortalama memur, kadrolu i\u015f\u00e7i ve \u015firket personelinin maa\u015flar\u0131n\u0131n \u00f6denmesinde dahi s\u0131k\u0131nt\u0131 ortaya \u00e7\u0131kmaya ba\u015flam\u0131\u015ft\u0131r\u201d ifadelerini kulland\u0131.<br \/>\n\u201c31 Mart ile 5 Nisan aras\u0131 42 milyon TL fatura ve bor\u00e7 giri\u015fi olmu\u015f\u201d<br \/>\nAkdeniz Belediyesi\u2019nin 1 Ocak \u2013 31 Temmuz 2024 tarihleri aras\u0131 toplam gelirinin 523 milyon 646 bin TL oldu\u011funu, ayn\u0131 tarihler aras\u0131nda toplam giderin ise 873 milyon 883 bin TL oldu\u011funu belirten E\u015f Ba\u015fkan Sar\u0131y\u0131ld\u0131z, \u201cG\u00f6r\u00fcld\u00fc\u011f\u00fc \u00fczere sadece son 7 ayl\u0131k d\u00f6nemde gelirimiz ile giderimiz aras\u0131ndaki fark (eksi) 350 milyon 237 bin TL\u2019dir.  Belediyemizin 1 Ocak ile 31 Mart 2024 aras\u0131 652 milyon 748 bin TL bor\u00e7 varken ve sadece 31 Mart ile 5 Nisan 2024 yani mazbata g\u00fcn\u00fc aras\u0131 42 milyon TL\u2019lik bir fatura ve bor\u00e7 giri\u015fi olmu\u015ftur.<br \/>\nD\u00fc\u015f\u00fcnebiliyor musunuz? 1\u2019inci aya ait faturay\u0131; se\u00e7imi kazand\u0131\u011f\u0131m\u0131z g\u00fcnden hemen sonras\u0131na keserek bor\u00e7lar\u0131n\u0131n 42 milyon TL tutar\u0131n\u0131 az g\u00f6stermi\u015fler. Bu a\u011f\u0131r tablo nedeniyle; hem belediyemizin bor\u00e7 ve faiz y\u00fck\u00fcn\u00fc hafifletmek, hem de halk\u0131m\u0131za s\u00f6z\u00fcn\u00fc verdi\u011fimiz hizmet ve projeleri hayata katmak; yan\u0131 s\u0131ra \u00f6zveriyle \u00e7al\u0131\u015fan belediyemiz personeli arkada\u015flar\u0131m\u0131z\u0131n \u00f6zl\u00fck durumlar\u0131n\u0131 iyile\u015ftirmek i\u00e7in birtak\u0131m ta\u015f\u0131nmazlar\u0131 satmak zorunda kalaca\u011f\u0131m\u0131z\u0131 a\u00e7\u0131k\u00e7a ifade ediyoruz\u201d \u015feklinde konu\u015ftu.<br \/>\n\u201cTemizlik personeli al\u0131m\u0131 i\u00e7in Bakanl\u0131\u011fa yazd\u0131\u011f\u0131m\u0131z yaz\u0131ya yan\u0131t bekliyoruz\u201d<br \/>\nDe\u011ferlendirmesinde, belediyenin ya\u015fad\u0131\u011f\u0131 temizlik personeli s\u0131k\u0131nt\u0131s\u0131n\u0131n da alt\u0131n\u0131 \u00e7izen E\u015f Ba\u015fkan Ho\u015fyar Sar\u0131y\u0131ld\u0131z s\u00f6zlerini \u015f\u00f6yle s\u00fcrd\u00fcrd\u00fc: \u201cBelediyemizde; bug\u00fcn itibariyle 226 memur, 58 kadrolu i\u015f\u00e7i; Personel A\u015e ve \u0130mar A\u015e adl\u0131 2 \u015firketimiz b\u00fcnyesinde de 766 olmak \u00fczere toplamda 1050 personel arkada\u015f\u0131m\u0131z hizmet vermektedir. Akdeniz, yakla\u015f\u0131k 300 bin insan\u0131n ikamet etti\u011fi, g\u00fcnd\u00fcz n\u00fcfusunun ise 1 milyonu a\u015ft\u0131\u011f\u0131, y\u00fcz \u00f6l\u00e7\u00fcm olarak da kentimizin en b\u00fcy\u00fck il\u00e7elerinden biridir.<br \/>\n\u00c7ok geni\u015f s\u0131n\u0131rlara yay\u0131lm\u0131\u015f toplam 65 mahallemizin 2 bin 841 soka\u011f\u0131na temizlik hizmeti sunuyoruz. \u00c7evre temizli\u011fiyle ilgili \u015fik\u00e2yetlerin fark\u0131nday\u0131z.  Ge\u00e7en d\u00f6nem, \u00c7evre Koruma M\u00fcd\u00fcrl\u00fc\u011f\u00fcm\u00fczde 282 belediye personeli; 98\u2019i Toplum Yarar\u0131na Proje (TYP) kapsam\u0131nda olmak \u00fczere toplam 380 personel \u00e7al\u0131\u015fmakta idi.<br \/>\nFakat biz g\u00f6reve gelip daha mazbatam\u0131z\u0131 almadan TYP ile \u00e7al\u0131\u015fan 185 personel Kaymakaml\u0131k taraf\u0131ndan geri \u00e7ekildi. Ge\u00e7en d\u00f6nem Akdeniz\u2019in 2 bin 800\u2019\u00fc a\u015fk\u0131n soka\u011f\u0131nda hizmet veren temizlik personeli 380 ki\u015fi iken, bug\u00fcn belediye b\u00fcnyesinde \u00e7al\u0131\u015fan 255 personel, bu ihtiyac\u0131 kar\u015f\u0131layamamaktad\u0131r. D\u00fc\u015f\u00fcn\u00fcn ki 2 bin 800\u2019\u00fc a\u015fk\u0131n soka\u011f\u0131 olan bir il\u00e7ede sadece 95 s\u00fcp\u00fcrgeci, 77 ara\u00e7 arkas\u0131 personel, 56 \u015fof\u00f6r \u00e7al\u0131\u015fmaktad\u0131r.<br \/>\nBu say\u0131n\u0131n, Akdeniz\u2019in ihtiyac\u0131n\u0131 kar\u015f\u0131lamas\u0131 m\u00fcmk\u00fcn m\u00fcd\u00fcr? Belediyemize temizlik personeli al\u0131narak sorunun \u00e7\u00f6z\u00fcm\u00fc i\u00e7in \u00c7evre ve \u015eehircilik Bakanl\u0131\u011f\u0131\u2019na 17 Temmuz 2024 tarihinde yaz\u0131l\u0131 ba\u015fvuru yapt\u0131k. Fakat halen bu konuda bize bir d\u00f6n\u00fc\u015f yap\u0131lmad\u0131. Sizlerin arac\u0131l\u0131\u011f\u0131yla Bakanl\u0131\u011fa \u00e7a\u011fr\u0131da bulunuyoruz; \u00c7evre koruma m\u00fcd\u00fcrl\u00fc\u011f\u00fcm\u00fcze personel al\u0131m\u0131 i\u00e7in yazd\u0131\u011f\u0131m\u0131z yaz\u0131ya bir an \u00f6nce olumlu yan\u0131t vermelerini, Akdeniz halk\u0131 ad\u0131na Bakanl\u0131ktan talep ediyoruz.\u201d<br \/>\n\u201cOkul m\u00fcd\u00fcrlerine, bir \u015fey talep etmeyin talimat\u0131 verilmi\u015f\u201d<br \/>\nMersin Valili\u011fi, Cumhuriyet Ba\u015fsavc\u0131l\u0131\u011f\u0131 ve Akdeniz Kaymakaml\u0131\u011f\u0131ndan, g\u00f6reve geldikleri g\u00fcnden bu yana randevu talep ettiklerini, ancak 5 ayd\u0131r hi\u00e7bir kurumun randevu vermedi\u011fini s\u00f6yleyen Sar\u0131y\u0131ld\u0131z, \u201cBelediye ayn\u0131 belediye, halk ayn\u0131 halk\u2026 \u00d6nceki y\u00f6netimle her f\u0131rsatta bir araya gelen m\u00fclki idare amirleri, yeni y\u00f6netimle neden hi\u00e7bir \u015fekilde bir araya gelmek istememektedir, anlam\u0131\u015f de\u011filiz. Bizler; bu tav\u0131rdan da bir an \u00f6nce vazge\u00e7ilmesini ve taraf\u0131m\u0131za randevu verilerek kentimizin, il\u00e7emizin ve vatanda\u015flar\u0131m\u0131z\u0131n sorunlar\u0131n\u0131n \u00e7\u00f6z\u00fcm\u00fc i\u00e7in g\u00f6r\u00fc\u015fmek istedi\u011fimizi belirtiyoruz.<br \/>\nOkul m\u00fcd\u00fcrlerinin \u00e7e\u015fitli konularda destek istemelerinin \u00f6n\u00fc kesilerek, belediyelerden hi\u00e7bir \u015fekilde yard\u0131m veya destek almamalar\u0131 y\u00f6n\u00fcnde talimat verildi\u011fi y\u00f6n\u00fcnde maalesef duyumlar al\u0131yoruz.  Bizler; camilerde oldu\u011fu gibi, okullar\u0131m\u0131zda da ihtiya\u00e7lar\u0131 kar\u015f\u0131lamak istedi\u011fimizi belirtiyoruz. Dolay\u0131s\u0131yla idarenin bu k\u0131s\u0131tlay\u0131c\u0131 talimat\u0131ndan vazge\u00e7mesini bekliyoruz. \u00c7ocuklar\u0131m\u0131z\u0131n e\u011fitim s\u00fcre\u00e7lerinde yanlar\u0131nda oldu\u011fumuzu, okul m\u00fcd\u00fcrlerimiz ve \u00f6\u011fretmenlerimizin yapaca\u011f\u0131 ba\u015fvurulara destek olmak istedi\u011fimizi bir kez daha belirtiyoruz\u201d ifadelerini kulland\u0131.<br \/>\n\u201cSe\u00e7imden beri i\u015fe hi\u00e7 gelmeyen personelimiz var\u201d<br \/>\nE\u015f Ba\u015fkan Sar\u0131y\u0131ld\u0131z, g\u00f6reve geldikten sonra toplu i\u015ften \u00e7\u0131karma yapmad\u0131klar\u0131n\u0131, fakat i\u015fe hi\u00e7 gelmeyen 3; disiplin kuruluyla 8, mahkeme karar\u0131yla da 1 olmak \u00fczere toplam 12 ki\u015finin belediye ile ili\u015fi\u011finin kesildi\u011fini, 16 personelin istifa etti\u011fini, 11 ki\u015finin emekli oldu\u011funu mahkeme karar\u0131yla 1 personelin \u00e7\u0131k\u0131\u015f\u0131n\u0131n verildi\u011fini s\u00f6zlerine ekledi.  \u201cYerel se\u00e7imlerin ard\u0131ndan aylarca i\u015fe gelmeyen, rapor \u00fcst\u00fcne rapor al\u0131p aylard\u0131r hi\u00e7 \u00e7al\u0131\u015fmayan kimi personelimiz de var\u201d diyen E\u015f Ba\u015fkan Sar\u0131y\u0131ld\u0131z; \u201cBaz\u0131 personelimiz ise g\u00f6revlendirme ve birim de\u011fi\u015fikli\u011fine ra\u011fmen g\u00f6rev yerine ya hi\u00e7 gitmemi\u015f veya kendisine verilen i\u015fi-g\u00f6revi yapmayaca\u011f\u0131n\u0131 s\u00f6ylemi\u015ftir. Se\u00e7im sonu\u00e7lar\u0131n\u0131 hazmedemedi\u011fi anla\u015f\u0131lan, kayy\u0131m hayali kuran, bizlere kar\u015f\u0131 siyasi tav\u0131r almaya \u00e7al\u0131\u015ft\u0131\u011f\u0131 g\u00f6r\u00fclen kimi \u00e7al\u0131\u015fanlar\u0131n bu yola girdi\u011fini a\u00e7\u0131k\u00e7a s\u00f6ylemek zorunday\u0131z\u201d ifadelerini kulland\u0131.<br \/>\n\u201cMersin halk\u0131, kayy\u0131m iddialar\u0131na kar\u015f\u0131 Akdeniz\u2019e sahip \u00e7\u0131kt\u0131\u201d<br \/>\nAkdeniz Belediyesine kayy\u0131m atanaca\u011f\u0131 y\u00f6n\u00fcnde s\u00f6ylenti yayanlara da de\u011finen Sar\u0131y\u0131ld\u0131z a\u00e7\u0131klamas\u0131n\u0131 \u015f\u00f6yle s\u00fcrd\u00fcrd\u00fc: \u201cMaalesef kentimizde de se\u00e7im sonu\u00e7lar\u0131n\u0131 hazmedemeyip kap\u0131 kap\u0131 gezerek kayy\u0131m dilenen; kayy\u0131m hayali kuran, hakk\u0131m\u0131zda kamuoyu nezdinde alg\u0131 olu\u015fturup as\u0131ls\u0131z haberler servis eden bir anlay\u0131\u015fla kar\u015f\u0131 kar\u015f\u0131ya kald\u0131k. Bizim, kayy\u0131m gibi bir g\u00fcndemimiz yok. B\u00fct\u00fcn faaliyetlerimiz halk\u00e7\u0131 \u015feffaf, demokratik ve kapsay\u0131c\u0131 bir belediyecilik anlay\u0131\u015f\u0131yla y\u00fcr\u00fct\u00fclmektedir. Hukuk d\u0131\u015f\u0131, yasa ve mevzuat d\u0131\u015f\u0131 hi\u00e7bir uygulamaya m\u00fcsamaha g\u00f6sterilmedi, bundan sonra da g\u00f6sterilmeyecektir. Belediyemizin her t\u00fcrl\u00fc g\u00f6revlendirme ve atamalar\u0131; ilgili birimlerle tart\u0131\u015f\u0131larak E\u015f Ba\u015fkanlar taraf\u0131ndan de\u011ferlendirilmekte ve benim taraf\u0131mdan ger\u00e7ekle\u015ftirilmektedir.<br \/>\nYarat\u0131lmak istenen alg\u0131lar\u0131n kar\u015f\u0131s\u0131nda halk\u0131m\u0131z, siyasi partiler ve sivil toplum \u00f6rg\u00fctleri en ba\u015fta oldu\u011fu gibi bizlerin yan\u0131nda durmu\u015f, Mersin B\u00fcy\u00fck\u015fehir Belediye Ba\u015fkan\u0131m\u0131z ve il\u00e7e belediye ba\u015fkanlar\u0131m\u0131z her zaman yan\u0131m\u0131zda durmu\u015f ve destek mesajlar\u0131 vermi\u015flerdir. Dolay\u0131s\u0131yla Mersin halk\u0131, bir b\u00fct\u00fcn olarak demokrasiye sahip \u00e7\u0131km\u0131\u015f, gerek i\u00e7eriden, gerek d\u0131\u015far\u0131dan kayy\u0131m hayalleri kuranlar\u0131n bu konudaki hayalleri suya d\u00fc\u015fm\u00fc\u015ft\u00fcr.\u201d<br \/>\nE\u015f Ba\u015fkan Arslan; \u201cKad\u0131n \u00e7al\u0131\u015fanlar \u00f6zel g\u00fcnlerinde izinli olacak\u201d<br \/>\nAkdeniz Belediye E\u015f Ba\u015fkan\u0131 Nuriye Arslan da konu\u015fmas\u0131nda, ba\u015fta kad\u0131n \u00e7al\u0131\u015fanlar olmak \u00fczere belediye \u00e7al\u0131\u015fanlar\u0131n\u0131n \u00f6zl\u00fck haklar\u0131n\u0131n iyile\u015ftirilmesi i\u00e7in \u00e7al\u0131\u015fma yapt\u0131klar\u0131n\u0131n alt\u0131n\u0131 \u00e7izdi. Kad\u0131n \u00e7al\u0131\u015fanlar\u0131n 25 Kas\u0131m \u015eiddete Kar\u015f\u0131 M\u00fccadele G\u00fcn\u00fc ve 8 Mart D\u00fcnya Emek\u00e7i Kad\u0131nlar G\u00fcn\u00fc\u2019nde izinli olaca\u011f\u0131n\u0131 ifade eden E\u015f Ba\u015fkan Arslan, ayr\u0131ca kad\u0131nlar\u0131n her ay regl izni kullanabileceklerini s\u00f6yledi.<br \/>\nKayy\u0131m d\u00f6neminde ve AKP d\u00f6neminde \u0130\u015ftar Kad\u0131n Dan\u0131\u015fma Merkezi ba\u015fta olmak \u00fczere kad\u0131nlara y\u00f6nelik \u00e7al\u0131\u015fmalar\u0131n bir\u00e7o\u011funun kald\u0131r\u0131ld\u0131\u011f\u0131n\u0131, Kad\u0131n M\u00fcd\u00fcrl\u00fc\u011f\u00fcn\u00fcn i\u015flevsizle\u015ftirildi\u011fini ve erkek m\u00fcd\u00fcr atand\u0131\u011f\u0131n\u0131 hat\u0131rlatan Arslan, yeni d\u00f6nemde Kad\u0131n M\u00fcd\u00fcrl\u00fc\u011f\u00fcn\u00fcn yeniden ve \u00e7ok daha g\u00fc\u00e7l\u00fc bir \u015fekilde yap\u0131land\u0131r\u0131ld\u0131\u011f\u0131n\u0131n alt\u0131n\u0131 \u00e7izdi. \u00c7evre Koruma M\u00fcd\u00fcrl\u00fc\u011f\u00fcnde temizlik hizmeti gibi a\u011f\u0131r ko\u015fullarda \u00e7al\u0131\u015fan i\u015f\u00e7ilerin \u00fccretlerinin iyile\u015ftirilece\u011fini kaydeden E\u015f Ba\u015fkan Nuriye Arslan; bu kapsamda s\u00fcp\u00fcrgeci personele ek 1500 TL, kamyon arkas\u0131nda \u00e7al\u0131\u015fan personele de ek 3 bin TL \u00f6denek tahsisi yap\u0131laca\u011f\u0131n\u0131 s\u00f6zlerine ekledi.<br \/>\nE\u015f Ba\u015fkanlar Arslan ve Sar\u0131y\u0131ld\u0131z, sunumlar\u0131n\u0131n ard\u0131ndan toplant\u0131y\u0131 takip eden bas\u0131n mensuplar\u0131n\u0131n kent ve medya g\u00fcndemine ili\u015fkin sorular\u0131na yan\u0131t verdi, ele\u015ftiri ve \u00f6nerileri dinledi. <\/p>\n","protected":false},"excerpt":{"rendered":"<p>Akdeniz Belediyesi E\u015f Ba\u015fkanlar\u0131 Ho\u015fyar Sar\u0131y\u0131ld\u0131z ve Nuriye Arslan, 31 Mart yerel se\u00e7imlerinin \u00fczerinde ge\u00e7en ge\u00e7en 5 ay\u0131 de\u011ferlendirdikleri bas\u0131n toplant\u0131s\u0131nda \u00e7e\u015fitli konu ve s\u0131k\u0131nt\u0131lar hakk\u0131nda a\u00e7\u0131klamalar yapt\u0131. E\u015f Ba\u015fkan &hellip; <a href=\"https:\/\/akdenizolaygazetesi.com\/?p=31710\" class=\"more-link\">Devam\u0131n\u0131 Oku&#8230;<\/a><\/p>\n","protected":false},"author":2,"featured_media":31711,"comment_status":"open","ping_status":"open","sticky":false,"template":"","format":"standard","meta":[],"categories":[1,2,3],"tags":[],"_links":{"self":[{"href":"https:\/\/akdenizolaygazetesi.com\/index.php?rest_route=\/wp\/v2\/posts\/31710"}],"collection":[{"href":"https:\/\/akdenizolaygazetesi.com\/index.php?rest_route=\/wp\/v2\/posts"}],"about":[{"href":"https:\/\/akdenizolaygazetesi.com\/index.php?rest_route=\/wp\/v2\/types\/post"}],"author":[{"embeddable":true,"href":"https:\/\/akdenizolaygazetesi.com\/index.php?rest_route=\/wp\/v2\/users\/2"}],"replies":[{"embeddable":true,"href":"https:\/\/akdenizolaygazetesi.com\/index.php?rest_route=%2Fwp%2Fv2%2Fcomments&post=31710"}],"version-history":[{"count":1,"href":"https:\/\/akdenizolaygazetesi.com\/index.php?rest_route=\/wp\/v2\/posts\/31710\/revisions"}],"predecessor-version":[{"id":31712,"href":"https:\/\/akdenizolaygazetesi.com\/index.php?rest_route=\/wp\/v2\/posts\/31710\/revisions\/31712"}],"wp:featuredmedia":[{"embeddable":true,"href":"https:\/\/akdenizolaygazetesi.com\/index.php?rest_route=\/wp\/v2\/media\/31711"}],"wp:attachment":[{"href":"https:\/\/akdenizolaygazetesi.com\/index.php?rest_route=%2Fwp%2Fv2%2Fmedia&parent=31710"}],"wp:term":[{"taxonomy":"category","embeddable":true,"href":"https:\/\/akdenizolaygazetesi.com\/index.php?rest_route=%2Fwp%2Fv2%2Fcategories&post=31710"},{"taxonomy":"post_tag","embeddable":true,"href":"https:\/\/akdenizolaygazetesi.com\/index.php?rest_route=%2Fwp%2Fv2%2Ftags&post=31710"}],"curies":[{"name":"wp","href":"https:\/\/api.w.org\/{rel}","templated":true}]}}