{"id":31715,"date":"2024-09-01T16:11:45","date_gmt":"2024-09-01T13:11:45","guid":{"rendered":"http:\/\/akdenizolaygazetesi.com\/?p=31715"},"modified":"2024-09-01T16:11:45","modified_gmt":"2024-09-01T13:11:45","slug":"yenisehir-belediyesi-bayramin-coskusunu-sokaklara-tasidi","status":"publish","type":"post","link":"https:\/\/akdenizolaygazetesi.com\/?p=31715","title":{"rendered":"Yeni\u015fehir Belediyesi bayram\u0131n co\u015fkusunu sokaklara ta\u015f\u0131d\u0131"},"content":{"rendered":"<p>Mersin Yeni\u015fehir Belediyesi, 30 A\u011fustos Zafer Bayram\u0131\u2019nda d\u00fczenledi\u011fi kortej ge\u00e7i\u015fiyle b\u00fcy\u00fck zaferin co\u015fkusunu sokaklara ta\u015f\u0131d\u0131.<br \/>\nYeni\u015fehir Belediyesi milli bayramlarda geleneksel hale getirdi\u011fi kortej ge\u00e7i\u015fini 30 A\u011fustos Zafer Bayram\u0131\u2019nda da ger\u00e7ekle\u015ftirdi. Yeni\u015fehir Belediyesinin \u00e7a\u011fr\u0131s\u0131yla bir araya gelen Mersin Bisiklet Derne\u011fi, Mersin Motosiklet Spor Kul\u00fcb\u00fc,  Mersin \u00c7ukurova Klasik Otomobilciler Derne\u011fi, Mersin Off Road Kul\u00fcb\u00fc ve Vosteam Mersin \u00fcyeleri ara\u00e7lar\u0131yla Yeni\u015fehir sokaklar\u0131n\u0131 gezdi, zaferin co\u015fkusunu kente yayd\u0131.<br \/>\nKortej renkli g\u00f6r\u00fcnt\u00fclere sahne oldu<br \/>\nYo\u011fun kat\u0131l\u0131mla ger\u00e7ekle\u015ftirilen ve b\u00fcy\u00fck ilgi g\u00f6ren 30 A\u011fustos Zafer Korteji,co\u015fkulu ve renkli \u015fehir turuyla Yeni\u015fehirlilere bayram sevinci ya\u015fatt\u0131. Yeni\u015fehir Belediyesinin 30 A\u011fustos Zafer Bayram\u0131\u2019na \u00f6zel olarak haz\u0131rlad\u0131\u011f\u0131 \u00fcst\u00fc a\u00e7\u0131k otob\u00fcs e\u015fli\u011finde Yeni\u015fehir Belediyesi Atat\u00fcrk K\u00fclt\u00fcr Merkezi \u00f6n\u00fcnden ba\u015flayan kortej ge\u00e7i\u015fi birbirinden renkli g\u00f6r\u00fcnt\u00fclerle Mezitli Demokrasi Meydan\u0131\u2019nda son buldu.<br \/>\n \u201cZaferin Ba\u015fkomutan\u0131 Mustafa Kemal Atat\u00fcrk ve t\u00fcm kahramanlar\u0131m\u0131z\u0131 sayg\u0131 ve minnetle an\u0131yorum.\u201d<br \/>\nKorteje kat\u0131lan vatanda\u015flarla bir araya gelen Yeni\u015fehir Belediye Ba\u015fkan\u0131 Abdullah \u00d6zyi\u011fit, \u201cB\u00fcy\u00fck bir kortej olu\u015ftu, zaferin co\u015fkusunu seslendirecekler. 102 y\u0131l \u00f6nce Sakarya\u2019da sadece emperyalistler yenilmedi, ayn\u0131 zamanda t\u00fcm mazlum milletlerin makus talihi de yenildi. 30 A\u011fustos bu nedenle \u00e7ok k\u0131ymetlidir. Bize bu topraklar\u0131n vatan yapan t\u00fcm kahramanlar\u0131m\u0131z\u0131n b\u00fcy\u00fck emanetine sonsuza kadar sahip \u00e7\u0131kaca\u011f\u0131z. 30 A\u011fustos Zafer Bayram\u0131\u2019m\u0131z kutlu olsun. Zaferin Ba\u015fkomutan\u0131 Mustafa Kemal Atat\u00fcrk ve t\u00fcm kahramanlar\u0131m\u0131z\u0131 sayg\u0131 ve minnetle an\u0131yorum.\u201d dedi. <\/p>\n","protected":false},"excerpt":{"rendered":"<p>Mersin Yeni\u015fehir Belediyesi, 30 A\u011fustos Zafer Bayram\u0131\u2019nda d\u00fczenledi\u011fi kortej ge\u00e7i\u015fiyle b\u00fcy\u00fck zaferin co\u015fkusunu sokaklara ta\u015f\u0131d\u0131. Yeni\u015fehir Belediyesi milli bayramlarda geleneksel hale getirdi\u011fi kortej ge\u00e7i\u015fini 30 A\u011fustos Zafer Bayram\u0131\u2019nda da ger\u00e7ekle\u015ftirdi. &hellip; <a href=\"https:\/\/akdenizolaygazetesi.com\/?p=31715\" class=\"more-link\">Devam\u0131n\u0131 Oku&#8230;<\/a><\/p>\n","protected":false},"author":2,"featured_media":31716,"comment_status":"open","ping_status":"open","sticky":false,"template":"","format":"standard","meta":[],"categories":[1,2,3],"tags":[],"_links":{"self":[{"href":"https:\/\/akdenizolaygazetesi.com\/index.php?rest_route=\/wp\/v2\/posts\/31715"}],"collection":[{"href":"https:\/\/akdenizolaygazetesi.com\/index.php?rest_route=\/wp\/v2\/posts"}],"about":[{"href":"https:\/\/akdenizolaygazetesi.com\/index.php?rest_route=\/wp\/v2\/types\/post"}],"author":[{"embeddable":true,"href":"https:\/\/akdenizolaygazetesi.com\/index.php?rest_route=\/wp\/v2\/users\/2"}],"replies":[{"embeddable":true,"href":"https:\/\/akdenizolaygazetesi.com\/index.php?rest_route=%2Fwp%2Fv2%2Fcomments&post=31715"}],"version-history":[{"count":1,"href":"https:\/\/akdenizolaygazetesi.com\/index.php?rest_route=\/wp\/v2\/posts\/31715\/revisions"}],"predecessor-version":[{"id":31717,"href":"https:\/\/akdenizolaygazetesi.com\/index.php?rest_route=\/wp\/v2\/posts\/31715\/revisions\/31717"}],"wp:featuredmedia":[{"embeddable":true,"href":"https:\/\/akdenizolaygazetesi.com\/index.php?rest_route=\/wp\/v2\/media\/31716"}],"wp:attachment":[{"href":"https:\/\/akdenizolaygazetesi.com\/index.php?rest_route=%2Fwp%2Fv2%2Fmedia&parent=31715"}],"wp:term":[{"taxonomy":"category","embeddable":true,"href":"https:\/\/akdenizolaygazetesi.com\/index.php?rest_route=%2Fwp%2Fv2%2Fcategories&post=31715"},{"taxonomy":"post_tag","embeddable":true,"href":"https:\/\/akdenizolaygazetesi.com\/index.php?rest_route=%2Fwp%2Fv2%2Ftags&post=31715"}],"curies":[{"name":"wp","href":"https:\/\/api.w.org\/{rel}","templated":true}]}}