{"id":31718,"date":"2024-09-01T16:13:21","date_gmt":"2024-09-01T13:13:21","guid":{"rendered":"http:\/\/akdenizolaygazetesi.com\/?p=31718"},"modified":"2024-09-01T16:13:21","modified_gmt":"2024-09-01T13:13:21","slug":"baskan-vahap-secerden-1-eylul-dunya-baris-gunu-mesaji","status":"publish","type":"post","link":"https:\/\/akdenizolaygazetesi.com\/?p=31718","title":{"rendered":"BA\u015eKAN VAHAP SE\u00c7ER\u2019DEN 1 EYL\u00dcL D\u00dcNYA BARI\u015e G\u00dcN\u00dc MESAJI"},"content":{"rendered":"<p>Mersin B\u00fcy\u00fck\u015fehir Belediye Ba\u015fkan\u0131 Vahap Se\u00e7er, 1 Eyl\u00fcl D\u00fcnya Bar\u0131\u015f G\u00fcn\u00fc dolay\u0131s\u0131yla bir mesaj yay\u0131nlad\u0131.<\/p>\n<p>Ba\u015fkan Se\u00e7er mesaj\u0131nda \u015fu ifadelere yer verdi:<\/p>\n<p>&#8220;Sava\u015f ve ter\u00f6r, a\u011f\u0131r bedelleri olan ve h\u00fck\u00fcm s\u00fcrd\u00fc\u011f\u00fc yerlerde insanlar\u0131n ya\u015fam\u0131n\u0131 do\u011frudan etkisi alt\u0131na alan vah\u015fi ve lanetlenecek kavramlard\u0131r. S\u0131n\u0131rlar\u0131m\u0131z\u0131n \u00f6tesinde s\u00fcre gelen sava\u015f ve \u015fiddet ortam\u0131n\u0131n her t\u00fcrl\u00fc yans\u0131mas\u0131n\u0131 hala en yak\u0131ndan hissetti\u011fimiz bir kentte ya\u015f\u0131yoruz. Kendi i\u00e7inde yaratt\u0131\u011f\u0131 huzur ve bar\u0131\u015f ortam\u0131n\u0131n i\u00e7inde b\u00fct\u00fcn d\u00fcnyaya \u00f6rnek olabilecek, medeniyetler be\u015fi\u011fi bir kentin, kendi d\u0131\u015f\u0131nda yanan ate\u015fin duman\u0131nda bo\u011fulmas\u0131, sava\u015flar\u0131n yaratt\u0131\u011f\u0131 etki alan\u0131n\u0131 g\u00f6stermesi a\u00e7\u0131s\u0131ndan ibretlik bir durumdur.<\/p>\n<p>Do\u011fdu\u011fu b\u00fcy\u00fcd\u00fc\u011f\u00fc ko\u015fullar\u0131n etkisiyle, \u00f6zellikle de ald\u0131\u011f\u0131 e\u011fitimin gere\u011fi olarak, \u00e7ocukluk y\u0131llar\u0131 dahil, b\u00fct\u00fcn \u00f6mr\u00fcn\u00fc sava\u015flar\u0131n i\u00e7erisinde ge\u00e7irmi\u015f, mesle\u011fi askerlik olan ve b\u00fct\u00fcn d\u00fcnya da benzeri g\u00f6r\u00fclmemi\u015f askeri ba\u015far\u0131lara sahip bir ki\u015finin, &#8216;E\u011fer bir sava\u015f vatan savunmas\u0131 i\u00e7in \u015fart de\u011filse cinayettir&#8217; s\u00f6z\u00fcn\u00fc kullanmas\u0131, onun e\u015fsiz ki\u015fili\u011finin bir g\u00f6stergesidir. \u0130\u015fte b\u00f6ylesine bir liderin kurucusu oldu\u011fu bir \u00fclkede, Mersin&#8217;de 2019 y\u0131l\u0131ndan bu yana kentteki bar\u0131\u015f ve huzur ortam\u0131na katk\u0131 sa\u011flamak i\u00e7in, bu kentte ya\u015fayan hi\u00e7bir yurtta\u015f\u0131m\u0131z\u0131, hi\u00e7bir etnik grubu ve hi\u00e7bir inan\u00e7 grubunu ayr\u0131\u015ft\u0131rmadan, e\u015fit hizmet d\u00fcsturu ile \u00e7al\u0131\u015fmalar\u0131m\u0131za devam ediyoruz.<\/p>\n<p>Atat\u00fcrk&#8217;\u00fcn &#8216;Yurtta Sulh Cihanda Sulh&#8217; s\u00f6z\u00fcn\u00fcn basit bir veciz olmad\u0131\u011f\u0131n\u0131n fark\u0131nday\u0131z. Tarihimizde y\u0131llarca s\u00fcregelen sava\u015flar\u0131n, Anadolu&#8217;da ya\u015fayan halk\u0131m\u0131zda b\u0131rakt\u0131\u011f\u0131 derin izleri, Cumhuriyet kuruldu\u011fundan bug\u00fcne, bu bereketli topraklar \u00fczerinde tesis etti\u011fimiz kal\u0131c\u0131 bar\u0131\u015f iklimine kar\u015f\u0131 ger\u00e7ekle\u015ftirilen her t\u00fcrl\u00fc sald\u0131r\u0131n\u0131n bizlere verdi\u011fi b\u00fcy\u00fck zararlar\u0131 biliyor ve tamda bu sebeple kal\u0131c\u0131 bar\u0131\u015f ortam\u0131na hizmet etmekten bir an bile geri durmuyoruz.<\/p>\n<p>B\u00f6lgemizde ve d\u00fcnyada ya\u015fanan t\u00fcm s\u0131cak geli\u015fmeleri hassaten \u00fcz\u00fclerek takip ediyor, sava\u015fa kar\u015f\u0131 bar\u0131\u015f\u0131n, kaosa kar\u015f\u0131 istikrar\u0131n, \u015fiddete kar\u015f\u0131 huzurun gere\u011fini elimizden geldi\u011fince hayk\u0131rmaya devam ediyoruz.<\/p>\n<p>Bu duygularla t\u00fcm halk\u0131m\u0131z\u0131n 1 Eyl\u00fcl D\u00fcnya Bar\u0131\u015f G\u00fcn\u00fc&#8217;n\u00fc kutluyorum.&#8221;<\/p>\n","protected":false},"excerpt":{"rendered":"<p>Mersin B\u00fcy\u00fck\u015fehir Belediye Ba\u015fkan\u0131 Vahap Se\u00e7er, 1 Eyl\u00fcl D\u00fcnya Bar\u0131\u015f G\u00fcn\u00fc dolay\u0131s\u0131yla bir mesaj yay\u0131nlad\u0131. Ba\u015fkan Se\u00e7er mesaj\u0131nda \u015fu ifadelere yer verdi: &#8220;Sava\u015f ve ter\u00f6r, a\u011f\u0131r bedelleri olan ve h\u00fck\u00fcm &hellip; <a href=\"https:\/\/akdenizolaygazetesi.com\/?p=31718\" class=\"more-link\">Devam\u0131n\u0131 Oku&#8230;<\/a><\/p>\n","protected":false},"author":2,"featured_media":31719,"comment_status":"open","ping_status":"open","sticky":false,"template":"","format":"standard","meta":[],"categories":[1,2,3],"tags":[],"_links":{"self":[{"href":"https:\/\/akdenizolaygazetesi.com\/index.php?rest_route=\/wp\/v2\/posts\/31718"}],"collection":[{"href":"https:\/\/akdenizolaygazetesi.com\/index.php?rest_route=\/wp\/v2\/posts"}],"about":[{"href":"https:\/\/akdenizolaygazetesi.com\/index.php?rest_route=\/wp\/v2\/types\/post"}],"author":[{"embeddable":true,"href":"https:\/\/akdenizolaygazetesi.com\/index.php?rest_route=\/wp\/v2\/users\/2"}],"replies":[{"embeddable":true,"href":"https:\/\/akdenizolaygazetesi.com\/index.php?rest_route=%2Fwp%2Fv2%2Fcomments&post=31718"}],"version-history":[{"count":1,"href":"https:\/\/akdenizolaygazetesi.com\/index.php?rest_route=\/wp\/v2\/posts\/31718\/revisions"}],"predecessor-version":[{"id":31720,"href":"https:\/\/akdenizolaygazetesi.com\/index.php?rest_route=\/wp\/v2\/posts\/31718\/revisions\/31720"}],"wp:featuredmedia":[{"embeddable":true,"href":"https:\/\/akdenizolaygazetesi.com\/index.php?rest_route=\/wp\/v2\/media\/31719"}],"wp:attachment":[{"href":"https:\/\/akdenizolaygazetesi.com\/index.php?rest_route=%2Fwp%2Fv2%2Fmedia&parent=31718"}],"wp:term":[{"taxonomy":"category","embeddable":true,"href":"https:\/\/akdenizolaygazetesi.com\/index.php?rest_route=%2Fwp%2Fv2%2Fcategories&post=31718"},{"taxonomy":"post_tag","embeddable":true,"href":"https:\/\/akdenizolaygazetesi.com\/index.php?rest_route=%2Fwp%2Fv2%2Ftags&post=31718"}],"curies":[{"name":"wp","href":"https:\/\/api.w.org\/{rel}","templated":true}]}}