{"id":31721,"date":"2024-09-01T16:14:42","date_gmt":"2024-09-01T13:14:42","guid":{"rendered":"http:\/\/akdenizolaygazetesi.com\/?p=31721"},"modified":"2024-09-01T16:14:42","modified_gmt":"2024-09-01T13:14:42","slug":"toroslarda-hamaset-degil-hizmet-konusulacak","status":"publish","type":"post","link":"https:\/\/akdenizolaygazetesi.com\/?p=31721","title":{"rendered":"\u201cTOROSLAR\u2019DA HAMASET DE\u011e\u0130L, H\u0130ZMET KONU\u015eULACAK\u201d"},"content":{"rendered":"<p>Toroslar Belediye Ba\u015fkan\u0131 Abdurrahman Y\u0131ld\u0131z, 1 Nisan 2024&#8217;ten sonra Toroslar&#8217;da yeni bir d\u00f6nemin ba\u015flad\u0131\u011f\u0131n\u0131 belirterek &#8220;Yeni zamanda, yeni takvimde hamasete, bo\u015f siyasete hi\u00e7 yer yok, olmayacak da. Bundan sonra belediyede sadece hizmet konu\u015fulacak. K\u00f6ylerimizde ve kent merkezinde ya\u015fanan temel belediyecilik sorunlar\u0131m\u0131z\u0131 k\u00f6kten \u00e7\u00f6zece\u011fiz. Buralarda art\u0131k sokak kirlili\u011fi diye bir \u015fey olmayacak. Sokaklarda kald\u0131r\u0131ms\u0131zl\u0131k diye bir \u015fey olmayacak&#8221; dedi.<\/p>\n<p>Toroslar Belediye Ba\u015fkan\u0131 Abdurrahman Y\u0131ld\u0131z, Mersin B\u00fcy\u00fck\u015fehir Belediye Ba\u015fkan\u0131 Vahap Se\u00e7er, CHP milletvekilleri G\u00fclcan K\u0131\u015f, Talat Din\u00e7er ve Hasan Ufuk \u00c7ak\u0131r ile birlikte Arslank\u00f6y, Yavca, G\u00fczelyayla ve De\u011firmendere mahallerini ziyaret etti.<\/p>\n<p>&#8220;YERL\u0130 VE M\u0130LL\u0130 OLAN NE VARSA ELDEN \u00c7IKARMI\u015eLAR&#8221;<\/p>\n<p>Toroslar Belediyesinde \u00f6nceki y\u00f6netimlerin senelerce hamaset yapt\u0131\u011f\u0131na i\u015faret eden Ba\u015fkan Y\u0131ld\u0131z, &#8220;Belediyenin zaten \u00fc\u00e7 be\u015f tane de makam odas\u0131 vard\u0131. Ak\u015fama kadar hamaset konu\u015fuluyordu. Bu hamasette ak\u015fama kadar yerlilikten, millikten bahsediliyordu. Fakat ayn\u0131 makam odalar\u0131nda, ak\u015famdan sabaha kadar da yerli ve milli olan ne varsa onlar elden \u00e7\u0131kar\u0131l\u0131yordu&#8221; dedi.<\/p>\n<p>&#8220;YURTTA\u015eIN TAMAMINA E\u015e\u0130T, AD\u0130L H\u0130ZMET YAPILACAK&#8221;<\/p>\n<p>1 Nisan 2024&#8217;ten sonra Toroslar&#8217;da yeni bir d\u00f6nemin ba\u015flad\u0131\u011f\u0131n\u0131 vurgulayan Ba\u015fkan Y\u0131ld\u0131z,  &#8220;1 Nisan&#8217;dan sonra yeni zamanda, yeni takvimde hamasete, bo\u015f siyasete hi\u00e7 yer yok, olmayacak da. Bundan sonra belediyede sadece hizmet konu\u015fulacak. Toroslar&#8217;da hizmet, yakas\u0131nda hangi siyasi partinin rozeti vard\u0131r diye bak\u0131larak yap\u0131lmayacak. Bundan sonra yurtta\u015f\u0131n tamam\u0131na e\u015fit, adil hizmet yap\u0131lacak. Bunu da k\u0131smen yapmaya ba\u015flad\u0131k&#8221; ifadelerini kulland\u0131.<\/p>\n<p>&#8220;BURALARDA ARTIK SOKAK K\u0130RL\u0130L\u0130\u011e\u0130 D\u0130YE B\u0130R \u015eEY OLMAYACAK&#8221;<\/p>\n<p>\u00d6nceki d\u00f6nemde Mersin B\u00fcy\u00fck\u015fehir Belediye Ba\u015fkan\u0131 Vahap Se\u00e7er&#8217;in Toroslar&#8217;\u0131n k\u00f6ylerine \u00f6nemli hizmetler verdi\u011fine de\u011finen Ba\u015fkan Y\u0131ld\u0131z s\u00f6zlerini \u015f\u00f6yle s\u00fcrd\u00fcrd\u00fc:<\/p>\n<p>&#8220;Bundan sonra i\u015fler \u00e7ok daha kolay gidecek. Hem Vahap Se\u00e7er ba\u015fkan\u0131m bize deste\u011fini \u00e7ok daha fazla art\u0131racak, k\u00f6ylerdeki deste\u011fini \u00e7ok daha fazla art\u0131racak hem de biz, bu yeni takvimin \u00fcr\u00fcn\u00fc olan belediye y\u00f6netimi bu k\u00f6ylerde bug\u00fcne kadar birikmi\u015f b\u00fct\u00fcn sorunlar\u0131n \u00e7\u00f6z\u00fcm\u00fc konusunda elimizden geleni yapaca\u011f\u0131z.  5 ay oldu belediye ba\u015fkan\u0131y\u0131z. 5 ayd\u0131r b\u00fct\u00fcn k\u00f6ylerimizin r\u00f6ntgenini \u00e7ektik. B\u00fct\u00fcn eksiklerini tespit ettik. Makine, alet ve edevatlar\u0131m\u0131z\u0131 tamamlamaya \u00e7al\u0131\u015f\u0131yoruz. \u00c7ok uzun olmayan bir vadede b\u00fct\u00fcn bu k\u00f6ylerimizde, k\u0131rsal mahallelerimizde ve kent merkezinde ya\u015fanan temel belediyecilik sorunlar\u0131m\u0131z\u0131 k\u00f6kten \u00e7\u00f6zece\u011fiz. Buralarda art\u0131k sokak kirlili\u011fi diye bir \u015fey olmayacak. Sokaklarda kald\u0131r\u0131ms\u0131zl\u0131k diye bir \u015fey olmayacak, bah\u00e7e yollar\u0131n\u0131n problemi diye bir \u015fey olmayacak. Bu problemlerin tamam\u0131n\u0131 k\u0131sa s\u00fcrede \u00e7\u00f6zece\u011fiz.&#8221;<\/p>\n<p>Ba\u015fkan Y\u0131ld\u0131z, \u00f6nceki d\u00f6nemde K\u0131z\u0131lba\u011f&#8217;da kurulan ancak i\u015fletmeye al\u0131namayan ve zaman i\u00e7inde ya\u011fmalanan bungalov oteli \u00f6n\u00fcm\u00fczdeki aylarda hizmete alacaklar\u0131n\u0131 da kaydetti<\/p>\n","protected":false},"excerpt":{"rendered":"<p>Toroslar Belediye Ba\u015fkan\u0131 Abdurrahman Y\u0131ld\u0131z, 1 Nisan 2024&#8217;ten sonra Toroslar&#8217;da yeni bir d\u00f6nemin ba\u015flad\u0131\u011f\u0131n\u0131 belirterek &#8220;Yeni zamanda, yeni takvimde hamasete, bo\u015f siyasete hi\u00e7 yer yok, olmayacak da. Bundan sonra belediyede &hellip; <a href=\"https:\/\/akdenizolaygazetesi.com\/?p=31721\" class=\"more-link\">Devam\u0131n\u0131 Oku&#8230;<\/a><\/p>\n","protected":false},"author":2,"featured_media":31722,"comment_status":"open","ping_status":"open","sticky":false,"template":"","format":"standard","meta":[],"categories":[1,2,3],"tags":[],"_links":{"self":[{"href":"https:\/\/akdenizolaygazetesi.com\/index.php?rest_route=\/wp\/v2\/posts\/31721"}],"collection":[{"href":"https:\/\/akdenizolaygazetesi.com\/index.php?rest_route=\/wp\/v2\/posts"}],"about":[{"href":"https:\/\/akdenizolaygazetesi.com\/index.php?rest_route=\/wp\/v2\/types\/post"}],"author":[{"embeddable":true,"href":"https:\/\/akdenizolaygazetesi.com\/index.php?rest_route=\/wp\/v2\/users\/2"}],"replies":[{"embeddable":true,"href":"https:\/\/akdenizolaygazetesi.com\/index.php?rest_route=%2Fwp%2Fv2%2Fcomments&post=31721"}],"version-history":[{"count":1,"href":"https:\/\/akdenizolaygazetesi.com\/index.php?rest_route=\/wp\/v2\/posts\/31721\/revisions"}],"predecessor-version":[{"id":31723,"href":"https:\/\/akdenizolaygazetesi.com\/index.php?rest_route=\/wp\/v2\/posts\/31721\/revisions\/31723"}],"wp:featuredmedia":[{"embeddable":true,"href":"https:\/\/akdenizolaygazetesi.com\/index.php?rest_route=\/wp\/v2\/media\/31722"}],"wp:attachment":[{"href":"https:\/\/akdenizolaygazetesi.com\/index.php?rest_route=%2Fwp%2Fv2%2Fmedia&parent=31721"}],"wp:term":[{"taxonomy":"category","embeddable":true,"href":"https:\/\/akdenizolaygazetesi.com\/index.php?rest_route=%2Fwp%2Fv2%2Fcategories&post=31721"},{"taxonomy":"post_tag","embeddable":true,"href":"https:\/\/akdenizolaygazetesi.com\/index.php?rest_route=%2Fwp%2Fv2%2Ftags&post=31721"}],"curies":[{"name":"wp","href":"https:\/\/api.w.org\/{rel}","templated":true}]}}