{"id":31727,"date":"2024-09-01T16:18:49","date_gmt":"2024-09-01T13:18:49","guid":{"rendered":"http:\/\/akdenizolaygazetesi.com\/?p=31727"},"modified":"2024-09-01T16:18:49","modified_gmt":"2024-09-01T13:18:49","slug":"chp-mersin-milletvekili-gulcan-kis-eylul-ayi-velilerin-dert-ayi","status":"publish","type":"post","link":"https:\/\/akdenizolaygazetesi.com\/?p=31727","title":{"rendered":"CHP MERS\u0130N M\u0130LLETVEK\u0130L\u0130 G\u00dcLCAN KI\u015e: &#8220;EYL\u00dcL AYI VEL\u0130LER\u0130N DERT AYI&#8221;"},"content":{"rendered":"<p>CHP Mersin Milletvekili G\u00fclcan K\u0131\u015f, 9 Eyl\u00fcl&#8217;de a\u00e7\u0131lacak yeni e\u011fitim-\u00f6\u011fretim y\u0131l\u0131 \u00f6ncesinde k\u0131rtasiye masraflar\u0131ndaki rekor art\u0131\u015fa dikkat \u00e7ekti. D\u00f6viz kurunun \u00f6nlenemez y\u00fckseli\u015fi ve enflasyonla birlikte k\u0131rtasiye \u00fcr\u00fcnlerinin fiyatlar\u0131n\u0131 %150&#8217;den fazla artt\u0131\u011f\u0131n\u0131 kaydeden K\u0131\u015f, &#8220;Birinci s\u0131n\u0131fa ba\u015flayacak bir \u00f6\u011frenci i\u00e7in gerekli temel malzemelerin maliyetini 4.500 TL oldu&#8221; dedi.<\/p>\n<p>EYL\u00dcL DERT AYI<\/p>\n<p>CHP Mersin Milletvekili G\u00fclcan K\u0131\u015f, artan k\u0131rtasiye fiyatlar\u0131n\u0131n aileler \u00fczerindeki a\u011f\u0131r y\u00fck\u00fc daha da art\u0131rd\u0131\u011f\u0131n\u0131 belirterek; &#8220;Eyl\u00fcl ay\u0131 veliler i\u00e7in dert ay\u0131 olmaya ba\u015flad\u0131. Okullar yine \u00e7ileyle a\u00e7\u0131l\u0131yor. Kalemden deftere, \u00e7antadan boya setine kadar en basit k\u0131rtasiye malzemelerinin bile fiyatlar\u0131 neredeyse iki kat\u0131na \u00e7\u0131kt\u0131. Bir d\u00fczine kur\u015fun kalemin fiyat\u0131 50 TL&#8217;den 160 TL&#8217;ye, bir silginin fiyat\u0131 10 TL&#8217;den 27 TL&#8217;ye, bir a\u00e7acak 10 TL&#8217;den 30 TL&#8217;ye, 25 TL olan defter ise 90 TL&#8217;ye y\u00fckseldi. Orta kalite bir \u00e7anta 1000 TL&#8217;yi buluyor, 500&#8217;l\u00fc fotokopi ka\u011f\u0131d\u0131 130 TL&#8217;ye sat\u0131l\u0131yor. Su mataralar\u0131 200 TL ile 2000 TL aras\u0131nda de\u011fi\u015fiyor, 30 TL olan pastel boya ise 90 TL&#8217;ye \u00e7\u0131kt\u0131. Bu durum, 17 bin 2 lira asgari \u00fccret alan dar gelirli ailelerin belini b\u00fck\u00fcyor. Emekli maa\u015flar\u0131 ve asgari \u00fccret bu kadar d\u00fc\u015f\u00fckken, veliler bu al\u0131\u015fveri\u015fleri nas\u0131l yapacak?&#8221; dedi. <\/p>\n<p>&#8220;H\u00dcK\u00dcMET SORUMLULU\u011eUNU YER\u0130NE GET\u0130RM\u0130YOR&#8221;<\/p>\n<p>CHP&#8217;li K\u0131\u015f, h\u00fck\u00fcmetin e\u011fitimde f\u0131rsat e\u015fitli\u011fini sa\u011flamakla y\u00fck\u00fcml\u00fc oldu\u011funu, ancak bu sorumlulu\u011fu yerine getiremedi\u011fini ifade ederek, \u015f\u00f6yle devam etti: <\/p>\n<p>&#8220;1. s\u0131n\u0131fa ba\u015flayacak bir \u00f6\u011frencinin masraf\u0131 4.500 TL&#8217;yi buluyor, e\u011fer bu \u00fcr\u00fcnler A kalite al\u0131nacak olursa bu rakam 6000 TL&#8217;yi buluyor. Bu masraflar sadece bir ba\u015flang\u0131\u00e7; veliler y\u0131l boyunca bu malzemeleri s\u00fcrekli yenilemek zorunda kalacak ve bu da ek maliyetler getirecek. Peki, h\u00fck\u00fcmet nerede? Neden bu konuda hi\u00e7bir ad\u0131m atm\u0131yor? Aileler, bu ekonomik ko\u015fullar alt\u0131nda \u00e7ocuklar\u0131n\u0131n temel e\u011fitim ihtiya\u00e7lar\u0131n\u0131 kar\u015f\u0131lamakta zorlan\u0131rken, h\u00fck\u00fcmetin bu duruma sessiz kalmas\u0131 kabul edilemez.&#8221;<\/p>\n<p>VERG\u0130 Y\u00dcK\u00dc HAF\u0130FLET\u0130LMEL\u0130<\/p>\n<p>K\u0131rtasiye malzemelerinin \u00fczerindeki vergi y\u00fck\u00fcn\u00fcn hafifletilmesi gerekti\u011fini alt\u0131n\u0131 \u00e7izen K\u0131\u015f, k\u0131rtasiye \u00fcr\u00fcnlerindeki KDV oran\u0131n\u0131n %1&#8217;e d\u00fc\u015f\u00fcr\u00fclmesini, ayn\u0131 zamanda, \u00e7ocuklar\u0131n sa\u011fl\u0131kl\u0131 beslenmelerini sa\u011flamak ad\u0131na, okullarda en az bir \u00f6\u011f\u00fcn yemek \u00fccretsiz verilmesini istedi. <\/p>\n<p>M\u0130LL\u0130 E\u011e\u0130T\u0130M BAKANLI\u011eI&#8217;NA \u00c7A\u011eRI<\/p>\n<p>Milli E\u011fitim Bakanl\u0131\u011f\u0131&#8217;na seslenen K\u0131\u015f, k\u0131rtasiye masraflar\u0131n\u0131n azalt\u0131lmas\u0131, KDV indirimi, \u00fccretsiz okul yemekleri ve \u00f6\u011frencilere y\u00f6nelik destek paketleri konusunda acil d\u00fczenlemeler yap\u0131lmas\u0131n\u0131 talep etti. K\u0131\u015f, &#8220;\u00d6\u011frencilerimizin e\u011fitim hakk\u0131, h\u00fck\u00fcmetin yanl\u0131\u015f ekonomi politikalar\u0131 nedeniyle tehdit alt\u0131nda. Milli E\u011fitim Bakanl\u0131\u011f\u0131, bu konuda sorumluluk almal\u0131 ve gereken ad\u0131mlar\u0131 atmal\u0131d\u0131r. Aksi takdirde, \u00e7ocuklar\u0131m\u0131z\u0131n gelece\u011fi karanl\u0131kta kalacakt\u0131r&#8221; dedi.<\/p>\n","protected":false},"excerpt":{"rendered":"<p>CHP Mersin Milletvekili G\u00fclcan K\u0131\u015f, 9 Eyl\u00fcl&#8217;de a\u00e7\u0131lacak yeni e\u011fitim-\u00f6\u011fretim y\u0131l\u0131 \u00f6ncesinde k\u0131rtasiye masraflar\u0131ndaki rekor art\u0131\u015fa dikkat \u00e7ekti. D\u00f6viz kurunun \u00f6nlenemez y\u00fckseli\u015fi ve enflasyonla birlikte k\u0131rtasiye \u00fcr\u00fcnlerinin fiyatlar\u0131n\u0131 %150&#8217;den fazla &hellip; <a href=\"https:\/\/akdenizolaygazetesi.com\/?p=31727\" class=\"more-link\">Devam\u0131n\u0131 Oku&#8230;<\/a><\/p>\n","protected":false},"author":2,"featured_media":31728,"comment_status":"open","ping_status":"open","sticky":false,"template":"","format":"standard","meta":[],"categories":[1,2,3],"tags":[],"_links":{"self":[{"href":"https:\/\/akdenizolaygazetesi.com\/index.php?rest_route=\/wp\/v2\/posts\/31727"}],"collection":[{"href":"https:\/\/akdenizolaygazetesi.com\/index.php?rest_route=\/wp\/v2\/posts"}],"about":[{"href":"https:\/\/akdenizolaygazetesi.com\/index.php?rest_route=\/wp\/v2\/types\/post"}],"author":[{"embeddable":true,"href":"https:\/\/akdenizolaygazetesi.com\/index.php?rest_route=\/wp\/v2\/users\/2"}],"replies":[{"embeddable":true,"href":"https:\/\/akdenizolaygazetesi.com\/index.php?rest_route=%2Fwp%2Fv2%2Fcomments&post=31727"}],"version-history":[{"count":1,"href":"https:\/\/akdenizolaygazetesi.com\/index.php?rest_route=\/wp\/v2\/posts\/31727\/revisions"}],"predecessor-version":[{"id":31729,"href":"https:\/\/akdenizolaygazetesi.com\/index.php?rest_route=\/wp\/v2\/posts\/31727\/revisions\/31729"}],"wp:featuredmedia":[{"embeddable":true,"href":"https:\/\/akdenizolaygazetesi.com\/index.php?rest_route=\/wp\/v2\/media\/31728"}],"wp:attachment":[{"href":"https:\/\/akdenizolaygazetesi.com\/index.php?rest_route=%2Fwp%2Fv2%2Fmedia&parent=31727"}],"wp:term":[{"taxonomy":"category","embeddable":true,"href":"https:\/\/akdenizolaygazetesi.com\/index.php?rest_route=%2Fwp%2Fv2%2Fcategories&post=31727"},{"taxonomy":"post_tag","embeddable":true,"href":"https:\/\/akdenizolaygazetesi.com\/index.php?rest_route=%2Fwp%2Fv2%2Ftags&post=31727"}],"curies":[{"name":"wp","href":"https:\/\/api.w.org\/{rel}","templated":true}]}}