{"id":31730,"date":"2024-09-01T16:20:11","date_gmt":"2024-09-01T13:20:11","guid":{"rendered":"http:\/\/akdenizolaygazetesi.com\/?p=31730"},"modified":"2024-09-01T16:20:11","modified_gmt":"2024-09-01T13:20:11","slug":"transanatolia-uluslararasi-ralli-raid-yarislari-bu-sene-mersinden-start-verdi","status":"publish","type":"post","link":"https:\/\/akdenizolaygazetesi.com\/?p=31730","title":{"rendered":"\u2018TRANSANATOL\u0130A ULUSLARARASI RALL\u0130 RA\u0130D YARI\u015eLARI\u2019 BU SENE MERS\u0130N\u2019DEN START VERD\u0130"},"content":{"rendered":"<p>Bu sene 14.\u2019s\u00fc ger\u00e7ekle\u015ftirilen, d\u00fcnyan\u0131n en b\u00fcy\u00fck ve zorlu ralli-raid yar\u0131\u015flar\u0131ndan biri olan \u2018TransAnatolia Uluslararas\u0131 Ralli Raid Yar\u0131\u015flar\u0131\u2019 B\u00fcy\u00fck\u015fehir Belediyesi ve Mersin Valili\u011fi\u2019nin de destekleri ile Mersin\u2019de start verdi.  11 \u00fclkeden yakla\u015f\u0131k 100 sporcunun kat\u0131l\u0131m\u0131 ile ger\u00e7ekle\u015ftirilen yar\u0131\u015fmada sporcular Mersin\u2019den ba\u015flay\u0131p toplam 15 il s\u0131n\u0131r\u0131ndan ge\u00e7erek yar\u0131\u015flar\u0131n\u0131 Van\u2019da noktalayacak. Sporcular, 7 g\u00fcn boyunca 2 bin 200 kilometre uzunlu\u011fundaki parkuru bitirmek i\u00e7in m\u00fccadele edecek.<br \/>\nKent genelinde 7\u2019den 70\u2019e vatanda\u015flar\u0131 spora te\u015fvik etmek ve Mersin\u2019in sporla an\u0131lan bir kent olmas\u0131 i\u00e7in \u00e7al\u0131\u015fmalar\u0131n\u0131 s\u00fcrd\u00fcren Mersin B\u00fcy\u00fck\u015fehir Belediyesi\u2019nin spora olan destekleri her ge\u00e7en g\u00fcn katlanarak b\u00fcy\u00fcmeye devam ediyor. <\/p>\n<p>D\u00fcnyan\u0131n en b\u00fcy\u00fck ve zorlu ralli-raid yar\u0131\u015flar\u0131ndan biri olan ve her sene farkl\u0131 bir \u015fehirde ba\u015flat\u0131lan, bu sene ise 14.\u2019s\u00fc ger\u00e7ekle\u015ftirilen \u2018TransAnatolia Uluslararas\u0131 Ralli Raid Yar\u0131\u015flar\u0131\u2019 B\u00fcy\u00fck\u015fehir Belediyesi ve Mersin Valili\u011fi\u2019nin de destekleri ile Mersin\u2019de start verdi.  11 \u00fclkeden yakla\u015f\u0131k 100 sporcunun kat\u0131l\u0131m\u0131 ile ger\u00e7ekle\u015ftirilen yar\u0131\u015fmada sporcular Mersin\u2019den ba\u015flay\u0131p toplam 15 il s\u0131n\u0131r\u0131ndan ge\u00e7erek Van\u2019da yar\u0131\u015flar\u0131n\u0131 noktalayacak. Her t\u00fcrl\u00fc arazi arac\u0131n\u0131n kullan\u0131labildi\u011fi yar\u0131\u015fmada sporcular 2 bin 200 kilometre uzunlu\u011fundaki parkuru tamamlayarak 7 g\u00fcn boyunca yolculuk yapacak. <\/p>\n<p>Yorulmaz: \u201cB\u00fcy\u00fck\u015fehir olarak spora ve sporcuya olan deste\u011fimiz her zaman devam edecek\u201d<\/p>\n<p>Mersin B\u00fcy\u00fck\u015fehir Belediyesi Gen\u00e7lik ve Spor Hizmetleri Dairesi Ba\u015fkanl\u0131\u011f\u0131ndan Kubilay Yorulmaz, TransAnatoli ralli-raid yar\u0131\u015flar\u0131n\u0131n bu sene 14.\u2019s\u00fcn\u00fcn yap\u0131ld\u0131\u011f\u0131n\u0131 kaydederek, \u201cYar\u0131\u015fma, Mersin\u2019de ba\u015flay\u0131p Van\u2019da son bulacak. B\u00fcy\u00fck\u015fehir Belediyesi olarak di\u011fer spor dallar\u0131nda oldu\u011fu gibi motor sporlar\u0131na da destek olmaktan mutluluk duyuyoruz. Burada ulusal ve uluslararas\u0131 sporcular\u0131m\u0131za ev sahipli\u011fi yapmakla beraber Mersin\u2019imizi de tan\u0131tma f\u0131rsat\u0131 da yakalam\u0131\u015f olduk. Buradan b\u00fct\u00fcn sporcular\u0131m\u0131za ba\u015far\u0131lar diliyoruz. B\u00fcy\u00fck\u015fehir Belediyesi olarak spora ve sporcuya olan deste\u011fimiz her zaman devam edecek\u201d ifadelerini kulland\u0131. <\/p>\n<p>B\u00fcy\u00fckp\u0131nar: \u201cHer sene farkl\u0131 bir rotada farkl\u0131 bir tema ile T\u00fcrkiye\u2019yi d\u00fcnyaya duyuruyoruz\u201d<\/p>\n<p>TransAnatolia\u2019n\u0131n Genel Koordinat\u00f6r\u00fc Burak B\u00fcy\u00fckp\u0131nar, TransAnatolia\u2019n\u0131n d\u00fcnyan\u0131n say\u0131l\u0131 ralli yar\u0131\u015flar\u0131ndan bir tanesi oldu\u011funu belirterek, \u201cMaraton ralli olarak tabir etti\u011fimiz 7 g\u00fcnl\u00fck, 2 bin ile 3 bin kilometre aras\u0131nda de\u011fi\u015fen bir yar\u0131\u015f. Buna motosikletler, otomobiller, kamyonlar, her t\u00fcrl\u00fc arazi arac\u0131n\u0131n yar\u0131\u015fabildi\u011fi yar\u0131\u015f organize ediyoruz. Bu sene 14.\u2019s\u00fcn\u00fc organize ediyoruz\u201d dedi. Etkinli\u011fe d\u00fcnyan\u0131n pek \u00e7ok \u00fclkesinden yar\u0131\u015fmac\u0131lar\u0131n kat\u0131ld\u0131\u011f\u0131n\u0131 da vurgulayan B\u00fcy\u00fckp\u0131nar, \u201cYar\u0131\u015fmay\u0131 her sene farkl\u0131 bir parkur ve farkl\u0131 bir temayla organize ediyoruz. Bu sene de transAnatolia\u2019y\u0131 Mersin\u2019den ba\u015flatmak istedik. Bu konuda da Mersin Valili\u011fi ve Mersin B\u00fcy\u00fck\u015fehir Belediyesi bizlere \u00e7ok b\u00fcy\u00fck bir destek verdi. Bu g\u00fczel \u015fehrimizi yabanc\u0131lara tan\u0131tmak i\u00e7in bir f\u0131rsat\u0131m\u0131z oldu. Mersin g\u00fczel bir liman \u015fehri. Bizim i\u00e7in \u00e7ok avantajl\u0131. Yabanc\u0131 sporcular\u0131n hepsi Avrupa\u2019dan e\u015fyal\u0131 b\u00fct\u00fcn ara\u00e7lar\u0131n\u0131 gemiyle Mersin\u2019e h\u0131zl\u0131ca getirebildiler. Burada da yar\u0131\u015f\u0131n ilk start\u0131n\u0131 verdik\u201d ifadelerini kulland\u0131. <\/p>\n<p>Yar\u0131\u015fmac\u0131lar\u0131 7 g\u00fcn boyunca uzun ve zorlu bir s\u00fcrecin bekledi\u011fini aktaran B\u00fcy\u00fckp\u0131nar, biti\u015fin Van\u2019da yap\u0131laca\u011f\u0131n\u0131 aktararak, \u201cYar\u0131\u015fmac\u0131lar\u0131m\u0131z\u0131n \u00e7ok heyecanl\u0131lar. \u00c7ok zor ve stratejik bir yar\u0131\u015f. Yar\u0131\u015fmac\u0131lar\u0131n hem s\u00fcratli hem de kaybolmamalar\u0131 laz\u0131m. G\u00fcnde 350 kilometre arazide motor veya otomobil \u00fcst\u00fcnde yol yapacaklar. Bunu da zamana kar\u015f\u0131 yar\u0131\u015farak yapacaklar. Profesyonel yar\u0131\u015f\u00e7\u0131lar var, fabrika tak\u0131mlar\u0131 var. Bu i\u015fi \u00e7ok keyifle d\u00fcnyaya duyuruyorlar.  Bizim de amac\u0131m\u0131z T\u00fcrkiye\u2019nin g\u00fczelliklerini her sene farkl\u0131 bir rotada farkl\u0131 bir tema ile d\u00fcnyaya duyurmak. T\u00fcrkiye\u2019yi tan\u0131tmak a\u00e7\u0131k\u00e7as\u0131. Ben hep Mersin&#8217;den Van\u2019a karayoluyla giden \u00e7ok azd\u0131r ama bizim yolumuz \u00fcst\u00fcnden gidecek kimse olmam\u0131\u015ft\u0131r bug\u00fcne kadar diyorum. Da\u011flardan tepelerden 7 g\u00fcnde Van\u2019da bulu\u015fmay\u0131 bekliyoruz\u201d dedi. <\/p>\n<p>Sporcular, 7 g\u00fcn boyunca uzun ve zorlu bir parkuru tamamlamaya \u00e7al\u0131\u015facak<\/p>\n<p>Samsun\u2019dan yar\u0131\u015fmak i\u00e7in Mersin\u2019e gelen sporcu Ahmet Askar, \u201cBen TransAnatolia ile 2017\u2019de tan\u0131\u015ft\u0131m. Ge\u00e7en y\u0131l Samsun\u2019da start al\u0131nd\u0131. Orada da yar\u0131\u015fmay\u0131 \u00e7ok heyecanla takip ettik. Bu sene de yar\u0131\u015fmac\u0131 olarak B3 kategorisinde ralli etab\u0131nda yar\u0131\u015faca\u011f\u0131m. \u00c7ok heyecanl\u0131y\u0131m. \u0130lk defa b\u00f6yle tecr\u00fcbem olacak. TranAnatoli\u2019n\u0131n bu organizasyonu m\u00fcthi\u015f zaten. Bir y\u0131ld\u0131r bug\u00fcn\u00fc bekliyordum. Art\u0131k o g\u00fcn geldi \u00e7att\u0131\u201d diyerek duygular\u0131n\u0131 ifade etti. <\/p>\n<p>Yar\u0131\u015fmaya Antalya\u2019dan kat\u0131lan Erhan Sertkaya da, \u201cBu sene benim 2. Yar\u0131\u015f\u0131m olacak. En son 2021\u2019de yar\u0131\u015fm\u0131\u015ft\u0131m. Olduk\u00e7a uzun ve zorlu bir etap. Mersin\u2019de ba\u015flay\u0131p Van\u2019da bitirece\u011fiz. 7 g\u00fcn boyunca b\u00fcy\u00fck bir macera bizi bekliyor. D\u00fcnyadaki en zor yar\u0131\u015flardan bir tanesi diyebilirim. \u00dclkemizde b\u00f6yle organizasyonlar\u0131n olmas\u0131 \u00e7ok iyi. \u00dclkenin tan\u0131t\u0131m\u0131 i\u00e7in sportif faaliyetleri her zaman istiyor ve destekliyoruz\u201d diye konu\u015ftu. <\/p>\n","protected":false},"excerpt":{"rendered":"<p>Bu sene 14.\u2019s\u00fc ger\u00e7ekle\u015ftirilen, d\u00fcnyan\u0131n en b\u00fcy\u00fck ve zorlu ralli-raid yar\u0131\u015flar\u0131ndan biri olan \u2018TransAnatolia Uluslararas\u0131 Ralli Raid Yar\u0131\u015flar\u0131\u2019 B\u00fcy\u00fck\u015fehir Belediyesi ve Mersin Valili\u011fi\u2019nin de destekleri ile Mersin\u2019de start verdi. 11 &hellip; <a href=\"https:\/\/akdenizolaygazetesi.com\/?p=31730\" class=\"more-link\">Devam\u0131n\u0131 Oku&#8230;<\/a><\/p>\n","protected":false},"author":2,"featured_media":31731,"comment_status":"open","ping_status":"open","sticky":false,"template":"","format":"standard","meta":[],"categories":[1,2,3],"tags":[],"_links":{"self":[{"href":"https:\/\/akdenizolaygazetesi.com\/index.php?rest_route=\/wp\/v2\/posts\/31730"}],"collection":[{"href":"https:\/\/akdenizolaygazetesi.com\/index.php?rest_route=\/wp\/v2\/posts"}],"about":[{"href":"https:\/\/akdenizolaygazetesi.com\/index.php?rest_route=\/wp\/v2\/types\/post"}],"author":[{"embeddable":true,"href":"https:\/\/akdenizolaygazetesi.com\/index.php?rest_route=\/wp\/v2\/users\/2"}],"replies":[{"embeddable":true,"href":"https:\/\/akdenizolaygazetesi.com\/index.php?rest_route=%2Fwp%2Fv2%2Fcomments&post=31730"}],"version-history":[{"count":1,"href":"https:\/\/akdenizolaygazetesi.com\/index.php?rest_route=\/wp\/v2\/posts\/31730\/revisions"}],"predecessor-version":[{"id":31732,"href":"https:\/\/akdenizolaygazetesi.com\/index.php?rest_route=\/wp\/v2\/posts\/31730\/revisions\/31732"}],"wp:featuredmedia":[{"embeddable":true,"href":"https:\/\/akdenizolaygazetesi.com\/index.php?rest_route=\/wp\/v2\/media\/31731"}],"wp:attachment":[{"href":"https:\/\/akdenizolaygazetesi.com\/index.php?rest_route=%2Fwp%2Fv2%2Fmedia&parent=31730"}],"wp:term":[{"taxonomy":"category","embeddable":true,"href":"https:\/\/akdenizolaygazetesi.com\/index.php?rest_route=%2Fwp%2Fv2%2Fcategories&post=31730"},{"taxonomy":"post_tag","embeddable":true,"href":"https:\/\/akdenizolaygazetesi.com\/index.php?rest_route=%2Fwp%2Fv2%2Ftags&post=31730"}],"curies":[{"name":"wp","href":"https:\/\/api.w.org\/{rel}","templated":true}]}}