{"id":31739,"date":"2024-09-02T12:21:08","date_gmt":"2024-09-02T09:21:08","guid":{"rendered":"http:\/\/akdenizolaygazetesi.com\/?p=31739"},"modified":"2024-09-02T12:21:08","modified_gmt":"2024-09-02T09:21:08","slug":"baskan-secer-51-uluslararasi-silifke-muzik-ve-folklor-festivalinin-acilisina-katildi","status":"publish","type":"post","link":"https:\/\/akdenizolaygazetesi.com\/?p=31739","title":{"rendered":"BA\u015eKAN SE\u00c7ER, &#8217;51. ULUSLARARASI S\u0130L\u0130FKE M\u00dcZ\u0130K VE FOLKLOR FEST\u0130VAL\u0130&#8217;N\u0130N A\u00c7ILI\u015eINA KATILDI"},"content":{"rendered":"<p>Mersin B\u00fcy\u00fck\u015fehir Belediye Ba\u015fkan\u0131 Vahap Se\u00e7er, Silifke Belediyesi taraf\u0131ndan ve Mersin B\u00fcy\u00fck\u015fehir Belediyesi&#8217;nin de destekleriyle bu y\u0131l 51.\u2019si d\u00fczenlenen Uluslararas\u0131 Silifke M\u00fczik ve Folklor Festivali\u2019nin a\u00e7\u0131l\u0131\u015f\u0131na kat\u0131ld\u0131.<\/p>\n<p>G\u00f6rkemli bir festival kortejinin ard\u0131ndan Silifkelilerin sevgi dolu alk\u0131\u015flar\u0131yla konu\u015fma yapan Ba\u015fkan Se\u00e7er, \u201cMustafa Kemal&#8217;in kenti Silifke\u2019yi seviyoruz\u201d dedi.<\/p>\n<p>Silifke\u2019nin h\u0131zla geli\u015fti\u011fini s\u00f6yleyen Se\u00e7er, \u201cSilifke sadece tar\u0131m ve turizm kenti olmaktan \u00e7\u0131k\u0131yor. Mustafa ba\u015fkanla beraber be\u015f y\u0131ll\u0131k s\u00fcre\u00e7 i\u00e7erisinde Silifke\u2019de olacak geli\u015fmeler i\u00e7in geli\u015ftirece\u011fimiz stratejilerle \u00e7ok g\u00fczel hizmetler yapaca\u011f\u0131z\u201d s\u00f6zlerine yer verdi.<\/p>\n<p>Festivalin \u00e7ok keyifli oldu\u011funu vurgulayan Se\u00e7er, \u201cFestivaller insanlar\u0131 bir araya getirir, \u015fehrimizi, \u00fclkemizi d\u00fcnyaya tan\u0131t\u0131r. \u00d6nemli bir bar\u0131\u015f, birlik, beraberlik el\u00e7isidir\u201d ifadelerine yer verdi. <\/p>\n<p>Mersin B\u00fcy\u00fck\u015fehir Belediye Ba\u015fkan\u0131 Vahap Se\u00e7er, Silifke Belediyesi taraf\u0131ndan ve Mersin B\u00fcy\u00fck\u015fehir Belediyesi&#8217;nin de destekleriyle bu y\u0131l 51.\u2019si d\u00fczenlenen Uluslararas\u0131 Silifke M\u00fczik ve Folklor Festivali\u2019nin a\u00e7\u0131l\u0131\u015f\u0131na kat\u0131ld\u0131.<\/p>\n<p>G\u00f6rkemli bir festival y\u00fcr\u00fcy\u00fc\u015f\u00fc ile ba\u015flayan 51.\u2019si d\u00fczenlenen Uluslararas\u0131 Silifke M\u00fczik ve Folklor Festivali\u2019 co\u015fkusu Silifke&#8217;ye sard\u0131. <\/p>\n<p>Festival y\u00fcr\u00fcy\u00fc\u015f\u00fcnde Mersin B\u00fcy\u00fck\u015fehir Belediye Bandosu&#8217;nun birbirinden g\u00fczel m\u00fczikleri Silifke sokaklar\u0131nda yank\u0131land\u0131. Kortej co\u015fkusuna yurtta\u015flar evlerinin balkonlar\u0131ndan ve pencerelerinden de alk\u0131\u015flar\u0131 ile e\u015flik ettiler. <\/p>\n<p>Stadyum&#8217;dan An\u0131t&#8217;a kadar devam eden festival y\u00fcr\u00fcy\u00fc\u015f\u00fcn\u00fcn ard\u0131ndan, Mersin Olgunla\u015fma Enstit\u00fcs\u00fc&#8217;n\u00fcn \u00f6zel g\u00f6sterisi yap\u0131ld\u0131. Geleneksel ile moderni bir araya getiren \u00f6zel g\u00f6steri, kat\u0131l\u0131mc\u0131lar\u0131n be\u011fenisini toplad\u0131. <\/p>\n<p>Silifke Halk Danslar\u0131 toplulu\u011funun da g\u00f6sterilerini sergiledi\u011fi festivalin a\u00e7\u0131l\u0131\u015f\u0131nda Bulgaristan, G\u00fcrcistan, Kuzey K\u0131br\u0131s T\u00fcrk Cumhuriyeti (KKTC), Makedonya, Rusya Halk Danslar\u0131 Topluluklar\u0131 da g\u00f6sterilerini sergilediler. <\/p>\n<p>Se\u00e7er: \u201cMustafa Kemal&#8217;in kenti Silifke\u2019yi seviyoruz\u201d<br \/>\nSilifkelilerin co\u015fkulu alk\u0131\u015f\u0131 e\u015fli\u011finde sahneye \u00e7\u0131kan Ba\u015fkan Se\u00e7er, \u00e7al\u0131\u015fkan ve \u00fcretken Silifke halk\u0131n\u0131 selamlayarak, \u201cMustafa Kemal&#8217;in kenti Silifke\u2019yi seviyoruz. 31 Mart\u2019ta bizlere destek oldunuz. Bizler size 5 y\u0131l hizmet ettik B\u00fcy\u00fck\u015fehir olarak. T\u00fcm b\u00fcy\u00fck\u015fehir ailesi Anamur\u2019dan Tarsus\u2019a kadar hizmet ettik. 13 il\u00e7emizde Mersin\u2019de ayr\u0131mc\u0131l\u0131\u011f\u0131 yerin 7 kat dibine g\u00f6md\u00fck. \u015eimdi ikinci 5 y\u0131l\u0131m\u0131za gidiyoruz. Biz hepinizi kucakl\u0131yoruz, hepinizi seviyoruz, hepinizi say\u0131yoruz\u201d dedi. B\u00fcy\u00fck\u015fehir\u2019in hi\u00e7 ayr\u0131mc\u0131l\u0131k yapmadan b\u00fct\u00fcn hizmetleri herkese e\u015fit bir \u015fekilde sundu\u011funu vurgulayan Se\u00e7er, \u201cHangi renkten olursan\u0131z olun, hangi siyasi  partiye g\u00f6n\u00fcl vermi\u015f olursan\u0131z olun; etnik yap\u0131n\u0131za, inan\u00e7 grubunuza, ya\u015fam bi\u00e7iminize, sizin kimli\u011finize sayg\u0131 duyuyoruz. Siz her biriniz onurlu, \u015ferefli T\u00fcrkiye Cumhuriyeti yurtta\u015f\u0131s\u0131n\u0131z\u201d s\u00f6zlerine yer verdi. <\/p>\n<p>\u201cSilifke i\u00e7in geli\u015ftirece\u011fimiz stratejilerle \u00e7ok g\u00fczel hizmetler yapaca\u011f\u0131z\u201d<br \/>\n\u0130kinci 5 y\u0131lda Ba\u015fkan Turgut ile uyumlu bir \u015fekilde hizmetlerini sunmaya devam edeceklerini belirten Se\u00e7er, \u201cSilifke bir fetret d\u00f6nemi ya\u015fad\u0131. Uyumun oldu\u011fu yerde, birlikteli\u011fin oldu\u011fu yerde bereket olur. Mersin B\u00fcy\u00fck\u015fehir Belediyesi g\u00fczel hizmetler yapt\u0131. \u00d6yle g\u00fczel hizmetler yapt\u0131 ki 31 Mart se\u00e7imlerinde her 10 Silifkeli yurtta\u015f\u0131m\u0131z\u0131n 6\u2019s\u0131 B\u00fcy\u00fck\u015fehir Belediye Ba\u015fkan\u0131na oy verdi. \u00c7ok te\u015fekk\u00fcr ediyoruz. Hi\u00e7 merak etmeyin, Mustafa Ba\u015fkanla beraber sizlere ikinci 5 y\u0131l\u0131m\u0131zda g\u00fczel hizmetler yapaca\u011f\u0131z\u201d ifadelerine yer verdi. Silifke\u2019nin h\u0131zla geli\u015fti\u011fini s\u00f6yleyen Se\u00e7er, \u201cSilifke art\u0131k sadece tar\u0131m ve turizm kenti olmaktan \u00e7\u0131k\u0131yor. Bir ticaret kenti olmaya do\u011fru evriliyor. Bunun \u00f6n yat\u0131r\u0131mlar\u0131n\u0131 yapmak laz\u0131m. N\u00fcfusunuz h\u0131zla artacak. \u0130\u015fte biz Mustafa ba\u015fkanla beraber be\u015f y\u0131ll\u0131k s\u00fcre\u00e7 i\u00e7erisinde Silifke\u2019de olacak olas\u0131 geli\u015fmeler i\u00e7in geli\u015ftirece\u011fimiz stratejilerle \u00e7ok g\u00fczel hizmetler yapaca\u011f\u0131z\u201d diye konu\u015ftu. <\/p>\n<p>\u201cFestivaller \u00f6nemli bir bar\u0131\u015f, birlik ve beraberlik el\u00e7isidir\u201d<br \/>\nFestivalin \u00e7ok keyifli oldu\u011funu da vurgulayan Se\u00e7er, konu\u015fmas\u0131n\u0131 \u015fu s\u00f6zlerle tamamlad\u0131:<br \/>\n\u201cUmut ediyorum bu festivaller s\u00fcrer gider. Festivaller insanlar\u0131 bir araya getirir, \u015fehrimizi, \u00fclkemizi d\u00fcnyaya tan\u0131t\u0131r. \u00d6nemli bir bar\u0131\u015f, birlik, beraberlik el\u00e7isidir. \u0130nsanlar bir araya gelir, farkl\u0131 renkler bulu\u015fur. Onun i\u00e7in festivalleri \u00f6nemsiyoruz.\u201d<\/p>\n<p>Festivalin a\u00e7\u0131l\u0131\u015f\u0131nda ayr\u0131ca; CHP Genel Ba\u015fkan Yard\u0131mc\u0131s\u0131 Yal\u00e7\u0131n Karatepe, Silifke Kaymakam\u0131 Abdullah Aslaner, Silifke Belediye Ba\u015fkan\u0131 Mustafa Turgut, CHP Mersin Milletvekilleri G\u00fclcan K\u0131\u015f, Hasan Ufuk \u00c7ak\u0131r ile Talat Din\u00e7er,  Karde\u015f \u015eehir Almanya Bergkamen Belediye Ba\u015fkan\u0131 Thomas Hartl da birer konu\u015fma yapt\u0131. <\/p>\n<p>Konu\u015fmalar\u0131n ard\u0131ndan ise protokol \u00fcyeleri ile birlikte sahnede kurdele kesimi ger\u00e7ekle\u015ftirildi ve ard\u0131ndan da yine protokol \u00fcyeleri ile birlikte hep birlikte Ya\u015f K\u00fct\u00fc\u011f\u00fc&#8217;ne br\u00f6ve \u00e7ak\u0131ld\u0131. <\/p>\n<p>Festivalin a\u00e7\u0131l\u0131\u015f\u0131 Emir Can \u0130\u011frek konseri ile zirve yapt\u0131. 1-6 Eyl\u00fcl tarihleri aras\u0131nda ger\u00e7ekle\u015ftirilecek olan festivalde birbirinden de\u011ferli sanat\u00e7\u0131lar sahne alacak ve t\u00fcm Silifke halk\u0131 bu heyecana ve co\u015fkuya ortak olacak. <\/p>\n","protected":false},"excerpt":{"rendered":"<p>Mersin B\u00fcy\u00fck\u015fehir Belediye Ba\u015fkan\u0131 Vahap Se\u00e7er, Silifke Belediyesi taraf\u0131ndan ve Mersin B\u00fcy\u00fck\u015fehir Belediyesi&#8217;nin de destekleriyle bu y\u0131l 51.\u2019si d\u00fczenlenen Uluslararas\u0131 Silifke M\u00fczik ve Folklor Festivali\u2019nin a\u00e7\u0131l\u0131\u015f\u0131na kat\u0131ld\u0131. G\u00f6rkemli bir festival &hellip; <a href=\"https:\/\/akdenizolaygazetesi.com\/?p=31739\" class=\"more-link\">Devam\u0131n\u0131 Oku&#8230;<\/a><\/p>\n","protected":false},"author":2,"featured_media":31740,"comment_status":"open","ping_status":"open","sticky":false,"template":"","format":"standard","meta":[],"categories":[1,2,3],"tags":[],"_links":{"self":[{"href":"https:\/\/akdenizolaygazetesi.com\/index.php?rest_route=\/wp\/v2\/posts\/31739"}],"collection":[{"href":"https:\/\/akdenizolaygazetesi.com\/index.php?rest_route=\/wp\/v2\/posts"}],"about":[{"href":"https:\/\/akdenizolaygazetesi.com\/index.php?rest_route=\/wp\/v2\/types\/post"}],"author":[{"embeddable":true,"href":"https:\/\/akdenizolaygazetesi.com\/index.php?rest_route=\/wp\/v2\/users\/2"}],"replies":[{"embeddable":true,"href":"https:\/\/akdenizolaygazetesi.com\/index.php?rest_route=%2Fwp%2Fv2%2Fcomments&post=31739"}],"version-history":[{"count":1,"href":"https:\/\/akdenizolaygazetesi.com\/index.php?rest_route=\/wp\/v2\/posts\/31739\/revisions"}],"predecessor-version":[{"id":31741,"href":"https:\/\/akdenizolaygazetesi.com\/index.php?rest_route=\/wp\/v2\/posts\/31739\/revisions\/31741"}],"wp:featuredmedia":[{"embeddable":true,"href":"https:\/\/akdenizolaygazetesi.com\/index.php?rest_route=\/wp\/v2\/media\/31740"}],"wp:attachment":[{"href":"https:\/\/akdenizolaygazetesi.com\/index.php?rest_route=%2Fwp%2Fv2%2Fmedia&parent=31739"}],"wp:term":[{"taxonomy":"category","embeddable":true,"href":"https:\/\/akdenizolaygazetesi.com\/index.php?rest_route=%2Fwp%2Fv2%2Fcategories&post=31739"},{"taxonomy":"post_tag","embeddable":true,"href":"https:\/\/akdenizolaygazetesi.com\/index.php?rest_route=%2Fwp%2Fv2%2Ftags&post=31739"}],"curies":[{"name":"wp","href":"https:\/\/api.w.org\/{rel}","templated":true}]}}